{"id":14914,"date":"2022-06-19T13:00:00","date_gmt":"2022-06-19T18:00:00","guid":{"rendered":"https:\/\/cuernavaca.gob.mx\/?p=14914"},"modified":"2025-05-06T11:26:28","modified_gmt":"2025-05-06T17:26:28","slug":"b443-19-06-22-continua-la-limpieza-reparacion-y-sustitucion-de-alcantarillas-en-cuernavaca","status":"publish","type":"post","link":"https:\/\/cuernavaca.gob.mx\/?p=14914","title":{"rendered":"B443 19\/06\/22 CONTINUA LA LIMPIEZA, REPARACI\u00d3N Y SUSTITUCI\u00d3N DE ALCANTARILLAS EN CUERNAVACA"},"content":{"rendered":"\n<p><strong>Al dar inicio la temporada de lluvias, la Direcci\u00f3n General de Servicios P\u00fablicos realiza de manera permanente estas labores<\/strong><\/p>\n\n\n\n<p>A fin de eliminar riesgos de accidentes en v\u00eda p\u00fablica para los peatones y automovilistas, la Direcci\u00f3n General de Servicios P\u00fablicos adscrita a la Secretar\u00eda de Desarrollo Sustentable y Servicios P\u00fablicos de Cuernavaca implementa el&nbsp; programa de limpieza y desazolve de rejillas pluviales en toda la ciudad, as\u00ed como de reparaci\u00f3n y sustituci\u00f3n por desprendimiento o bien por el hurto de las mismas.<\/p>\n\n\n\n<p>El director general del \u00e1rea, Gerardo Abarca Pe\u00f1a, explic\u00f3 que los trabajos tienen como objeto prevenir anegamientos por el temporal de lluvias, pero tambi\u00e9n la detecci\u00f3n de rejillas de alcantarillado da\u00f1adas o que simplemente desaparecieron al ser robadas, afectando el tr\u00e1nsito vehicular, por lo cual hizo un atento llamado a la ciudadan\u00eda para que en cuanto vea acciones irregulares de esta naturaleza, denuncien de manera inmediata al n\u00famero telef\u00f3nico 070 o en las redes sociales oficiales de la Secretar\u00eda y del municipio.<\/p>\n\n\n\n<p>Se\u00f1al\u00f3 que, de un censo de aproximadamente mil 100 rejillas en todo el municipio, en materia de mantenimiento y limpieza atienden alrededor de cuatro a cinco diarias, mientras que para realizar reparaciones mayores por desprendimiento o bien por sustracci\u00f3n ilegal son entre una y dos rejillas pluviales diarias, siendo las avenidas principales el foco rojo en cuanto a esta situaci\u00f3n, \u201cdonde m\u00e1s tr\u00e1nsito vehicular hay, donde hay m\u00e1s gente, es donde hemos tenido m\u00e1s este tipo de robos\u201d.<\/p>\n\n\n\n<p>Coment\u00f3 que, previo a la \u00e9poca de lluvias, han estado haciendo recorridos de supervisi\u00f3n junto con Protecci\u00f3n Civil para verificar el estado de las zonas que cuentan con antecedentes de inundaciones, anticipando cualquier problema que pudiera afectar a los vecinos de estos lugares en las colonias Acapatzingo y La Lagunilla, avenida Gustavo D\u00edaz Ordaz, as\u00ed como calles Narciso Mendoza, Ciudad Chapultepec, entre otras.<\/p>\n\n\n\n<p>Aunado a ello, Gerardo Abarca refiri\u00f3 que la Direcci\u00f3n General de Desarrollo Sustentable en coordinaci\u00f3n con la Direcci\u00f3n de Barrancas han llevado a cabo acciones de limpieza en las barrancas de la ciudad, asegurando a trav\u00e9s de un plan integral el bienestar de toda la poblaci\u00f3n que reside en estos lugares.<\/p>\n\n\n\n<p>El director general de Servicios P\u00fablicos de Cuernavaca reconoci\u00f3 que prevenir inundaciones y taponamientos es una corresponsabilidad entre la autoridad y la ciudadan\u00eda, que con peque\u00f1os actos puede sumarse a estos esfuerzos, manteniendo el frente de sus casas limpias y no arrojando basura en las calles.<\/p>\n\n\n\n<p>\u201cHemos sacado muchos temas gracias a la participaci\u00f3n ciudadana tal y como nos lo ha instruido el presidente municipal, Jos\u00e9 Luis Uri\u00f3stegui Salgado. Han salido varias campa\u00f1as como \u201cAdopta un Espacio P\u00fablico\u201d, \u201cCuernavaca Limpia\u201d, en la que invitamos a la ciudadan\u00eda a que barra su frente y otras campa\u00f1as que se estar\u00e1n lanzando junto con la ciudadan\u00eda, record\u00e1ndoles que estamos haciendo esfuerzos importantes en todo el Ayuntamiento para que Cuernavaca renazca\u201d, concluy\u00f3 Gerardo Abarca.<\/p>\n\n\n\n<figure class=\"wp-container-2 wp-block-gallery-1 wp-block-gallery has-nested-images columns-default is-cropped\">\n<figure class=\"wp-block-image size-large\"><img loading=\"lazy\" width=\"1024\" height=\"768\" data-id=\"14916\"  src=\"https:\/\/cuernavaca.gob.mx\/wp-content\/uploads\/2022\/06\/Limpieza-SAPAC-alcantarillas-01-1024x768.jpg\" alt=\"\" class=\"wp-image-14916\" srcset=\"https:\/\/cuernavaca.gob.mx\/wp-content\/uploads\/2022\/06\/Limpieza-SAPAC-alcantarillas-01-1024x768.jpg 1024w, https:\/\/cuernavaca.gob.mx\/wp-content\/uploads\/2022\/06\/Limpieza-SAPAC-alcantarillas-01-300x225.jpg 300w, https:\/\/cuernavaca.gob.mx\/wp-content\/uploads\/2022\/06\/Limpieza-SAPAC-alcantarillas-01-768x576.jpg 768w, https:\/\/cuernavaca.gob.mx\/wp-content\/uploads\/2022\/06\/Limpieza-SAPAC-alcantarillas-01-1536x1152.jpg 1536w, https:\/\/cuernavaca.gob.mx\/wp-content\/uploads\/2022\/06\/Limpieza-SAPAC-alcantarillas-01-600x450.jpg 600w, https:\/\/cuernavaca.gob.mx\/wp-content\/uploads\/2022\/06\/Limpieza-SAPAC-alcantarillas-01-560x420.jpg 560w, https:\/\/cuernavaca.gob.mx\/wp-content\/uploads\/2022\/06\/Limpieza-SAPAC-alcantarillas-01.jpg 1600w\" sizes=\"(max-width: 1024px) 100vw, 1024px\" \/><\/figure>\n\n\n\n<figure class=\"wp-block-image size-large\"><img loading=\"lazy\" width=\"768\" height=\"1024\" data-id=\"14915\"  src=\"https:\/\/cuernavaca.gob.mx\/wp-content\/uploads\/2022\/06\/Limpieza-SAPAC-alcantarillas-02.jpg\" alt=\"\" class=\"wp-image-14915\" srcset=\"https:\/\/cuernavaca.gob.mx\/wp-content\/uploads\/2022\/06\/Limpieza-SAPAC-alcantarillas-02.jpg 768w, https:\/\/cuernavaca.gob.mx\/wp-content\/uploads\/2022\/06\/Limpieza-SAPAC-alcantarillas-02-225x300.jpg 225w, https:\/\/cuernavaca.gob.mx\/wp-content\/uploads\/2022\/06\/Limpieza-SAPAC-alcantarillas-02-450x600.jpg 450w, https:\/\/cuernavaca.gob.mx\/wp-content\/uploads\/2022\/06\/Limpieza-SAPAC-alcantarillas-02-420x560.jpg 420w\" sizes=\"(max-width: 768px) 100vw, 768px\" \/><\/figure>\n\n\n\n<figure class=\"wp-block-image size-large\"><img loading=\"lazy\" width=\"768\" height=\"1024\" data-id=\"14919\"  src=\"https:\/\/cuernavaca.gob.mx\/wp-content\/uploads\/2022\/06\/Limpieza-SAPAC-alcantarillas-03.jpg\" alt=\"\" class=\"wp-image-14919\" srcset=\"https:\/\/cuernavaca.gob.mx\/wp-content\/uploads\/2022\/06\/Limpieza-SAPAC-alcantarillas-03.jpg 768w, https:\/\/cuernavaca.gob.mx\/wp-content\/uploads\/2022\/06\/Limpieza-SAPAC-alcantarillas-03-225x300.jpg 225w, https:\/\/cuernavaca.gob.mx\/wp-content\/uploads\/2022\/06\/Limpieza-SAPAC-alcantarillas-03-450x600.jpg 450w, https:\/\/cuernavaca.gob.mx\/wp-content\/uploads\/2022\/06\/Limpieza-SAPAC-alcantarillas-03-420x560.jpg 420w\" sizes=\"(max-width: 768px) 100vw, 768px\" \/><\/figure>\n\n\n\n<figure class=\"wp-block-image size-large\"><img loading=\"lazy\" width=\"769\" height=\"1024\" data-id=\"14918\"  src=\"https:\/\/cuernavaca.gob.mx\/wp-content\/uploads\/2022\/06\/Limpieza-SAPAC-alcantarillas-04.jpg\" alt=\"\" class=\"wp-image-14918\" srcset=\"https:\/\/cuernavaca.gob.mx\/wp-content\/uploads\/2022\/06\/Limpieza-SAPAC-alcantarillas-04.jpg 769w, https:\/\/cuernavaca.gob.mx\/wp-content\/uploads\/2022\/06\/Limpieza-SAPAC-alcantarillas-04-225x300.jpg 225w, https:\/\/cuernavaca.gob.mx\/wp-content\/uploads\/2022\/06\/Limpieza-SAPAC-alcantarillas-04-451x600.jpg 451w, https:\/\/cuernavaca.gob.mx\/wp-content\/uploads\/2022\/06\/Limpieza-SAPAC-alcantarillas-04-421x560.jpg 421w\" sizes=\"(max-width: 769px) 100vw, 769px\" \/><\/figure>\n\n\n\n<figure class=\"wp-block-image size-large\"><img loading=\"lazy\" width=\"1024\" height=\"768\" data-id=\"14917\"  src=\"https:\/\/cuernavaca.gob.mx\/wp-content\/uploads\/2022\/06\/Limpieza-SAPAC-alcantarillas-05.jpg\" alt=\"\" class=\"wp-image-14917\" srcset=\"https:\/\/cuernavaca.gob.mx\/wp-content\/uploads\/2022\/06\/Limpieza-SAPAC-alcantarillas-05.jpg 1024w, https:\/\/cuernavaca.gob.mx\/wp-content\/uploads\/2022\/06\/Limpieza-SAPAC-alcantarillas-05-300x225.jpg 300w, https:\/\/cuernavaca.gob.mx\/wp-content\/uploads\/2022\/06\/Limpieza-SAPAC-alcantarillas-05-768x576.jpg 768w, https:\/\/cuernavaca.gob.mx\/wp-content\/uploads\/2022\/06\/Limpieza-SAPAC-alcantarillas-05-600x450.jpg 600w, https:\/\/cuernavaca.gob.mx\/wp-content\/uploads\/2022\/06\/Limpieza-SAPAC-alcantarillas-05-560x420.jpg 560w\" sizes=\"(max-width: 1024px) 100vw, 1024px\" \/><\/figure>\n<\/figure>\n","protected":false},"excerpt":{"rendered":"<p>Al dar inicio la temporada de lluvias, la Direcci\u00f3n General de Servicios P\u00fablicos realiza de manera permanente estas labores A fin de eliminar riesgos de accidentes en v\u00eda p\u00fablica para los peatones y automovilistas, la Direcci\u00f3n General de Servicios P\u00fablicos adscrita a la Secretar\u00eda de Desarrollo Sustentable y Servicios P\u00fablicos de Cuernavaca implementa el&nbsp; programa [&hellip;]<\/p>\n","protected":false},"author":1,"featured_media":14917,"comment_status":"closed","ping_status":"closed","sticky":false,"template":"","format":"standard","meta":[],"categories":[20],"tags":[1585,121,302,1166,120,218,1586,124,138],"aioseo_notices":[],"_links":{"self":[{"href":"https:\/\/cuernavaca.gob.mx\/index.php?rest_route=\/wp\/v2\/posts\/14914"}],"collection":[{"href":"https:\/\/cuernavaca.gob.mx\/index.php?rest_route=\/wp\/v2\/posts"}],"about":[{"href":"https:\/\/cuernavaca.gob.mx\/index.php?rest_route=\/wp\/v2\/types\/post"}],"author":[{"embeddable":true,"href":"https:\/\/cuernavaca.gob.mx\/index.php?rest_route=\/wp\/v2\/users\/1"}],"replies":[{"embeddable":true,"href":"https:\/\/cuernavaca.gob.mx\/index.php?rest_route=%2Fwp%2Fv2%2Fcomments&post=14914"}],"version-history":[{"count":1,"href":"https:\/\/cuernavaca.gob.mx\/index.php?rest_route=\/wp\/v2\/posts\/14914\/revisions"}],"predecessor-version":[{"id":14920,"href":"https:\/\/cuernavaca.gob.mx\/index.php?rest_route=\/wp\/v2\/posts\/14914\/revisions\/14920"}],"wp:featuredmedia":[{"embeddable":true,"href":"https:\/\/cuernavaca.gob.mx\/index.php?rest_route=\/wp\/v2\/media\/14917"}],"wp:attachment":[{"href":"https:\/\/cuernavaca.gob.mx\/index.php?rest_route=%2Fwp%2Fv2%2Fmedia&parent=14914"}],"wp:term":[{"taxonomy":"category","embeddable":true,"href":"https:\/\/cuernavaca.gob.mx\/index.php?rest_route=%2Fwp%2Fv2%2Fcategories&post=14914"},{"taxonomy":"post_tag","embeddable":true,"href":"https:\/\/cuernavaca.gob.mx\/index.php?rest_route=%2Fwp%2Fv2%2Ftags&post=14914"}],"curies":[{"name":"wp","href":"https:\/\/api.w.org\/{rel}","templated":true}]}}