{"id":14970,"date":"2022-06-21T09:00:00","date_gmt":"2022-06-21T14:00:00","guid":{"rendered":"https:\/\/cuernavaca.gob.mx\/?p=14970"},"modified":"2025-05-06T11:26:58","modified_gmt":"2025-05-06T17:26:58","slug":"f091-21-06-22-responden-cuadrillas-operativas-del-sapac-a-reportes-ciudadanos","status":"publish","type":"post","link":"https:\/\/cuernavaca.gob.mx\/?p=14970","title":{"rendered":"F091 21\/06\/22 RESPONDEN CUADRILLAS OPERATIVAS DEL SAPAC A REPORTES CIUDADANOS"},"content":{"rendered":"\n<p>En fin de semana los trabajos de reparaci\u00f3n de fugas contin\u00faan, por ello, cuadrillas operativas del Sistema de Agua Potable y Alcantarillado de Cuernavaca (SAPAC) atendieron 12 fugas y llevaron a cabo 4 sondeos en diferentes puntos de la capital morelense para dar paso con las labores de reparaci\u00f3n correspondientes.<\/p>\n\n\n\n<p>En lo que respecta a las acciones de reparaci\u00f3n, se desarrollaron en las colonias Ruiz Cortines, Ciudad Chapultepec, Volcanes, Centro, Reforma, La Pradera, Las \u00c1guilas, Adolfo L\u00f3pez Mateos, Alta Vista y Ampliaci\u00f3n Ruiz Cortines.<\/p>\n\n\n\n<p>De manera paralela, se llevaron a cabo las labores de b\u00fasqueda y localizaci\u00f3n de fugas en las zonas de Lomas Palmira, Chamilpa, Chipitl\u00e1n y Lomas de Cort\u00e9s.<\/p>\n\n\n\n<p>Invitamos a la ciudadan\u00eda a seguir contribuyendo con sus reportes, por medio de nuestro Centro de Atenci\u00f3n Telef\u00f3nica (CAT) a trav\u00e9s de los n\u00fameros 777 5 40 26 12, terminaci\u00f3n 22, 33, 03, 17 y 28, por WhatsApp 777 3 84 99 37, 777 3 87 01 59, 777 3 87 04 71, 777 3 88 04 90, 777 3 88 09 25 y el 777 3 88 09 42; o por nuestras redes sociales oficiales en Twitter @SAPACCuernavaca y en Facebook a trav\u00e9s de SAPAC Cuernavaca.<\/p>\n\n\n\n<figure class=\"wp-container-2 wp-block-gallery-1 wp-block-gallery has-nested-images columns-default is-cropped\">\n<figure class=\"wp-block-image size-large\"><img loading=\"lazy\" width=\"768\" height=\"1024\" data-id=\"14972\"  src=\"https:\/\/cuernavaca.gob.mx\/wp-content\/uploads\/2022\/06\/Cuadrillas-de-SAPAC-01-768x1024.jpg\" alt=\"\" class=\"wp-image-14972\" srcset=\"https:\/\/cuernavaca.gob.mx\/wp-content\/uploads\/2022\/06\/Cuadrillas-de-SAPAC-01-768x1024.jpg 768w, https:\/\/cuernavaca.gob.mx\/wp-content\/uploads\/2022\/06\/Cuadrillas-de-SAPAC-01-225x300.jpg 225w, https:\/\/cuernavaca.gob.mx\/wp-content\/uploads\/2022\/06\/Cuadrillas-de-SAPAC-01-450x600.jpg 450w, https:\/\/cuernavaca.gob.mx\/wp-content\/uploads\/2022\/06\/Cuadrillas-de-SAPAC-01-420x560.jpg 420w, https:\/\/cuernavaca.gob.mx\/wp-content\/uploads\/2022\/06\/Cuadrillas-de-SAPAC-01.jpg 960w\" sizes=\"(max-width: 768px) 100vw, 768px\" \/><\/figure>\n\n\n\n<figure class=\"wp-block-image size-large\"><img loading=\"lazy\" width=\"768\" height=\"1024\" data-id=\"14975\"  src=\"https:\/\/cuernavaca.gob.mx\/wp-content\/uploads\/2022\/06\/Cuadrillas-de-SAPAC-02-768x1024.jpg\" alt=\"\" class=\"wp-image-14975\" srcset=\"https:\/\/cuernavaca.gob.mx\/wp-content\/uploads\/2022\/06\/Cuadrillas-de-SAPAC-02-768x1024.jpg 768w, https:\/\/cuernavaca.gob.mx\/wp-content\/uploads\/2022\/06\/Cuadrillas-de-SAPAC-02-225x300.jpg 225w, https:\/\/cuernavaca.gob.mx\/wp-content\/uploads\/2022\/06\/Cuadrillas-de-SAPAC-02-1152x1536.jpg 1152w, https:\/\/cuernavaca.gob.mx\/wp-content\/uploads\/2022\/06\/Cuadrillas-de-SAPAC-02-450x600.jpg 450w, https:\/\/cuernavaca.gob.mx\/wp-content\/uploads\/2022\/06\/Cuadrillas-de-SAPAC-02-420x560.jpg 420w, https:\/\/cuernavaca.gob.mx\/wp-content\/uploads\/2022\/06\/Cuadrillas-de-SAPAC-02.jpg 1200w\" sizes=\"(max-width: 768px) 100vw, 768px\" \/><\/figure>\n\n\n\n<figure class=\"wp-block-image size-large\"><img loading=\"lazy\" width=\"771\" height=\"1024\" data-id=\"14973\"  src=\"https:\/\/cuernavaca.gob.mx\/wp-content\/uploads\/2022\/06\/Cuadrillas-de-SAPAC-03-771x1024.jpg\" alt=\"\" class=\"wp-image-14973\" srcset=\"https:\/\/cuernavaca.gob.mx\/wp-content\/uploads\/2022\/06\/Cuadrillas-de-SAPAC-03-771x1024.jpg 771w, https:\/\/cuernavaca.gob.mx\/wp-content\/uploads\/2022\/06\/Cuadrillas-de-SAPAC-03-226x300.jpg 226w, https:\/\/cuernavaca.gob.mx\/wp-content\/uploads\/2022\/06\/Cuadrillas-de-SAPAC-03-768x1021.jpg 768w, https:\/\/cuernavaca.gob.mx\/wp-content\/uploads\/2022\/06\/Cuadrillas-de-SAPAC-03-1156x1536.jpg 1156w, https:\/\/cuernavaca.gob.mx\/wp-content\/uploads\/2022\/06\/Cuadrillas-de-SAPAC-03-452x600.jpg 452w, https:\/\/cuernavaca.gob.mx\/wp-content\/uploads\/2022\/06\/Cuadrillas-de-SAPAC-03-421x560.jpg 421w, https:\/\/cuernavaca.gob.mx\/wp-content\/uploads\/2022\/06\/Cuadrillas-de-SAPAC-03.jpg 1204w\" sizes=\"(max-width: 771px) 100vw, 771px\" \/><\/figure>\n\n\n\n<figure class=\"wp-block-image size-large\"><img loading=\"lazy\" width=\"768\" height=\"1024\" data-id=\"14974\"  src=\"https:\/\/cuernavaca.gob.mx\/wp-content\/uploads\/2022\/06\/Cuadrillas-de-SAPAC-04-768x1024.jpg\" alt=\"\" class=\"wp-image-14974\" srcset=\"https:\/\/cuernavaca.gob.mx\/wp-content\/uploads\/2022\/06\/Cuadrillas-de-SAPAC-04-768x1024.jpg 768w, https:\/\/cuernavaca.gob.mx\/wp-content\/uploads\/2022\/06\/Cuadrillas-de-SAPAC-04-225x300.jpg 225w, https:\/\/cuernavaca.gob.mx\/wp-content\/uploads\/2022\/06\/Cuadrillas-de-SAPAC-04-450x600.jpg 450w, https:\/\/cuernavaca.gob.mx\/wp-content\/uploads\/2022\/06\/Cuadrillas-de-SAPAC-04-420x560.jpg 420w, https:\/\/cuernavaca.gob.mx\/wp-content\/uploads\/2022\/06\/Cuadrillas-de-SAPAC-04.jpg 960w\" sizes=\"(max-width: 768px) 100vw, 768px\" \/><\/figure>\n\n\n\n<figure class=\"wp-block-image size-large\"><img loading=\"lazy\" width=\"768\" height=\"1024\" data-id=\"14971\"  src=\"https:\/\/cuernavaca.gob.mx\/wp-content\/uploads\/2022\/06\/Cuadrillas-de-SAPAC-05-768x1024.jpg\" alt=\"\" class=\"wp-image-14971\" srcset=\"https:\/\/cuernavaca.gob.mx\/wp-content\/uploads\/2022\/06\/Cuadrillas-de-SAPAC-05-768x1024.jpg 768w, https:\/\/cuernavaca.gob.mx\/wp-content\/uploads\/2022\/06\/Cuadrillas-de-SAPAC-05-225x300.jpg 225w, https:\/\/cuernavaca.gob.mx\/wp-content\/uploads\/2022\/06\/Cuadrillas-de-SAPAC-05-1152x1536.jpg 1152w, https:\/\/cuernavaca.gob.mx\/wp-content\/uploads\/2022\/06\/Cuadrillas-de-SAPAC-05-450x600.jpg 450w, https:\/\/cuernavaca.gob.mx\/wp-content\/uploads\/2022\/06\/Cuadrillas-de-SAPAC-05-420x560.jpg 420w, https:\/\/cuernavaca.gob.mx\/wp-content\/uploads\/2022\/06\/Cuadrillas-de-SAPAC-05.jpg 1200w\" sizes=\"(max-width: 768px) 100vw, 768px\" \/><\/figure>\n<\/figure>\n","protected":false},"excerpt":{"rendered":"<p>En fin de semana los trabajos de reparaci\u00f3n de fugas contin\u00faan, por ello, cuadrillas operativas del Sistema de Agua Potable y Alcantarillado de Cuernavaca (SAPAC) atendieron 12 fugas y llevaron a cabo 4 sondeos en diferentes puntos de la capital morelense para dar paso con las labores de reparaci\u00f3n correspondientes. En lo que respecta a [&hellip;]<\/p>\n","protected":false},"author":1,"featured_media":14974,"comment_status":"closed","ping_status":"closed","sticky":false,"template":"","format":"standard","meta":[],"categories":[20,145],"tags":[1598,121,822,120,1599,1560,124],"aioseo_notices":[],"_links":{"self":[{"href":"https:\/\/cuernavaca.gob.mx\/index.php?rest_route=\/wp\/v2\/posts\/14970"}],"collection":[{"href":"https:\/\/cuernavaca.gob.mx\/index.php?rest_route=\/wp\/v2\/posts"}],"about":[{"href":"https:\/\/cuernavaca.gob.mx\/index.php?rest_route=\/wp\/v2\/types\/post"}],"author":[{"embeddable":true,"href":"https:\/\/cuernavaca.gob.mx\/index.php?rest_route=\/wp\/v2\/users\/1"}],"replies":[{"embeddable":true,"href":"https:\/\/cuernavaca.gob.mx\/index.php?rest_route=%2Fwp%2Fv2%2Fcomments&post=14970"}],"version-history":[{"count":1,"href":"https:\/\/cuernavaca.gob.mx\/index.php?rest_route=\/wp\/v2\/posts\/14970\/revisions"}],"predecessor-version":[{"id":14976,"href":"https:\/\/cuernavaca.gob.mx\/index.php?rest_route=\/wp\/v2\/posts\/14970\/revisions\/14976"}],"wp:featuredmedia":[{"embeddable":true,"href":"https:\/\/cuernavaca.gob.mx\/index.php?rest_route=\/wp\/v2\/media\/14974"}],"wp:attachment":[{"href":"https:\/\/cuernavaca.gob.mx\/index.php?rest_route=%2Fwp%2Fv2%2Fmedia&parent=14970"}],"wp:term":[{"taxonomy":"category","embeddable":true,"href":"https:\/\/cuernavaca.gob.mx\/index.php?rest_route=%2Fwp%2Fv2%2Fcategories&post=14970"},{"taxonomy":"post_tag","embeddable":true,"href":"https:\/\/cuernavaca.gob.mx\/index.php?rest_route=%2Fwp%2Fv2%2Ftags&post=14970"}],"curies":[{"name":"wp","href":"https:\/\/api.w.org\/{rel}","templated":true}]}}