{"id":14977,"date":"2022-06-21T11:00:00","date_gmt":"2022-06-21T16:00:00","guid":{"rendered":"https:\/\/cuernavaca.gob.mx\/?p=14977"},"modified":"2025-05-06T11:26:58","modified_gmt":"2025-05-06T17:26:58","slug":"b448-21-06-22-la-proteccion-civil-tiene-prioridad-absoluta-para-el-ayuntamiento-de-cuernavaca","status":"publish","type":"post","link":"https:\/\/cuernavaca.gob.mx\/?p=14977","title":{"rendered":"B448 21\/06\/22 LA PROTECCI\u00d3N CIVIL TIENE PRIORIDAD ABSOLUTA PARA EL AYUNTAMIENTO DE CUERNAVACA"},"content":{"rendered":"\n<p><strong>El presidente municipal Jos\u00e9 Luis Uri\u00f3stegui tom\u00f3 protesta como integrante del Consejo Estatal de Protecci\u00f3n Civil<\/strong><\/p>\n\n\n\n<p><strong>La Coordinaci\u00f3n Municipal de Protecci\u00f3n Civil elabor\u00f3 un Plan y un esquema para prevenir riesgos en la temporada de lluvias<\/strong><\/p>\n\n\n\n<p>En tan solo cinco meses, la Coordinaci\u00f3n Municipal de Protecci\u00f3n Civil de Cuernavaca ha consolidado un plan de trabajo que previene, mitiga y erradica riesgos previsibles e incluso se anticipa a fen\u00f3menos naturales, dando una atenci\u00f3n eficaz e inmediata en un trabajo coordinado y de concientizaci\u00f3n con la poblaci\u00f3n.<\/p>\n\n\n\n<p>En el marco de la primera sesi\u00f3n ordinaria 2022 del Consejo Estatal de Protecci\u00f3n Civil Morelos, el presidente municipal, Jos\u00e9 Luis Uri\u00f3stegui Salgado tom\u00f3 protesta como integrante, donde reconoci\u00f3 la importancia de formar parte de este \u00f3rgano que fortalecer\u00e1 las acciones que ha emprendido el Ayuntamiento capitalino, aplicando de manera espec\u00edfica una gu\u00eda de riesgos detectada para Cuernavaca.<\/p>\n\n\n\n<p>Acompa\u00f1ado de la secretaria de Protecci\u00f3n y Auxilio Ciudadano (SEPRAC), Alicia V\u00e1zquez Luna, afirm\u00f3 que para el Ayuntamiento de Cuernavaca la Protecci\u00f3n Civil es prioritaria absoluta, manteniendo una coordinaci\u00f3n estrecha con esta \u00e1rea a nivel estatal e instalando, desde principios de a\u00f1o, el Consejo Municipal de Protecci\u00f3n Civil, que tiene la tarea de pensar en los riesgos previsibles y generar, a la par, un Comit\u00e9 de Crisis para que ante cualquier fen\u00f3meno natural se pueda dar una atenci\u00f3n eficaz e inmediata.<\/p>\n\n\n\n<p>En este sentido, Jos\u00e9 Luis Uri\u00f3stegui, aclar\u00f3 que los trabajos de la Coordinaci\u00f3n Municipal de Protecci\u00f3n Civil no se han frenado, estando al frente un encargado de despacho que ha dado seguimiento a cada una de las acciones.<\/p>\n\n\n\n<p>Por su lado, la titular de la SEPRAC, Alicia V\u00e1zquez Luna, inform\u00f3 que entre las acciones emprendidas por Protecci\u00f3n Civil Municipal ha elaborado su propio Plan de Riesgos, que en breve se distribuir\u00e1 entre la poblaci\u00f3n para prevenir incidentes que en ocasiones son provocados por la misma conducta humana y en otros por desastres naturales.<\/p>\n\n\n\n<p>Aunado a ello, precis\u00f3 que en base a la distinci\u00f3n que la administraci\u00f3n municipal ha tenido, se han llevado a cabo limpias constantes en coladeras y en las calles de la ciudad para evitar la acumulaci\u00f3n de basura, estancamientos y accidentes, en especial durante esta temporada de lluvias, para la cual han generado un esquema que plantea guiar a las habitantes de comunidades de alto riesgo, a fin de salvaguardar su integridad y su patrimonio.<\/p>\n\n\n\n<p>&#8220;Decirle a la poblaci\u00f3n que hoy es muy importante que los residuos o desechos diarios no se dejen en las calles precisamente porque estas lluvias las coladeras se tapan y eso puede generar no solo da\u00f1os en las v\u00edas, sino tambi\u00e9n al caminar o al transitar con un veh\u00edculo se pueden generar algunos conflictos que pueden poner en riesgo su vida. Entonces evitarlos todos para la colaboraci\u00f3n en conjunto que nos permite no tener ning\u00fan sobresalto en esta temporada de lluvias&#8221;, exclam\u00f3.<\/p>\n\n\n\n<p>La primera sesi\u00f3n ordinaria 2022 del Consejo Estatal de Protecci\u00f3n Civil Morelos fue encabezada por el gobernador del estado, Cuauht\u00e9moc Blanco Bravo y el titular de la Coordinaci\u00f3n Estatal de Protecci\u00f3n Civil Morelos, Pedro Enrique Clement Gallardo.<\/p>\n\n\n\n<p>En el evento estuvieron presentes como integrantes del \u00f3rgano, el General de Brigada Diplomado de Estado Mayor, Jorge Antonio Maldonado Guevara, comandante de la 24\/a Zona Militar; Andr\u00e9s Eduardo Galv\u00e1n Torres, director general del Organismo Cuenca Balsas de la Comisi\u00f3n Nacional del Agua (Conagua); miembros de gabinete estatal, diputadas y diputados locales alcaldes, as\u00ed como presidentas y presidentes municipales y representantes de los municipios del estado.<\/p>\n\n\n\n<figure class=\"wp-container-2 wp-block-gallery-1 wp-block-gallery has-nested-images columns-default is-cropped\">\n<figure class=\"wp-block-image size-large\"><img loading=\"lazy\" width=\"1024\" height=\"576\" data-id=\"14978\"  src=\"https:\/\/cuernavaca.gob.mx\/wp-content\/uploads\/2022\/06\/Consejo-Estatal-de-Proteccio\u0301n-Civil-01-1024x576.jpg\" alt=\"\" class=\"wp-image-14978\" srcset=\"https:\/\/cuernavaca.gob.mx\/wp-content\/uploads\/2022\/06\/Consejo-Estatal-de-Proteccio\u0301n-Civil-01-1024x576.jpg 1024w, https:\/\/cuernavaca.gob.mx\/wp-content\/uploads\/2022\/06\/Consejo-Estatal-de-Proteccio\u0301n-Civil-01-300x169.jpg 300w, https:\/\/cuernavaca.gob.mx\/wp-content\/uploads\/2022\/06\/Consejo-Estatal-de-Proteccio\u0301n-Civil-01-768x432.jpg 768w, https:\/\/cuernavaca.gob.mx\/wp-content\/uploads\/2022\/06\/Consejo-Estatal-de-Proteccio\u0301n-Civil-01-600x338.jpg 600w, https:\/\/cuernavaca.gob.mx\/wp-content\/uploads\/2022\/06\/Consejo-Estatal-de-Proteccio\u0301n-Civil-01-560x315.jpg 560w, https:\/\/cuernavaca.gob.mx\/wp-content\/uploads\/2022\/06\/Consejo-Estatal-de-Proteccio\u0301n-Civil-01.jpg 1280w\" sizes=\"(max-width: 1024px) 100vw, 1024px\" \/><\/figure>\n\n\n\n<figure class=\"wp-block-image size-large\"><img loading=\"lazy\" width=\"1024\" height=\"576\" data-id=\"14982\"  src=\"https:\/\/cuernavaca.gob.mx\/wp-content\/uploads\/2022\/06\/Consejo-Estatal-de-Proteccio\u0301n-Civil-02-1024x576.jpg\" alt=\"\" class=\"wp-image-14982\" srcset=\"https:\/\/cuernavaca.gob.mx\/wp-content\/uploads\/2022\/06\/Consejo-Estatal-de-Proteccio\u0301n-Civil-02-1024x576.jpg 1024w, https:\/\/cuernavaca.gob.mx\/wp-content\/uploads\/2022\/06\/Consejo-Estatal-de-Proteccio\u0301n-Civil-02-300x169.jpg 300w, https:\/\/cuernavaca.gob.mx\/wp-content\/uploads\/2022\/06\/Consejo-Estatal-de-Proteccio\u0301n-Civil-02-768x432.jpg 768w, https:\/\/cuernavaca.gob.mx\/wp-content\/uploads\/2022\/06\/Consejo-Estatal-de-Proteccio\u0301n-Civil-02-600x338.jpg 600w, https:\/\/cuernavaca.gob.mx\/wp-content\/uploads\/2022\/06\/Consejo-Estatal-de-Proteccio\u0301n-Civil-02-560x315.jpg 560w, https:\/\/cuernavaca.gob.mx\/wp-content\/uploads\/2022\/06\/Consejo-Estatal-de-Proteccio\u0301n-Civil-02.jpg 1280w\" sizes=\"(max-width: 1024px) 100vw, 1024px\" \/><\/figure>\n\n\n\n<figure class=\"wp-block-image size-large\"><img loading=\"lazy\" width=\"1024\" height=\"682\" data-id=\"14979\"  src=\"https:\/\/cuernavaca.gob.mx\/wp-content\/uploads\/2022\/06\/Consejo-Estatal-de-Proteccio\u0301n-Civil-03-1024x682.jpg\" alt=\"\" class=\"wp-image-14979\" srcset=\"https:\/\/cuernavaca.gob.mx\/wp-content\/uploads\/2022\/06\/Consejo-Estatal-de-Proteccio\u0301n-Civil-03-1024x682.jpg 1024w, https:\/\/cuernavaca.gob.mx\/wp-content\/uploads\/2022\/06\/Consejo-Estatal-de-Proteccio\u0301n-Civil-03-300x200.jpg 300w, https:\/\/cuernavaca.gob.mx\/wp-content\/uploads\/2022\/06\/Consejo-Estatal-de-Proteccio\u0301n-Civil-03-768x512.jpg 768w, https:\/\/cuernavaca.gob.mx\/wp-content\/uploads\/2022\/06\/Consejo-Estatal-de-Proteccio\u0301n-Civil-03-600x400.jpg 600w, https:\/\/cuernavaca.gob.mx\/wp-content\/uploads\/2022\/06\/Consejo-Estatal-de-Proteccio\u0301n-Civil-03-560x373.jpg 560w, https:\/\/cuernavaca.gob.mx\/wp-content\/uploads\/2022\/06\/Consejo-Estatal-de-Proteccio\u0301n-Civil-03.jpg 1280w\" sizes=\"(max-width: 1024px) 100vw, 1024px\" \/><\/figure>\n\n\n\n<figure class=\"wp-block-image size-large\"><img loading=\"lazy\" width=\"1024\" height=\"683\" data-id=\"14981\"  src=\"https:\/\/cuernavaca.gob.mx\/wp-content\/uploads\/2022\/06\/Consejo-Estatal-de-Proteccio\u0301n-Civil-04.jpg\" alt=\"\" class=\"wp-image-14981\" srcset=\"https:\/\/cuernavaca.gob.mx\/wp-content\/uploads\/2022\/06\/Consejo-Estatal-de-Proteccio\u0301n-Civil-04.jpg 1024w, https:\/\/cuernavaca.gob.mx\/wp-content\/uploads\/2022\/06\/Consejo-Estatal-de-Proteccio\u0301n-Civil-04-300x200.jpg 300w, https:\/\/cuernavaca.gob.mx\/wp-content\/uploads\/2022\/06\/Consejo-Estatal-de-Proteccio\u0301n-Civil-04-768x512.jpg 768w, https:\/\/cuernavaca.gob.mx\/wp-content\/uploads\/2022\/06\/Consejo-Estatal-de-Proteccio\u0301n-Civil-04-600x400.jpg 600w, https:\/\/cuernavaca.gob.mx\/wp-content\/uploads\/2022\/06\/Consejo-Estatal-de-Proteccio\u0301n-Civil-04-560x374.jpg 560w\" sizes=\"(max-width: 1024px) 100vw, 1024px\" \/><\/figure>\n\n\n\n<figure class=\"wp-block-image size-large\"><img loading=\"lazy\" width=\"1024\" height=\"687\" data-id=\"14980\"  src=\"https:\/\/cuernavaca.gob.mx\/wp-content\/uploads\/2022\/06\/Consejo-Estatal-de-Proteccio\u0301n-Civil-05-1024x687.jpg\" alt=\"\" class=\"wp-image-14980\" srcset=\"https:\/\/cuernavaca.gob.mx\/wp-content\/uploads\/2022\/06\/Consejo-Estatal-de-Proteccio\u0301n-Civil-05-1024x687.jpg 1024w, https:\/\/cuernavaca.gob.mx\/wp-content\/uploads\/2022\/06\/Consejo-Estatal-de-Proteccio\u0301n-Civil-05-300x201.jpg 300w, https:\/\/cuernavaca.gob.mx\/wp-content\/uploads\/2022\/06\/Consejo-Estatal-de-Proteccio\u0301n-Civil-05-768x515.jpg 768w, https:\/\/cuernavaca.gob.mx\/wp-content\/uploads\/2022\/06\/Consejo-Estatal-de-Proteccio\u0301n-Civil-05-600x402.jpg 600w, https:\/\/cuernavaca.gob.mx\/wp-content\/uploads\/2022\/06\/Consejo-Estatal-de-Proteccio\u0301n-Civil-05-560x375.jpg 560w, https:\/\/cuernavaca.gob.mx\/wp-content\/uploads\/2022\/06\/Consejo-Estatal-de-Proteccio\u0301n-Civil-05.jpg 1211w\" sizes=\"(max-width: 1024px) 100vw, 1024px\" \/><\/figure>\n<\/figure>\n","protected":false},"excerpt":{"rendered":"<p>El presidente municipal Jos\u00e9 Luis Uri\u00f3stegui tom\u00f3 protesta como integrante del Consejo Estatal de Protecci\u00f3n Civil La Coordinaci\u00f3n Municipal de Protecci\u00f3n Civil elabor\u00f3 un Plan y un esquema para prevenir riesgos en la temporada de lluvias En tan solo cinco meses, la Coordinaci\u00f3n Municipal de Protecci\u00f3n Civil de Cuernavaca ha consolidado un plan de trabajo [&hellip;]<\/p>\n","protected":false},"author":1,"featured_media":14980,"comment_status":"closed","ping_status":"closed","sticky":false,"template":"","format":"standard","meta":[],"categories":[20,17],"tags":[142,1600,121,120,206,340,172,252],"aioseo_notices":[],"_links":{"self":[{"href":"https:\/\/cuernavaca.gob.mx\/index.php?rest_route=\/wp\/v2\/posts\/14977"}],"collection":[{"href":"https:\/\/cuernavaca.gob.mx\/index.php?rest_route=\/wp\/v2\/posts"}],"about":[{"href":"https:\/\/cuernavaca.gob.mx\/index.php?rest_route=\/wp\/v2\/types\/post"}],"author":[{"embeddable":true,"href":"https:\/\/cuernavaca.gob.mx\/index.php?rest_route=\/wp\/v2\/users\/1"}],"replies":[{"embeddable":true,"href":"https:\/\/cuernavaca.gob.mx\/index.php?rest_route=%2Fwp%2Fv2%2Fcomments&post=14977"}],"version-history":[{"count":1,"href":"https:\/\/cuernavaca.gob.mx\/index.php?rest_route=\/wp\/v2\/posts\/14977\/revisions"}],"predecessor-version":[{"id":14983,"href":"https:\/\/cuernavaca.gob.mx\/index.php?rest_route=\/wp\/v2\/posts\/14977\/revisions\/14983"}],"wp:featuredmedia":[{"embeddable":true,"href":"https:\/\/cuernavaca.gob.mx\/index.php?rest_route=\/wp\/v2\/media\/14980"}],"wp:attachment":[{"href":"https:\/\/cuernavaca.gob.mx\/index.php?rest_route=%2Fwp%2Fv2%2Fmedia&parent=14977"}],"wp:term":[{"taxonomy":"category","embeddable":true,"href":"https:\/\/cuernavaca.gob.mx\/index.php?rest_route=%2Fwp%2Fv2%2Fcategories&post=14977"},{"taxonomy":"post_tag","embeddable":true,"href":"https:\/\/cuernavaca.gob.mx\/index.php?rest_route=%2Fwp%2Fv2%2Ftags&post=14977"}],"curies":[{"name":"wp","href":"https:\/\/api.w.org\/{rel}","templated":true}]}}