{"id":15001,"date":"2022-06-21T18:00:00","date_gmt":"2022-06-21T23:00:00","guid":{"rendered":"https:\/\/cuernavaca.gob.mx\/?p=15001"},"modified":"2025-05-06T11:26:57","modified_gmt":"2025-05-06T17:26:57","slug":"comunicado-21-06-22-coordinacion-proteccion-civil-del-municipio-de-cuernavaca","status":"publish","type":"post","link":"https:\/\/cuernavaca.gob.mx\/?p=15001","title":{"rendered":"COMUNICADO 21\/06\/22 COORDINACI\u00d3N PROTECCI\u00d3N CIVIL DEL MUNICIPIO DE CUERNAVACA"},"content":{"rendered":"\n<p>La Coordinaci\u00f3n de Protecci\u00f3n Civil del municipio de Cuernavaca atendi\u00f3 la tarde de este martes el reporte de auxilio, en las inmediaciones de los Patios de la Estaci\u00f3n frente a la terminal de autobuses Pullman de Morelos La Selva, donde se registr\u00f3 la ca\u00edda desde su ra\u00edz de un \u00e1rbol eucalipto de gran tama\u00f1o, sobre un veh\u00edculo que transitaba por la avenida Plan de Ayala causando da\u00f1os materiales.<\/p>\n\n\n\n<p>Se trata de una camioneta Audi Q5 placas del estado de Morelos, que transportaba a dos personas que resultaron ilesas, no as\u00ed el autom\u00f3vil que presenta da\u00f1os en cofre, parabrisas, espejos laterales, techo y quemacocos.<\/p>\n\n\n\n<p>Personal de Protecci\u00f3n Civil municipal con apoyo de Bomberos de Cuernavaca y trabajadores de la Secretar\u00eda de Desarrollo Sustentable y Servicios P\u00fablicos, implementaron acciones para rescatar a las personas al interior del veh\u00edculo, as\u00ed como a retirar el \u00e1rbol colapsado con equipo y personal de parques y jardines.<\/p>\n\n\n\n<p>Con apoyo de la polic\u00eda vial y la presencia de una gr\u00faa, se retir\u00f3 la camioneta da\u00f1ada y restablecer el tr\u00e1nsito vehicular previo acordonamiento de la zona de riesgo.<\/p>\n\n\n\n<p>Tambi\u00e9n fue atendido un apoyo para retirar dos \u00e1rboles m\u00e1s, un pino cipr\u00e9s que cay\u00f3 en Subida a Chalma a altura de una tienda de conveniencia de la Colonia Lomas de Atzingo afectando cableado de la zona y siendo retirado por personal de Protecci\u00f3n Civil del municipio.<\/p>\n\n\n\n<p>En la calle 5 de febrero de la colonia Acapatzingo, se retir\u00f3 un \u00e1rbol de la especie guayabo que se quebr\u00f3 una de sus ramas y qued\u00f3 recargado sobre malla y cableado de telecomunicaciones, generando un alto riesgo de caer sobre arroyo vehicular, interviniendo personal de Protecci\u00f3n Civil y Servicios P\u00fablicos municipales.<\/p>\n\n\n\n<p>Por otra parte, se atendieron otros llamados por una barda colapsada y ca\u00edda de \u00e1rboles en la calle Vicente Guerrero antes de la tienda Home Depot donde un \u00e1rbol ficus que se encontraba en una jardinera cay\u00f3 en el costado de una camioneta que circulaba con direcci\u00f3n norte; en Coronel Ahumada colonia Volcanes se report\u00f3 otro incidente menor, al igual que en calle Jantetelco, colonia Reforma; Juan Ruiz de Alarc\u00f3n en Tezontepec y en la calle Abraham Zepeda frente a Telmex, colonia Rancho Cort\u00e9s<\/p>\n\n\n\n<figure class=\"wp-container-2 wp-block-gallery-1 wp-block-gallery has-nested-images columns-default is-cropped\">\n<figure class=\"wp-block-image size-large\"><img loading=\"lazy\" width=\"720\" height=\"529\" data-id=\"15007\"  src=\"https:\/\/cuernavaca.gob.mx\/wp-content\/uploads\/2022\/06\/PC-Lluvias-junio-01.jpg\" alt=\"\" class=\"wp-image-15007\" srcset=\"https:\/\/cuernavaca.gob.mx\/wp-content\/uploads\/2022\/06\/PC-Lluvias-junio-01.jpg 720w, https:\/\/cuernavaca.gob.mx\/wp-content\/uploads\/2022\/06\/PC-Lluvias-junio-01-300x220.jpg 300w, https:\/\/cuernavaca.gob.mx\/wp-content\/uploads\/2022\/06\/PC-Lluvias-junio-01-600x441.jpg 600w, https:\/\/cuernavaca.gob.mx\/wp-content\/uploads\/2022\/06\/PC-Lluvias-junio-01-560x411.jpg 560w\" sizes=\"(max-width: 720px) 100vw, 720px\" \/><\/figure>\n\n\n\n<figure class=\"wp-block-image size-large\"><img loading=\"lazy\" width=\"1024\" height=\"768\" data-id=\"15005\"  src=\"https:\/\/cuernavaca.gob.mx\/wp-content\/uploads\/2022\/06\/PC-Lluvias-junio-02.jpg\" alt=\"\" class=\"wp-image-15005\" srcset=\"https:\/\/cuernavaca.gob.mx\/wp-content\/uploads\/2022\/06\/PC-Lluvias-junio-02.jpg 1024w, https:\/\/cuernavaca.gob.mx\/wp-content\/uploads\/2022\/06\/PC-Lluvias-junio-02-300x225.jpg 300w, https:\/\/cuernavaca.gob.mx\/wp-content\/uploads\/2022\/06\/PC-Lluvias-junio-02-768x576.jpg 768w, https:\/\/cuernavaca.gob.mx\/wp-content\/uploads\/2022\/06\/PC-Lluvias-junio-02-600x450.jpg 600w, https:\/\/cuernavaca.gob.mx\/wp-content\/uploads\/2022\/06\/PC-Lluvias-junio-02-560x420.jpg 560w\" sizes=\"(max-width: 1024px) 100vw, 1024px\" \/><\/figure>\n\n\n\n<figure class=\"wp-block-image size-large\"><img loading=\"lazy\" width=\"768\" height=\"1024\" data-id=\"15002\"  src=\"https:\/\/cuernavaca.gob.mx\/wp-content\/uploads\/2022\/06\/PC-Lluvias-junio-03-768x1024.jpg\" alt=\"\" class=\"wp-image-15002\" srcset=\"https:\/\/cuernavaca.gob.mx\/wp-content\/uploads\/2022\/06\/PC-Lluvias-junio-03-768x1023.jpg 768w, https:\/\/cuernavaca.gob.mx\/wp-content\/uploads\/2022\/06\/PC-Lluvias-junio-03-225x300.jpg 225w, https:\/\/cuernavaca.gob.mx\/wp-content\/uploads\/2022\/06\/PC-Lluvias-junio-03-1153x1536.jpg 1153w, https:\/\/cuernavaca.gob.mx\/wp-content\/uploads\/2022\/06\/PC-Lluvias-junio-03-450x600.jpg 450w, https:\/\/cuernavaca.gob.mx\/wp-content\/uploads\/2022\/06\/PC-Lluvias-junio-03-420x560.jpg 420w, https:\/\/cuernavaca.gob.mx\/wp-content\/uploads\/2022\/06\/PC-Lluvias-junio-03.jpg 1200w\" sizes=\"(max-width: 768px) 100vw, 768px\" \/><\/figure>\n\n\n\n<figure class=\"wp-block-image size-large\"><img loading=\"lazy\" width=\"576\" height=\"1024\" data-id=\"15004\"  src=\"https:\/\/cuernavaca.gob.mx\/wp-content\/uploads\/2022\/06\/PC-Lluvias-junio-04-576x1024.jpg\" alt=\"\" class=\"wp-image-15004\" srcset=\"https:\/\/cuernavaca.gob.mx\/wp-content\/uploads\/2022\/06\/PC-Lluvias-junio-04-576x1024.jpg 576w, https:\/\/cuernavaca.gob.mx\/wp-content\/uploads\/2022\/06\/PC-Lluvias-junio-04-169x300.jpg 169w, https:\/\/cuernavaca.gob.mx\/wp-content\/uploads\/2022\/06\/PC-Lluvias-junio-04-768x1366.jpg 768w, https:\/\/cuernavaca.gob.mx\/wp-content\/uploads\/2022\/06\/PC-Lluvias-junio-04-864x1536.jpg 864w, https:\/\/cuernavaca.gob.mx\/wp-content\/uploads\/2022\/06\/PC-Lluvias-junio-04-337x600.jpg 337w, https:\/\/cuernavaca.gob.mx\/wp-content\/uploads\/2022\/06\/PC-Lluvias-junio-04-315x560.jpg 315w, https:\/\/cuernavaca.gob.mx\/wp-content\/uploads\/2022\/06\/PC-Lluvias-junio-04.jpg 899w\" sizes=\"(max-width: 576px) 100vw, 576px\" \/><\/figure>\n\n\n\n<figure class=\"wp-block-image size-large\"><img loading=\"lazy\" width=\"768\" height=\"1024\" data-id=\"15003\"  src=\"https:\/\/cuernavaca.gob.mx\/wp-content\/uploads\/2022\/06\/PC-Lluvias-junio-05-768x1024.jpg\" alt=\"\" class=\"wp-image-15003\" srcset=\"https:\/\/cuernavaca.gob.mx\/wp-content\/uploads\/2022\/06\/PC-Lluvias-junio-05-768x1023.jpg 768w, https:\/\/cuernavaca.gob.mx\/wp-content\/uploads\/2022\/06\/PC-Lluvias-junio-05-225x300.jpg 225w, https:\/\/cuernavaca.gob.mx\/wp-content\/uploads\/2022\/06\/PC-Lluvias-junio-05-1153x1536.jpg 1153w, https:\/\/cuernavaca.gob.mx\/wp-content\/uploads\/2022\/06\/PC-Lluvias-junio-05-450x600.jpg 450w, https:\/\/cuernavaca.gob.mx\/wp-content\/uploads\/2022\/06\/PC-Lluvias-junio-05-420x560.jpg 420w, https:\/\/cuernavaca.gob.mx\/wp-content\/uploads\/2022\/06\/PC-Lluvias-junio-05.jpg 1200w\" sizes=\"(max-width: 768px) 100vw, 768px\" \/><\/figure>\n\n\n\n<figure class=\"wp-block-image size-large\"><img loading=\"lazy\" width=\"768\" height=\"1024\" data-id=\"15006\"  src=\"https:\/\/cuernavaca.gob.mx\/wp-content\/uploads\/2022\/06\/PC-Lluvias-junio-06-768x1024.jpg\" alt=\"\" class=\"wp-image-15006\" srcset=\"https:\/\/cuernavaca.gob.mx\/wp-content\/uploads\/2022\/06\/PC-Lluvias-junio-06-768x1023.jpg 768w, https:\/\/cuernavaca.gob.mx\/wp-content\/uploads\/2022\/06\/PC-Lluvias-junio-06-225x300.jpg 225w, https:\/\/cuernavaca.gob.mx\/wp-content\/uploads\/2022\/06\/PC-Lluvias-junio-06-1153x1536.jpg 1153w, https:\/\/cuernavaca.gob.mx\/wp-content\/uploads\/2022\/06\/PC-Lluvias-junio-06-450x600.jpg 450w, https:\/\/cuernavaca.gob.mx\/wp-content\/uploads\/2022\/06\/PC-Lluvias-junio-06-420x560.jpg 420w, https:\/\/cuernavaca.gob.mx\/wp-content\/uploads\/2022\/06\/PC-Lluvias-junio-06.jpg 1200w\" sizes=\"(max-width: 768px) 100vw, 768px\" \/><\/figure>\n\n\n\n<figure class=\"wp-block-image size-large\"><img loading=\"lazy\" width=\"768\" height=\"1024\" data-id=\"15008\"  src=\"https:\/\/cuernavaca.gob.mx\/wp-content\/uploads\/2022\/06\/PC-Lluvias-junio-07-768x1024.jpg\" alt=\"\" class=\"wp-image-15008\" srcset=\"https:\/\/cuernavaca.gob.mx\/wp-content\/uploads\/2022\/06\/PC-Lluvias-junio-07-768x1023.jpg 768w, https:\/\/cuernavaca.gob.mx\/wp-content\/uploads\/2022\/06\/PC-Lluvias-junio-07-225x300.jpg 225w, https:\/\/cuernavaca.gob.mx\/wp-content\/uploads\/2022\/06\/PC-Lluvias-junio-07-1153x1536.jpg 1153w, https:\/\/cuernavaca.gob.mx\/wp-content\/uploads\/2022\/06\/PC-Lluvias-junio-07-450x600.jpg 450w, https:\/\/cuernavaca.gob.mx\/wp-content\/uploads\/2022\/06\/PC-Lluvias-junio-07-420x560.jpg 420w, https:\/\/cuernavaca.gob.mx\/wp-content\/uploads\/2022\/06\/PC-Lluvias-junio-07.jpg 1200w\" sizes=\"(max-width: 768px) 100vw, 768px\" \/><\/figure>\n<\/figure>\n","protected":false},"excerpt":{"rendered":"<p>La Coordinaci\u00f3n de Protecci\u00f3n Civil del municipio de Cuernavaca atendi\u00f3 la tarde de este martes el reporte de auxilio, en las inmediaciones de los Patios de la Estaci\u00f3n frente a la terminal de autobuses Pullman de Morelos La Selva, donde se registr\u00f3 la ca\u00edda desde su ra\u00edz de un \u00e1rbol eucalipto de gran tama\u00f1o, sobre [&hellip;]<\/p>\n","protected":false},"author":1,"featured_media":15007,"comment_status":"closed","ping_status":"closed","sticky":false,"template":"","format":"standard","meta":[],"categories":[20,17],"tags":[1115,1608,1590,121,120,1044,340,172,125,252],"aioseo_notices":[],"_links":{"self":[{"href":"https:\/\/cuernavaca.gob.mx\/index.php?rest_route=\/wp\/v2\/posts\/15001"}],"collection":[{"href":"https:\/\/cuernavaca.gob.mx\/index.php?rest_route=\/wp\/v2\/posts"}],"about":[{"href":"https:\/\/cuernavaca.gob.mx\/index.php?rest_route=\/wp\/v2\/types\/post"}],"author":[{"embeddable":true,"href":"https:\/\/cuernavaca.gob.mx\/index.php?rest_route=\/wp\/v2\/users\/1"}],"replies":[{"embeddable":true,"href":"https:\/\/cuernavaca.gob.mx\/index.php?rest_route=%2Fwp%2Fv2%2Fcomments&post=15001"}],"version-history":[{"count":1,"href":"https:\/\/cuernavaca.gob.mx\/index.php?rest_route=\/wp\/v2\/posts\/15001\/revisions"}],"predecessor-version":[{"id":15009,"href":"https:\/\/cuernavaca.gob.mx\/index.php?rest_route=\/wp\/v2\/posts\/15001\/revisions\/15009"}],"wp:featuredmedia":[{"embeddable":true,"href":"https:\/\/cuernavaca.gob.mx\/index.php?rest_route=\/wp\/v2\/media\/15007"}],"wp:attachment":[{"href":"https:\/\/cuernavaca.gob.mx\/index.php?rest_route=%2Fwp%2Fv2%2Fmedia&parent=15001"}],"wp:term":[{"taxonomy":"category","embeddable":true,"href":"https:\/\/cuernavaca.gob.mx\/index.php?rest_route=%2Fwp%2Fv2%2Fcategories&post=15001"},{"taxonomy":"post_tag","embeddable":true,"href":"https:\/\/cuernavaca.gob.mx\/index.php?rest_route=%2Fwp%2Fv2%2Ftags&post=15001"}],"curies":[{"name":"wp","href":"https:\/\/api.w.org\/{rel}","templated":true}]}}