{"id":15013,"date":"2022-06-22T09:00:00","date_gmt":"2022-06-22T14:00:00","guid":{"rendered":"https:\/\/cuernavaca.gob.mx\/?p=15013"},"modified":"2025-05-06T11:26:57","modified_gmt":"2025-05-06T17:26:57","slug":"b092-22-06-22-inicia-sapac-con-los-trabajos-de-deteccion-de-taponamiento-en-la-red-hidraulica-en-la-colonia-centro","status":"publish","type":"post","link":"https:\/\/cuernavaca.gob.mx\/?p=15013","title":{"rendered":"B092 22\/06\/22 INICIA SAPAC CON LOS TRABAJOS DE DETECCI\u00d3N DE TAPONAMIENTO EN LA RED HIDR\u00c1ULICA EN LA COLONIA CENTRO"},"content":{"rendered":"\n<p><strong>Las acciones se desarrollan en las calles Hermenegildo Galeana y Mariano Abasolo en la colonia Centro.<\/strong><\/p>\n\n\n\n<p>Con la finalidad de garantizar un correcto abastecimiento del vital l\u00edquido en las calles Abasolo y Cuauhtemotzin, que reportaban una reducci\u00f3n en su servicio, personal operativo del Sistema de Agua Potable y Alcantarillado de Cuernavaca (SAPAC), inicio con los trabajos de detecci\u00f3n de taponamiento en la red hidr\u00e1ulica en las calles Hermenegildo Galeana y Mariano Abasolo de la colonia Centro.<\/p>\n\n\n\n<p>En punto de las 9 de la ma\u00f1ana, personal operativo del SAPAC se dio cita en la zona, para iniciar con las labores, mismas que consisten en la excavaci\u00f3n e introducci\u00f3n de una c\u00e1mara de video inspecci\u00f3n, para realizar una revisi\u00f3n exhaustiva del ducto correspondiente a la red hidr\u00e1ulica de 8 Y 10 pulgadas ubicadas en las calles de Galeana y Abasolo hasta Motolin\u00eda.<\/p>\n\n\n\n<p>La Directora General del SAPAC, Evelia Flores Hern\u00e1ndez, refiri\u00f3 que una vez detectada la problem\u00e1tica, personal operativo dar\u00e1 paso con las reparaciones correspondientes que permitir\u00e1n garantizar un correcto flujo del vital l\u00edquido en las calles de Abasolo y Cuauhtemotzin.<\/p>\n\n\n\n<p>Finalmente la titular del SAPAC anunci\u00f3 que estos trabajos se tienen contemplados que duren hasta las 6 de la tarde, por lo que hizo un llamado de comprensi\u00f3n a los habitantes, toda vez que organismo operador trabaja para mejorar d\u00eda con d\u00eda el servicio del vital l\u00edquido que se otorga a los habitantes, haciendo hincapi\u00e9 que las molestias con temporales pero los beneficios ser\u00e1n permanentes.<\/p>\n\n\n\n<figure class=\"wp-container-2 wp-block-gallery-1 wp-block-gallery has-nested-images columns-default is-cropped\">\n<figure class=\"wp-block-image size-large\"><img loading=\"lazy\" width=\"1024\" height=\"576\" data-id=\"15014\"  src=\"https:\/\/cuernavaca.gob.mx\/wp-content\/uploads\/2022\/06\/Taponamiento-SAPAC-Centro-01-1024x576.jpg\" alt=\"\" class=\"wp-image-15014\" srcset=\"https:\/\/cuernavaca.gob.mx\/wp-content\/uploads\/2022\/06\/Taponamiento-SAPAC-Centro-01-1024x576.jpg 1024w, https:\/\/cuernavaca.gob.mx\/wp-content\/uploads\/2022\/06\/Taponamiento-SAPAC-Centro-01-300x169.jpg 300w, https:\/\/cuernavaca.gob.mx\/wp-content\/uploads\/2022\/06\/Taponamiento-SAPAC-Centro-01-768x432.jpg 768w, https:\/\/cuernavaca.gob.mx\/wp-content\/uploads\/2022\/06\/Taponamiento-SAPAC-Centro-01-600x338.jpg 600w, https:\/\/cuernavaca.gob.mx\/wp-content\/uploads\/2022\/06\/Taponamiento-SAPAC-Centro-01-560x315.jpg 560w, https:\/\/cuernavaca.gob.mx\/wp-content\/uploads\/2022\/06\/Taponamiento-SAPAC-Centro-01.jpg 1280w\" sizes=\"(max-width: 1024px) 100vw, 1024px\" \/><\/figure>\n\n\n\n<figure class=\"wp-block-image size-large\"><img loading=\"lazy\" width=\"1024\" height=\"600\" data-id=\"15015\"  src=\"https:\/\/cuernavaca.gob.mx\/wp-content\/uploads\/2022\/06\/Taponamiento-SAPAC-Centro-02-1024x600.jpg\" alt=\"\" class=\"wp-image-15015\" srcset=\"https:\/\/cuernavaca.gob.mx\/wp-content\/uploads\/2022\/06\/Taponamiento-SAPAC-Centro-02-1024x600.jpg 1024w, https:\/\/cuernavaca.gob.mx\/wp-content\/uploads\/2022\/06\/Taponamiento-SAPAC-Centro-02-300x176.jpg 300w, https:\/\/cuernavaca.gob.mx\/wp-content\/uploads\/2022\/06\/Taponamiento-SAPAC-Centro-02-768x450.jpg 768w, https:\/\/cuernavaca.gob.mx\/wp-content\/uploads\/2022\/06\/Taponamiento-SAPAC-Centro-02-600x352.jpg 600w, https:\/\/cuernavaca.gob.mx\/wp-content\/uploads\/2022\/06\/Taponamiento-SAPAC-Centro-02-560x328.jpg 560w, https:\/\/cuernavaca.gob.mx\/wp-content\/uploads\/2022\/06\/Taponamiento-SAPAC-Centro-02.jpg 1280w\" sizes=\"(max-width: 1024px) 100vw, 1024px\" \/><\/figure>\n\n\n\n<figure class=\"wp-block-image size-large\"><img loading=\"lazy\" width=\"1024\" height=\"576\" data-id=\"15018\"  src=\"https:\/\/cuernavaca.gob.mx\/wp-content\/uploads\/2022\/06\/Taponamiento-SAPAC-Centro-03-1024x576.jpg\" alt=\"\" class=\"wp-image-15018\" srcset=\"https:\/\/cuernavaca.gob.mx\/wp-content\/uploads\/2022\/06\/Taponamiento-SAPAC-Centro-03-1024x576.jpg 1024w, https:\/\/cuernavaca.gob.mx\/wp-content\/uploads\/2022\/06\/Taponamiento-SAPAC-Centro-03-300x169.jpg 300w, https:\/\/cuernavaca.gob.mx\/wp-content\/uploads\/2022\/06\/Taponamiento-SAPAC-Centro-03-768x432.jpg 768w, https:\/\/cuernavaca.gob.mx\/wp-content\/uploads\/2022\/06\/Taponamiento-SAPAC-Centro-03-600x338.jpg 600w, https:\/\/cuernavaca.gob.mx\/wp-content\/uploads\/2022\/06\/Taponamiento-SAPAC-Centro-03-560x315.jpg 560w, https:\/\/cuernavaca.gob.mx\/wp-content\/uploads\/2022\/06\/Taponamiento-SAPAC-Centro-03.jpg 1280w\" sizes=\"(max-width: 1024px) 100vw, 1024px\" \/><\/figure>\n\n\n\n<figure class=\"wp-block-image size-large\"><img loading=\"lazy\" width=\"1024\" height=\"576\" data-id=\"15017\"  src=\"https:\/\/cuernavaca.gob.mx\/wp-content\/uploads\/2022\/06\/Taponamiento-SAPAC-Centro-04-1024x576.jpg\" alt=\"\" class=\"wp-image-15017\" srcset=\"https:\/\/cuernavaca.gob.mx\/wp-content\/uploads\/2022\/06\/Taponamiento-SAPAC-Centro-04-1024x576.jpg 1024w, https:\/\/cuernavaca.gob.mx\/wp-content\/uploads\/2022\/06\/Taponamiento-SAPAC-Centro-04-300x169.jpg 300w, https:\/\/cuernavaca.gob.mx\/wp-content\/uploads\/2022\/06\/Taponamiento-SAPAC-Centro-04-768x432.jpg 768w, https:\/\/cuernavaca.gob.mx\/wp-content\/uploads\/2022\/06\/Taponamiento-SAPAC-Centro-04-600x338.jpg 600w, https:\/\/cuernavaca.gob.mx\/wp-content\/uploads\/2022\/06\/Taponamiento-SAPAC-Centro-04-560x315.jpg 560w, https:\/\/cuernavaca.gob.mx\/wp-content\/uploads\/2022\/06\/Taponamiento-SAPAC-Centro-04.jpg 1280w\" sizes=\"(max-width: 1024px) 100vw, 1024px\" \/><\/figure>\n\n\n\n<figure class=\"wp-block-image size-large\"><img loading=\"lazy\" width=\"1024\" height=\"576\" data-id=\"15016\"  src=\"https:\/\/cuernavaca.gob.mx\/wp-content\/uploads\/2022\/06\/Taponamiento-SAPAC-Centro-05-1024x576.jpg\" alt=\"\" class=\"wp-image-15016\" srcset=\"https:\/\/cuernavaca.gob.mx\/wp-content\/uploads\/2022\/06\/Taponamiento-SAPAC-Centro-05-1024x576.jpg 1024w, https:\/\/cuernavaca.gob.mx\/wp-content\/uploads\/2022\/06\/Taponamiento-SAPAC-Centro-05-300x169.jpg 300w, https:\/\/cuernavaca.gob.mx\/wp-content\/uploads\/2022\/06\/Taponamiento-SAPAC-Centro-05-768x432.jpg 768w, https:\/\/cuernavaca.gob.mx\/wp-content\/uploads\/2022\/06\/Taponamiento-SAPAC-Centro-05-600x338.jpg 600w, https:\/\/cuernavaca.gob.mx\/wp-content\/uploads\/2022\/06\/Taponamiento-SAPAC-Centro-05-560x315.jpg 560w, https:\/\/cuernavaca.gob.mx\/wp-content\/uploads\/2022\/06\/Taponamiento-SAPAC-Centro-05.jpg 1280w\" sizes=\"(max-width: 1024px) 100vw, 1024px\" \/><\/figure>\n<\/figure>\n","protected":false},"excerpt":{"rendered":"<p>Las acciones se desarrollan en las calles Hermenegildo Galeana y Mariano Abasolo en la colonia Centro. Con la finalidad de garantizar un correcto abastecimiento del vital l\u00edquido en las calles Abasolo y Cuauhtemotzin, que reportaban una reducci\u00f3n en su servicio, personal operativo del Sistema de Agua Potable y Alcantarillado de Cuernavaca (SAPAC), inicio con los [&hellip;]<\/p>\n","protected":false},"author":1,"featured_media":15017,"comment_status":"closed","ping_status":"closed","sticky":false,"template":"","format":"standard","meta":[],"categories":[20,145],"tags":[395,1177,121,1604,120,124],"aioseo_notices":[],"_links":{"self":[{"href":"https:\/\/cuernavaca.gob.mx\/index.php?rest_route=\/wp\/v2\/posts\/15013"}],"collection":[{"href":"https:\/\/cuernavaca.gob.mx\/index.php?rest_route=\/wp\/v2\/posts"}],"about":[{"href":"https:\/\/cuernavaca.gob.mx\/index.php?rest_route=\/wp\/v2\/types\/post"}],"author":[{"embeddable":true,"href":"https:\/\/cuernavaca.gob.mx\/index.php?rest_route=\/wp\/v2\/users\/1"}],"replies":[{"embeddable":true,"href":"https:\/\/cuernavaca.gob.mx\/index.php?rest_route=%2Fwp%2Fv2%2Fcomments&post=15013"}],"version-history":[{"count":1,"href":"https:\/\/cuernavaca.gob.mx\/index.php?rest_route=\/wp\/v2\/posts\/15013\/revisions"}],"predecessor-version":[{"id":15019,"href":"https:\/\/cuernavaca.gob.mx\/index.php?rest_route=\/wp\/v2\/posts\/15013\/revisions\/15019"}],"wp:featuredmedia":[{"embeddable":true,"href":"https:\/\/cuernavaca.gob.mx\/index.php?rest_route=\/wp\/v2\/media\/15017"}],"wp:attachment":[{"href":"https:\/\/cuernavaca.gob.mx\/index.php?rest_route=%2Fwp%2Fv2%2Fmedia&parent=15013"}],"wp:term":[{"taxonomy":"category","embeddable":true,"href":"https:\/\/cuernavaca.gob.mx\/index.php?rest_route=%2Fwp%2Fv2%2Fcategories&post=15013"},{"taxonomy":"post_tag","embeddable":true,"href":"https:\/\/cuernavaca.gob.mx\/index.php?rest_route=%2Fwp%2Fv2%2Ftags&post=15013"}],"curies":[{"name":"wp","href":"https:\/\/api.w.org\/{rel}","templated":true}]}}