{"id":15020,"date":"2022-06-22T11:00:00","date_gmt":"2022-06-22T16:00:00","guid":{"rendered":"https:\/\/cuernavaca.gob.mx\/?p=15020"},"modified":"2025-05-06T11:26:57","modified_gmt":"2025-05-06T17:26:57","slug":"b451-22-06-22-cumple-gobierno-municipal-compromiso-con-vecinos-de-calle-humboldt","status":"publish","type":"post","link":"https:\/\/cuernavaca.gob.mx\/?p=15020","title":{"rendered":"B451 22\/06\/22 CUMPLE GOBIERNO MUNICIPAL COMPROMISO CON VECINOS DE CALLE HUMBOLDT"},"content":{"rendered":"\n<p><strong>Con una inversi\u00f3n hist\u00f3rica, se realiz\u00f3 el mantenimiento y reparaci\u00f3n con concreto asf\u00e1ltico e hidr\u00e1ulico en eje 2 sub tramo en calle Humboldt en el Centro Hist\u00f3rico, que tendr\u00e1 una vida \u00fatil de 30 a\u00f1os<\/strong><\/p>\n\n\n\n<p><strong>Junto con SAPAC se cambi\u00f3 la red de agua potable, incluyendo las tomas domiciliarias y se intervino la red sanitaria<\/strong><\/p>\n\n\n\n<p>Con una inversi\u00f3n hist\u00f3rica y como parte de las acciones de prevenci\u00f3n del delito y dignificaci\u00f3n de las vialidades en Cuernavaca, el presidente municipal, Jos\u00e9 Luis Uri\u00f3stegui Salgado junto con integrantes del Cabildo y del Gabinete llevaron a cabo este mi\u00e9rcoles la inauguraci\u00f3n de la obra de mantenimiento y reparaci\u00f3n con concreto asf\u00e1ltico e hidr\u00e1ulico en eje 2 sub tramo en calle Humboldt en el Centro Hist\u00f3rico, que beneficiar\u00e1 directamente a 3 mil 250 habitantes e indirectamente a 27 mil, al ser una de las principales v\u00edas de conexi\u00f3n en la capital del estado.<\/p>\n\n\n\n<p>El secretario de Desarrollo Urbano y Obras P\u00fablicas, Alejandro Rosas L\u00f3pez, se\u00f1al\u00f3 que esta obra forma parte del programa integral de Vialidades Seguras denominado eje 2 que comprende avenida Palmira en 4.4 kil\u00f3metros y la calle Humboldt, la cual comunica a los municipios de Jiutepec, Temixco y Emiliano Zapata con Cuernavaca, destinando de los 60 millones de pesos de recursos propios asignados para este a\u00f1o, tres millones 786 mil 335.46 pesos.<\/p>\n\n\n\n<p>Explic\u00f3 que los trabajos iniciaron con el reencarpetamiento de la calle Himno Nacional a la calle Gonz\u00e1lez Bocanegra, con un pavimento en mil 727.01 metros cuadrados; posteriormente en una segunda etapa se hizo un trabajo de bacheo en tramos aislados donde se requer\u00eda hasta llegar a la calle de Las Casas, a partir de donde comenz\u00f3 el pavimento con concreto hidr\u00e1ulico en una cantidad de mil 304.26 metros cuadrados, el cual es un concreto hidr\u00e1ulico estampado con un espesor de 20 cent\u00edmetros con un MR de 45 que equivale a una resistencia de 350 kilogramos por metro cuadrado para una vital \u00fatil de 30 a\u00f1os.<\/p>\n\n\n\n<p>Al ser un programa integral, la Secretar\u00eda de Desarrollo Urbano y Obras P\u00fablicas mantuvo una coordinaci\u00f3n directa con distintas \u00e1reas, con el Sistema de Agua Potable y Alcantarillado de Cuernavaca (SAPAC) realizaron trabajos en todo el tramo de la red de agua potable, en 180 metros se cambi\u00f3 la red incluidas las tomas domiciliarias y se intervino la red sanitaria, con el objetivo de que todas las ingenier\u00edas que se tienen debajo de la vialidad, como el agua potable y el alcantarillado, tengan la misma vida \u00fatil.<\/p>\n\n\n\n<p>Adem\u00e1s, se trabaj\u00f3 de la mano con la Secretar\u00eda de Desarrollo Sustentable y Servicios P\u00fablicos para mejorar el alumbrado p\u00fablico, limpiar las banquetas, efectuar la poda de \u00e1rboles y el rescate del Monumento a la Madre, donde se hizo el balizamiento, limpieza y se pint\u00f3, as\u00ed como se coadyuv\u00f3 con la Comisi\u00f3n Federal de Electricidad (CFE), con empresas de telecomunicaciones y con la misma Polic\u00eda de Tr\u00e1nsito, al mantenerse cerrada calle Humboldt por 3.5 semanas ante la pavimentaci\u00f3n con concreto hidr\u00e1ulico donde se hizo una correcci\u00f3n al trazo debido a que contaba con uno irregular en el ancho de la vialidad, dejando un ancho de 6.5 metros y dando un mayor espacio en las banquetas para los peatones.<\/p>\n\n\n\n<p>En este sentido, el alcalde, Jos\u00e9 Luis Uri\u00f3stegui, puntualiz\u00f3 que, si bien durante casi un mes calle Humboldt estuvo cerrada, hoy la obra no solo es funcional para la ciudad, sino que da una plusval\u00eda a los inmuebles que se localizan en las partes aleda\u00f1as a la vialidad, destacando que las decisiones del Ayuntamiento de Cuernavaca, sobre todo en inversi\u00f3n p\u00fablica, son tomadas con mucha responsabilidad por quienes integran el Cabildo, haciendo una valoraci\u00f3n previa, tomando nota de las cifras de inversi\u00f3n para obtener decisiones finales que logren un mayor bien para un mayor n\u00famero de personas.<\/p>\n\n\n\n<p>\u201cHacemos un trabajo minucioso, un trabajo que deje huella para la ciudad de Cuernavaca, no en los nombres de quienes hoy tenemos la responsabilidad, sino que tratamos de generar las condiciones junto con integrantes del Gabinete para que Cuernavaca renazca, Cuernavaca atraiga m\u00e1s inversiones econ\u00f3micas, m\u00e1s turismo y que quienes vivimos aqu\u00ed empecemos a sentirnos m\u00e1s orgullosos de la ciudad en que tenemos la dicha de vivir\u201d, acot\u00f3.<\/p>\n\n\n\n<p>En representaci\u00f3n de los vecinos beneficiados, Antonio Cabello N\u00fa\u00f1ez, agradeci\u00f3 y reconoci\u00f3 la intervenci\u00f3n hecha por el Gobierno Municipal, al argumentar que era necesaria no solo en la vialidad, sino tambi\u00e9n en la red de agua potable y la ampliaci\u00f3n de las banquetas, en las cuales era imposible caminar.<br>\u201cNo nos resta m\u00e1s que darle las gracias a esta administraci\u00f3n. Cuernavaca necesita de esto, de modernizaci\u00f3n para pasar a la historia, el centro necesita ser rescatado y los trabajos aqu\u00ed se ven, se vieron y s\u00ed se puede\u201d, afirm\u00f3.<\/p>\n\n\n\n<p>En la inauguraci\u00f3n estuvieron presentes la s\u00edndica municipal, Ver\u00f3nica Atenco P\u00e9rez; los regidores Paz Hern\u00e1ndez Pardo, V\u00edctor Hugo Manzo God\u00ednez, Adri\u00e1n Mart\u00ednez Terrazas, Jes\u00fas Tlacaelel Rosales Puebla, Debendrenath Salazar Solorio, Christian Mishell P\u00e9rez Jaimes, la representaci\u00f3n de Patricia Torres Rosales, as\u00ed como la directora general de SAPAC, Evelia Flores Hern\u00e1ndez; el encargado de despacho de la Secretar\u00eda de Desarrollo Sustentable y Servicios P\u00fablicos, Jos\u00e9 Alfredo Rodr\u00edguez San Cipri\u00e1n y la titular de la Delegaci\u00f3n Benito Ju\u00e1rez, Deyanira Hern\u00e1ndez Guti\u00e9rrez.<\/p>\n\n\n\n<figure class=\"wp-container-2 wp-block-gallery-1 wp-block-gallery has-nested-images columns-default is-cropped\">\n<figure class=\"wp-block-image size-large\"><img loading=\"lazy\" width=\"1024\" height=\"682\" data-id=\"15022\"  src=\"https:\/\/cuernavaca.gob.mx\/wp-content\/uploads\/2022\/06\/Inauguracio\u0301n-calle-Humboldt-01-1024x682.jpg\" alt=\"\" class=\"wp-image-15022\" srcset=\"https:\/\/cuernavaca.gob.mx\/wp-content\/uploads\/2022\/06\/Inauguracio\u0301n-calle-Humboldt-01-1024x682.jpg 1024w, https:\/\/cuernavaca.gob.mx\/wp-content\/uploads\/2022\/06\/Inauguracio\u0301n-calle-Humboldt-01-300x200.jpg 300w, https:\/\/cuernavaca.gob.mx\/wp-content\/uploads\/2022\/06\/Inauguracio\u0301n-calle-Humboldt-01-768x512.jpg 768w, https:\/\/cuernavaca.gob.mx\/wp-content\/uploads\/2022\/06\/Inauguracio\u0301n-calle-Humboldt-01-600x400.jpg 600w, https:\/\/cuernavaca.gob.mx\/wp-content\/uploads\/2022\/06\/Inauguracio\u0301n-calle-Humboldt-01-560x373.jpg 560w, https:\/\/cuernavaca.gob.mx\/wp-content\/uploads\/2022\/06\/Inauguracio\u0301n-calle-Humboldt-01.jpg 1280w\" sizes=\"(max-width: 1024px) 100vw, 1024px\" \/><\/figure>\n\n\n\n<figure class=\"wp-block-image size-large\"><img loading=\"lazy\" width=\"1024\" height=\"682\" data-id=\"15026\"  src=\"https:\/\/cuernavaca.gob.mx\/wp-content\/uploads\/2022\/06\/Inauguracio\u0301n-calle-Humboldt-02-1024x682.jpg\" alt=\"\" class=\"wp-image-15026\" srcset=\"https:\/\/cuernavaca.gob.mx\/wp-content\/uploads\/2022\/06\/Inauguracio\u0301n-calle-Humboldt-02-1024x682.jpg 1024w, https:\/\/cuernavaca.gob.mx\/wp-content\/uploads\/2022\/06\/Inauguracio\u0301n-calle-Humboldt-02-300x200.jpg 300w, https:\/\/cuernavaca.gob.mx\/wp-content\/uploads\/2022\/06\/Inauguracio\u0301n-calle-Humboldt-02-768x512.jpg 768w, https:\/\/cuernavaca.gob.mx\/wp-content\/uploads\/2022\/06\/Inauguracio\u0301n-calle-Humboldt-02-600x400.jpg 600w, https:\/\/cuernavaca.gob.mx\/wp-content\/uploads\/2022\/06\/Inauguracio\u0301n-calle-Humboldt-02-560x373.jpg 560w, https:\/\/cuernavaca.gob.mx\/wp-content\/uploads\/2022\/06\/Inauguracio\u0301n-calle-Humboldt-02.jpg 1280w\" sizes=\"(max-width: 1024px) 100vw, 1024px\" \/><\/figure>\n\n\n\n<figure class=\"wp-block-image size-large\"><img loading=\"lazy\" width=\"1024\" height=\"576\" data-id=\"15025\"  src=\"https:\/\/cuernavaca.gob.mx\/wp-content\/uploads\/2022\/06\/Inauguracio\u0301n-calle-Humboldt-03-1024x576.jpg\" alt=\"\" class=\"wp-image-15025\" srcset=\"https:\/\/cuernavaca.gob.mx\/wp-content\/uploads\/2022\/06\/Inauguracio\u0301n-calle-Humboldt-03-1024x576.jpg 1024w, https:\/\/cuernavaca.gob.mx\/wp-content\/uploads\/2022\/06\/Inauguracio\u0301n-calle-Humboldt-03-300x169.jpg 300w, https:\/\/cuernavaca.gob.mx\/wp-content\/uploads\/2022\/06\/Inauguracio\u0301n-calle-Humboldt-03-768x432.jpg 768w, https:\/\/cuernavaca.gob.mx\/wp-content\/uploads\/2022\/06\/Inauguracio\u0301n-calle-Humboldt-03-600x338.jpg 600w, https:\/\/cuernavaca.gob.mx\/wp-content\/uploads\/2022\/06\/Inauguracio\u0301n-calle-Humboldt-03-560x315.jpg 560w, https:\/\/cuernavaca.gob.mx\/wp-content\/uploads\/2022\/06\/Inauguracio\u0301n-calle-Humboldt-03.jpg 1280w\" sizes=\"(max-width: 1024px) 100vw, 1024px\" \/><\/figure>\n\n\n\n<figure class=\"wp-block-image size-large\"><img loading=\"lazy\" width=\"1024\" height=\"682\" data-id=\"15024\"  src=\"https:\/\/cuernavaca.gob.mx\/wp-content\/uploads\/2022\/06\/Inauguracio\u0301n-calle-Humboldt-04-1024x682.jpg\" alt=\"\" class=\"wp-image-15024\" srcset=\"https:\/\/cuernavaca.gob.mx\/wp-content\/uploads\/2022\/06\/Inauguracio\u0301n-calle-Humboldt-04-1024x682.jpg 1024w, https:\/\/cuernavaca.gob.mx\/wp-content\/uploads\/2022\/06\/Inauguracio\u0301n-calle-Humboldt-04-300x200.jpg 300w, https:\/\/cuernavaca.gob.mx\/wp-content\/uploads\/2022\/06\/Inauguracio\u0301n-calle-Humboldt-04-768x512.jpg 768w, https:\/\/cuernavaca.gob.mx\/wp-content\/uploads\/2022\/06\/Inauguracio\u0301n-calle-Humboldt-04-600x400.jpg 600w, https:\/\/cuernavaca.gob.mx\/wp-content\/uploads\/2022\/06\/Inauguracio\u0301n-calle-Humboldt-04-560x373.jpg 560w, https:\/\/cuernavaca.gob.mx\/wp-content\/uploads\/2022\/06\/Inauguracio\u0301n-calle-Humboldt-04.jpg 1280w\" sizes=\"(max-width: 1024px) 100vw, 1024px\" \/><\/figure>\n\n\n\n<figure class=\"wp-block-image size-large\"><img loading=\"lazy\" width=\"1024\" height=\"682\" data-id=\"15023\"  src=\"https:\/\/cuernavaca.gob.mx\/wp-content\/uploads\/2022\/06\/Inauguracio\u0301n-calle-Humboldt-05-1024x682.jpg\" alt=\"\" class=\"wp-image-15023\" srcset=\"https:\/\/cuernavaca.gob.mx\/wp-content\/uploads\/2022\/06\/Inauguracio\u0301n-calle-Humboldt-05-1024x682.jpg 1024w, https:\/\/cuernavaca.gob.mx\/wp-content\/uploads\/2022\/06\/Inauguracio\u0301n-calle-Humboldt-05-300x200.jpg 300w, https:\/\/cuernavaca.gob.mx\/wp-content\/uploads\/2022\/06\/Inauguracio\u0301n-calle-Humboldt-05-768x512.jpg 768w, https:\/\/cuernavaca.gob.mx\/wp-content\/uploads\/2022\/06\/Inauguracio\u0301n-calle-Humboldt-05-600x400.jpg 600w, https:\/\/cuernavaca.gob.mx\/wp-content\/uploads\/2022\/06\/Inauguracio\u0301n-calle-Humboldt-05-560x373.jpg 560w, https:\/\/cuernavaca.gob.mx\/wp-content\/uploads\/2022\/06\/Inauguracio\u0301n-calle-Humboldt-05.jpg 1280w\" sizes=\"(max-width: 1024px) 100vw, 1024px\" \/><\/figure>\n\n\n\n<figure class=\"wp-block-image size-large\"><img loading=\"lazy\" width=\"1024\" height=\"682\" data-id=\"15021\"  src=\"https:\/\/cuernavaca.gob.mx\/wp-content\/uploads\/2022\/06\/Inauguracio\u0301n-calle-Humboldt-06-1024x682.jpg\" alt=\"\" class=\"wp-image-15021\" srcset=\"https:\/\/cuernavaca.gob.mx\/wp-content\/uploads\/2022\/06\/Inauguracio\u0301n-calle-Humboldt-06-1024x682.jpg 1024w, https:\/\/cuernavaca.gob.mx\/wp-content\/uploads\/2022\/06\/Inauguracio\u0301n-calle-Humboldt-06-300x200.jpg 300w, https:\/\/cuernavaca.gob.mx\/wp-content\/uploads\/2022\/06\/Inauguracio\u0301n-calle-Humboldt-06-768x512.jpg 768w, https:\/\/cuernavaca.gob.mx\/wp-content\/uploads\/2022\/06\/Inauguracio\u0301n-calle-Humboldt-06-600x400.jpg 600w, https:\/\/cuernavaca.gob.mx\/wp-content\/uploads\/2022\/06\/Inauguracio\u0301n-calle-Humboldt-06-560x373.jpg 560w, https:\/\/cuernavaca.gob.mx\/wp-content\/uploads\/2022\/06\/Inauguracio\u0301n-calle-Humboldt-06.jpg 1280w\" sizes=\"(max-width: 1024px) 100vw, 1024px\" \/><\/figure>\n\n\n\n<figure class=\"wp-block-image size-large\"><img loading=\"lazy\" width=\"1024\" height=\"682\" data-id=\"15027\"  src=\"https:\/\/cuernavaca.gob.mx\/wp-content\/uploads\/2022\/06\/Inauguracio\u0301n-calle-Humboldt-07-1024x682.jpg\" alt=\"\" class=\"wp-image-15027\" srcset=\"https:\/\/cuernavaca.gob.mx\/wp-content\/uploads\/2022\/06\/Inauguracio\u0301n-calle-Humboldt-07-1024x682.jpg 1024w, https:\/\/cuernavaca.gob.mx\/wp-content\/uploads\/2022\/06\/Inauguracio\u0301n-calle-Humboldt-07-300x200.jpg 300w, https:\/\/cuernavaca.gob.mx\/wp-content\/uploads\/2022\/06\/Inauguracio\u0301n-calle-Humboldt-07-768x512.jpg 768w, https:\/\/cuernavaca.gob.mx\/wp-content\/uploads\/2022\/06\/Inauguracio\u0301n-calle-Humboldt-07-600x400.jpg 600w, https:\/\/cuernavaca.gob.mx\/wp-content\/uploads\/2022\/06\/Inauguracio\u0301n-calle-Humboldt-07-560x373.jpg 560w, https:\/\/cuernavaca.gob.mx\/wp-content\/uploads\/2022\/06\/Inauguracio\u0301n-calle-Humboldt-07.jpg 1280w\" sizes=\"(max-width: 1024px) 100vw, 1024px\" \/><\/figure>\n\n\n\n<figure class=\"wp-block-image size-large\"><img loading=\"lazy\" width=\"1024\" height=\"682\" data-id=\"15028\"  src=\"https:\/\/cuernavaca.gob.mx\/wp-content\/uploads\/2022\/06\/Inauguracio\u0301n-calle-Humboldt-08-1024x682.jpg\" alt=\"\" class=\"wp-image-15028\" srcset=\"https:\/\/cuernavaca.gob.mx\/wp-content\/uploads\/2022\/06\/Inauguracio\u0301n-calle-Humboldt-08-1024x682.jpg 1024w, https:\/\/cuernavaca.gob.mx\/wp-content\/uploads\/2022\/06\/Inauguracio\u0301n-calle-Humboldt-08-300x200.jpg 300w, https:\/\/cuernavaca.gob.mx\/wp-content\/uploads\/2022\/06\/Inauguracio\u0301n-calle-Humboldt-08-768x512.jpg 768w, https:\/\/cuernavaca.gob.mx\/wp-content\/uploads\/2022\/06\/Inauguracio\u0301n-calle-Humboldt-08-600x400.jpg 600w, https:\/\/cuernavaca.gob.mx\/wp-content\/uploads\/2022\/06\/Inauguracio\u0301n-calle-Humboldt-08-560x373.jpg 560w, https:\/\/cuernavaca.gob.mx\/wp-content\/uploads\/2022\/06\/Inauguracio\u0301n-calle-Humboldt-08.jpg 1280w\" sizes=\"(max-width: 1024px) 100vw, 1024px\" \/><\/figure>\n\n\n\n<figure class=\"wp-block-image size-large\"><img loading=\"lazy\" width=\"1024\" height=\"682\" data-id=\"15029\"  src=\"https:\/\/cuernavaca.gob.mx\/wp-content\/uploads\/2022\/06\/Inauguracio\u0301n-calle-Humboldt-09-1024x682.jpg\" alt=\"\" class=\"wp-image-15029\" srcset=\"https:\/\/cuernavaca.gob.mx\/wp-content\/uploads\/2022\/06\/Inauguracio\u0301n-calle-Humboldt-09-1024x682.jpg 1024w, https:\/\/cuernavaca.gob.mx\/wp-content\/uploads\/2022\/06\/Inauguracio\u0301n-calle-Humboldt-09-300x200.jpg 300w, https:\/\/cuernavaca.gob.mx\/wp-content\/uploads\/2022\/06\/Inauguracio\u0301n-calle-Humboldt-09-768x512.jpg 768w, https:\/\/cuernavaca.gob.mx\/wp-content\/uploads\/2022\/06\/Inauguracio\u0301n-calle-Humboldt-09-600x400.jpg 600w, https:\/\/cuernavaca.gob.mx\/wp-content\/uploads\/2022\/06\/Inauguracio\u0301n-calle-Humboldt-09-560x373.jpg 560w, https:\/\/cuernavaca.gob.mx\/wp-content\/uploads\/2022\/06\/Inauguracio\u0301n-calle-Humboldt-09.jpg 1280w\" sizes=\"(max-width: 1024px) 100vw, 1024px\" \/><\/figure>\n\n\n\n<figure class=\"wp-block-image size-large\"><img loading=\"lazy\" width=\"1024\" height=\"682\" data-id=\"15031\"  src=\"https:\/\/cuernavaca.gob.mx\/wp-content\/uploads\/2022\/06\/Inauguracio\u0301n-calle-Humboldt-10-1024x682.jpg\" alt=\"\" class=\"wp-image-15031\" srcset=\"https:\/\/cuernavaca.gob.mx\/wp-content\/uploads\/2022\/06\/Inauguracio\u0301n-calle-Humboldt-10-1024x682.jpg 1024w, https:\/\/cuernavaca.gob.mx\/wp-content\/uploads\/2022\/06\/Inauguracio\u0301n-calle-Humboldt-10-300x200.jpg 300w, https:\/\/cuernavaca.gob.mx\/wp-content\/uploads\/2022\/06\/Inauguracio\u0301n-calle-Humboldt-10-768x512.jpg 768w, https:\/\/cuernavaca.gob.mx\/wp-content\/uploads\/2022\/06\/Inauguracio\u0301n-calle-Humboldt-10-600x400.jpg 600w, https:\/\/cuernavaca.gob.mx\/wp-content\/uploads\/2022\/06\/Inauguracio\u0301n-calle-Humboldt-10-560x373.jpg 560w, https:\/\/cuernavaca.gob.mx\/wp-content\/uploads\/2022\/06\/Inauguracio\u0301n-calle-Humboldt-10.jpg 1280w\" sizes=\"(max-width: 1024px) 100vw, 1024px\" \/><\/figure>\n\n\n\n<figure class=\"wp-block-image size-large\"><img loading=\"lazy\" width=\"1024\" height=\"682\" data-id=\"15030\"  src=\"https:\/\/cuernavaca.gob.mx\/wp-content\/uploads\/2022\/06\/Inauguracio\u0301n-calle-Humboldt-11-1024x682.jpg\" alt=\"\" class=\"wp-image-15030\" srcset=\"https:\/\/cuernavaca.gob.mx\/wp-content\/uploads\/2022\/06\/Inauguracio\u0301n-calle-Humboldt-11-1024x682.jpg 1024w, https:\/\/cuernavaca.gob.mx\/wp-content\/uploads\/2022\/06\/Inauguracio\u0301n-calle-Humboldt-11-300x200.jpg 300w, https:\/\/cuernavaca.gob.mx\/wp-content\/uploads\/2022\/06\/Inauguracio\u0301n-calle-Humboldt-11-768x512.jpg 768w, https:\/\/cuernavaca.gob.mx\/wp-content\/uploads\/2022\/06\/Inauguracio\u0301n-calle-Humboldt-11-600x400.jpg 600w, https:\/\/cuernavaca.gob.mx\/wp-content\/uploads\/2022\/06\/Inauguracio\u0301n-calle-Humboldt-11-560x373.jpg 560w, https:\/\/cuernavaca.gob.mx\/wp-content\/uploads\/2022\/06\/Inauguracio\u0301n-calle-Humboldt-11.jpg 1280w\" sizes=\"(max-width: 1024px) 100vw, 1024px\" \/><\/figure>\n\n\n\n<figure class=\"wp-block-image size-large\"><img loading=\"lazy\" width=\"1024\" height=\"682\" data-id=\"15032\"  src=\"https:\/\/cuernavaca.gob.mx\/wp-content\/uploads\/2022\/06\/Inauguracio\u0301n-calle-Humboldt-12-1024x682.jpg\" alt=\"\" class=\"wp-image-15032\" srcset=\"https:\/\/cuernavaca.gob.mx\/wp-content\/uploads\/2022\/06\/Inauguracio\u0301n-calle-Humboldt-12-1024x682.jpg 1024w, https:\/\/cuernavaca.gob.mx\/wp-content\/uploads\/2022\/06\/Inauguracio\u0301n-calle-Humboldt-12-300x200.jpg 300w, https:\/\/cuernavaca.gob.mx\/wp-content\/uploads\/2022\/06\/Inauguracio\u0301n-calle-Humboldt-12-768x512.jpg 768w, https:\/\/cuernavaca.gob.mx\/wp-content\/uploads\/2022\/06\/Inauguracio\u0301n-calle-Humboldt-12-600x400.jpg 600w, https:\/\/cuernavaca.gob.mx\/wp-content\/uploads\/2022\/06\/Inauguracio\u0301n-calle-Humboldt-12-560x373.jpg 560w, https:\/\/cuernavaca.gob.mx\/wp-content\/uploads\/2022\/06\/Inauguracio\u0301n-calle-Humboldt-12.jpg 1280w\" sizes=\"(max-width: 1024px) 100vw, 1024px\" \/><\/figure>\n<\/figure>\n","protected":false},"excerpt":{"rendered":"<p>Con una inversi\u00f3n hist\u00f3rica, se realiz\u00f3 el mantenimiento y reparaci\u00f3n con concreto asf\u00e1ltico e hidr\u00e1ulico en eje 2 sub tramo en calle Humboldt en el Centro Hist\u00f3rico, que tendr\u00e1 una vida \u00fatil de 30 a\u00f1os Junto con SAPAC se cambi\u00f3 la red de agua potable, incluyendo las tomas domiciliarias y se intervino la red sanitaria [&hellip;]<\/p>\n","protected":false},"author":1,"featured_media":15026,"comment_status":"closed","ping_status":"closed","sticky":false,"template":"","format":"standard","meta":[],"categories":[20,18,145],"tags":[158,1610,1609,121,513,541,120],"aioseo_notices":[],"_links":{"self":[{"href":"https:\/\/cuernavaca.gob.mx\/index.php?rest_route=\/wp\/v2\/posts\/15020"}],"collection":[{"href":"https:\/\/cuernavaca.gob.mx\/index.php?rest_route=\/wp\/v2\/posts"}],"about":[{"href":"https:\/\/cuernavaca.gob.mx\/index.php?rest_route=\/wp\/v2\/types\/post"}],"author":[{"embeddable":true,"href":"https:\/\/cuernavaca.gob.mx\/index.php?rest_route=\/wp\/v2\/users\/1"}],"replies":[{"embeddable":true,"href":"https:\/\/cuernavaca.gob.mx\/index.php?rest_route=%2Fwp%2Fv2%2Fcomments&post=15020"}],"version-history":[{"count":1,"href":"https:\/\/cuernavaca.gob.mx\/index.php?rest_route=\/wp\/v2\/posts\/15020\/revisions"}],"predecessor-version":[{"id":15033,"href":"https:\/\/cuernavaca.gob.mx\/index.php?rest_route=\/wp\/v2\/posts\/15020\/revisions\/15033"}],"wp:featuredmedia":[{"embeddable":true,"href":"https:\/\/cuernavaca.gob.mx\/index.php?rest_route=\/wp\/v2\/media\/15026"}],"wp:attachment":[{"href":"https:\/\/cuernavaca.gob.mx\/index.php?rest_route=%2Fwp%2Fv2%2Fmedia&parent=15020"}],"wp:term":[{"taxonomy":"category","embeddable":true,"href":"https:\/\/cuernavaca.gob.mx\/index.php?rest_route=%2Fwp%2Fv2%2Fcategories&post=15020"},{"taxonomy":"post_tag","embeddable":true,"href":"https:\/\/cuernavaca.gob.mx\/index.php?rest_route=%2Fwp%2Fv2%2Ftags&post=15020"}],"curies":[{"name":"wp","href":"https:\/\/api.w.org\/{rel}","templated":true}]}}