{"id":15034,"date":"2022-06-22T13:00:00","date_gmt":"2022-06-22T18:00:00","guid":{"rendered":"https:\/\/cuernavaca.gob.mx\/?p=15034"},"modified":"2025-05-06T11:26:57","modified_gmt":"2025-05-06T17:26:57","slug":"b452-22-06-22-resultado-de-la-colaboracion-de-transportistas-y-el-instituto-de-la-mujer-cuernavaca-contara-con-rutas-seguras-y-sororas","status":"publish","type":"post","link":"https:\/\/cuernavaca.gob.mx\/?p=15034","title":{"rendered":"B452 22\/06\/22 RESULTADO DE LA COLABORACI\u00d3N DE TRANSPORTISTAS Y EL INSTITUTO DE LA MUJER CUERNAVACA CONTAR\u00c1 CON RUTAS SEGURAS Y SORORAS"},"content":{"rendered":"\n<p><strong>El presidente municipal encabez\u00f3 la puesta en marcha del programa de atenci\u00f3n social que busca darles confianza y seguridad a las usuarias de Rutas Unidas<\/strong><\/p>\n\n\n\n<p><strong>Las unidades de transporte p\u00fablico contar\u00e1n con unas calcoman\u00edas donde vendr\u00e1 la informaci\u00f3n donde puede pedir apoyo en caso de sentirse en riesgo durante el trayecto<\/strong><\/p>\n\n\n\n<p>Como parte de los objetivos b\u00e1sicos y esenciales del Gobierno Municipal, encaminados al cuidado, atenci\u00f3n y prevenci\u00f3n de la violencia para las ni\u00f1as, j\u00f3venes y mujeres, el Instituto de la Mujer de Cuernavaca (IMC) en coordinaci\u00f3n con la agrupaci\u00f3n, Rutas Unidas, puso en marcha este mi\u00e9rcoles el programa \u201cRutas Seguras y Sororas\u201d, mediante el cual se busca rescatar los espacios para la seguridad de las usuarias, atendiendo, a su vez, la declaratoria de Alerta de Violencia de G\u00e9nero (AVG).<\/p>\n\n\n\n<p>Acompa\u00f1ada de representantes de la organizaci\u00f3n, la directora general del IMC, Lorena Castillo Castillo, explic\u00f3 que a trav\u00e9s de este programa, las unidades de transporte p\u00fablico de pasajeros con itinerario fijo, contar\u00e1n con calcoman\u00edas donde vendr\u00e1 la informaci\u00f3n de los n\u00fameros a los que pueden llamar de inmediato en caso de sentirse en riesgo durante el trayecto; adem\u00e1s de que las ni\u00f1as, j\u00f3venes y mujeres podr\u00e1n tener la seguridad de que la ruta en la que viajan es segura y sorora.<\/p>\n\n\n\n<p>Explic\u00f3 que este proyecto fue desarrollado con perspectiva de g\u00e9nero, por lo cual, si bien est\u00e1 dirigido a ni\u00f1as, j\u00f3venes y mujeres, podr\u00e1n coadyuvar con toda la poblaci\u00f3n para mejorar la atenci\u00f3n de todas las usuarias y usuarios del transporte p\u00fablico, manteniendo contacto y coordinaci\u00f3n permanente con la Secretar\u00eda de Protecci\u00f3n y Auxilio Ciudadano (SEPRAC) para atender cualquier situaci\u00f3n y reporte de inmediato.<\/p>\n\n\n\n<p>\u201cLas rutas deben ser seguras y sororas, es decir, que las mujeres deben sentir seguridad en su integridad, en la parte emocional y en la parte f\u00edsica. Sororas porque debemos creer que est\u00e1n para cuidarnos y apoyarnos. M\u00e1s del 65 por ciento de mujeres no denuncia cuando sufre un acoso sexual, una agresi\u00f3n y\/o una intimidaci\u00f3n por tres razones: porque cree que no es importante, porque creen que nadie les cree y porque tienen miedo. Bajo estas tres premisas fue que desarrollamos el proyecto social\u201d, expres\u00f3.<\/p>\n\n\n\n<p>Ante estudiantes de la Facultad de Derecho de la Universidad Aut\u00f3noma del Estado de Morelos (UAEM), el presidente municipal, Jos\u00e9 Luis Uri\u00f3stegui Salgado, afirm\u00f3 que \u201cRutas Seguras y Sororas\u201d va a permitir que muchas mujeres, en particular, que sientas amenazadas o est\u00e9n siendo hostigadas en el trayecto de origen a su destino tengan a d\u00f3nde acudir, cuenten con tel\u00e9fonos de contacto para que una autoridad o las mismas personas que la acompa\u00f1an puedan auxiliarle.<\/p>\n\n\n\n<p>\u201cHemos perdido mucho de este apoyo que deber\u00edamos brindarnos entre sociedad porque buscamos primero la autoprotecci\u00f3n y despu\u00e9s de la protecci\u00f3n a los dem\u00e1s. Con esto pretendemos rescatar lo que es t\u00e9rmino en general de solidaridad y sororidad que se aplica entre mujeres. S\u00ed entre todos participamos podemos prevenir\u201d, acent\u00fao.<\/p>\n\n\n\n<p>Por su lado, el presidente de Rutas Unidas, Aurelio Carmona Sandoval, expres\u00f3 que al ser el transporte p\u00fablico una herramienta muy importante en la vida diaria de la poblaci\u00f3n, es fundamental que entre todas y todos puedan garantizar la seguridad de las y los usuarios, siendo esta la \u00fanica manera en que Cuernavaca podr\u00e1 ser un municipio mejor y m\u00e1s seguro para la ciudadan\u00eda en general.<\/p>\n\n\n\n<p>En el arranque del programa se cont\u00f3 con la presencia del regidor presidente de la Comisi\u00f3n de Seguridad P\u00fablica y Tr\u00e1nsito, Jes\u00fas Tlacaelel Rosales Puebla, quien se sum\u00f3 a la colocaci\u00f3n de las primeras calcoman\u00edas en la ruta 01 que tiene su base a un costado de la M\u00e1xima Casa de Estudios.<\/p>\n\n\n\n<p>Finalmente, el Instituto de la Mujer de Cuernavaca (IMC) invit\u00f3 a las y los cuernavacenses a acercar a sus oficinas ubicadas en Parque Tlaltenango, en avenida Emiliano Zapata #75, colonia Tlaltenango para conocer todas las actividades, talleres y apoyos psicol\u00f3gicos, jur\u00eddicos y de emprendimiento que ofrecen.<\/p>\n\n\n\n<figure class=\"wp-container-2 wp-block-gallery-1 wp-block-gallery has-nested-images columns-default is-cropped\">\n<figure class=\"wp-block-image size-large\"><img loading=\"lazy\" width=\"1024\" height=\"682\" data-id=\"15037\"  src=\"https:\/\/cuernavaca.gob.mx\/wp-content\/uploads\/2022\/06\/Transportistas-e-Instituto-de-la-mujer-01-1024x682.jpg\" alt=\"\" class=\"wp-image-15037\" srcset=\"https:\/\/cuernavaca.gob.mx\/wp-content\/uploads\/2022\/06\/Transportistas-e-Instituto-de-la-mujer-01-1024x682.jpg 1024w, https:\/\/cuernavaca.gob.mx\/wp-content\/uploads\/2022\/06\/Transportistas-e-Instituto-de-la-mujer-01-300x200.jpg 300w, https:\/\/cuernavaca.gob.mx\/wp-content\/uploads\/2022\/06\/Transportistas-e-Instituto-de-la-mujer-01-768x512.jpg 768w, https:\/\/cuernavaca.gob.mx\/wp-content\/uploads\/2022\/06\/Transportistas-e-Instituto-de-la-mujer-01-600x400.jpg 600w, https:\/\/cuernavaca.gob.mx\/wp-content\/uploads\/2022\/06\/Transportistas-e-Instituto-de-la-mujer-01-560x373.jpg 560w, https:\/\/cuernavaca.gob.mx\/wp-content\/uploads\/2022\/06\/Transportistas-e-Instituto-de-la-mujer-01.jpg 1280w\" sizes=\"(max-width: 1024px) 100vw, 1024px\" \/><\/figure>\n\n\n\n<figure class=\"wp-block-image size-large\"><img loading=\"lazy\" width=\"1024\" height=\"682\" data-id=\"15039\"  src=\"https:\/\/cuernavaca.gob.mx\/wp-content\/uploads\/2022\/06\/Transportistas-e-Instituto-de-la-mujer-02-1024x682.jpg\" alt=\"\" class=\"wp-image-15039\" srcset=\"https:\/\/cuernavaca.gob.mx\/wp-content\/uploads\/2022\/06\/Transportistas-e-Instituto-de-la-mujer-02-1024x682.jpg 1024w, https:\/\/cuernavaca.gob.mx\/wp-content\/uploads\/2022\/06\/Transportistas-e-Instituto-de-la-mujer-02-300x200.jpg 300w, https:\/\/cuernavaca.gob.mx\/wp-content\/uploads\/2022\/06\/Transportistas-e-Instituto-de-la-mujer-02-768x512.jpg 768w, https:\/\/cuernavaca.gob.mx\/wp-content\/uploads\/2022\/06\/Transportistas-e-Instituto-de-la-mujer-02-600x400.jpg 600w, https:\/\/cuernavaca.gob.mx\/wp-content\/uploads\/2022\/06\/Transportistas-e-Instituto-de-la-mujer-02-560x373.jpg 560w, https:\/\/cuernavaca.gob.mx\/wp-content\/uploads\/2022\/06\/Transportistas-e-Instituto-de-la-mujer-02.jpg 1280w\" sizes=\"(max-width: 1024px) 100vw, 1024px\" \/><\/figure>\n\n\n\n<figure class=\"wp-block-image size-large\"><img loading=\"lazy\" width=\"1024\" height=\"682\" data-id=\"15035\"  src=\"https:\/\/cuernavaca.gob.mx\/wp-content\/uploads\/2022\/06\/Transportistas-e-Instituto-de-la-mujer-03-1024x682.jpg\" alt=\"\" class=\"wp-image-15035\" srcset=\"https:\/\/cuernavaca.gob.mx\/wp-content\/uploads\/2022\/06\/Transportistas-e-Instituto-de-la-mujer-03-1024x682.jpg 1024w, https:\/\/cuernavaca.gob.mx\/wp-content\/uploads\/2022\/06\/Transportistas-e-Instituto-de-la-mujer-03-300x200.jpg 300w, https:\/\/cuernavaca.gob.mx\/wp-content\/uploads\/2022\/06\/Transportistas-e-Instituto-de-la-mujer-03-768x512.jpg 768w, https:\/\/cuernavaca.gob.mx\/wp-content\/uploads\/2022\/06\/Transportistas-e-Instituto-de-la-mujer-03-600x400.jpg 600w, https:\/\/cuernavaca.gob.mx\/wp-content\/uploads\/2022\/06\/Transportistas-e-Instituto-de-la-mujer-03-560x373.jpg 560w, https:\/\/cuernavaca.gob.mx\/wp-content\/uploads\/2022\/06\/Transportistas-e-Instituto-de-la-mujer-03.jpg 1280w\" sizes=\"(max-width: 1024px) 100vw, 1024px\" \/><\/figure>\n\n\n\n<figure class=\"wp-block-image size-large\"><img loading=\"lazy\" width=\"1024\" height=\"682\" data-id=\"15040\"  src=\"https:\/\/cuernavaca.gob.mx\/wp-content\/uploads\/2022\/06\/Transportistas-e-Instituto-de-la-mujer-04-1024x682.jpg\" alt=\"\" class=\"wp-image-15040\" srcset=\"https:\/\/cuernavaca.gob.mx\/wp-content\/uploads\/2022\/06\/Transportistas-e-Instituto-de-la-mujer-04-1024x682.jpg 1024w, https:\/\/cuernavaca.gob.mx\/wp-content\/uploads\/2022\/06\/Transportistas-e-Instituto-de-la-mujer-04-300x200.jpg 300w, https:\/\/cuernavaca.gob.mx\/wp-content\/uploads\/2022\/06\/Transportistas-e-Instituto-de-la-mujer-04-768x512.jpg 768w, https:\/\/cuernavaca.gob.mx\/wp-content\/uploads\/2022\/06\/Transportistas-e-Instituto-de-la-mujer-04-600x400.jpg 600w, https:\/\/cuernavaca.gob.mx\/wp-content\/uploads\/2022\/06\/Transportistas-e-Instituto-de-la-mujer-04-560x373.jpg 560w, https:\/\/cuernavaca.gob.mx\/wp-content\/uploads\/2022\/06\/Transportistas-e-Instituto-de-la-mujer-04.jpg 1280w\" sizes=\"(max-width: 1024px) 100vw, 1024px\" \/><\/figure>\n\n\n\n<figure class=\"wp-block-image size-large\"><img loading=\"lazy\" width=\"1024\" height=\"682\" data-id=\"15038\"  src=\"https:\/\/cuernavaca.gob.mx\/wp-content\/uploads\/2022\/06\/Transportistas-e-Instituto-de-la-mujer-05-1024x682.jpg\" alt=\"\" class=\"wp-image-15038\" srcset=\"https:\/\/cuernavaca.gob.mx\/wp-content\/uploads\/2022\/06\/Transportistas-e-Instituto-de-la-mujer-05-1024x682.jpg 1024w, https:\/\/cuernavaca.gob.mx\/wp-content\/uploads\/2022\/06\/Transportistas-e-Instituto-de-la-mujer-05-300x200.jpg 300w, https:\/\/cuernavaca.gob.mx\/wp-content\/uploads\/2022\/06\/Transportistas-e-Instituto-de-la-mujer-05-768x512.jpg 768w, https:\/\/cuernavaca.gob.mx\/wp-content\/uploads\/2022\/06\/Transportistas-e-Instituto-de-la-mujer-05-600x400.jpg 600w, https:\/\/cuernavaca.gob.mx\/wp-content\/uploads\/2022\/06\/Transportistas-e-Instituto-de-la-mujer-05-560x373.jpg 560w, https:\/\/cuernavaca.gob.mx\/wp-content\/uploads\/2022\/06\/Transportistas-e-Instituto-de-la-mujer-05.jpg 1280w\" sizes=\"(max-width: 1024px) 100vw, 1024px\" \/><\/figure>\n\n\n\n<figure class=\"wp-block-image size-large\"><img loading=\"lazy\" width=\"1024\" height=\"682\" data-id=\"15036\"  src=\"https:\/\/cuernavaca.gob.mx\/wp-content\/uploads\/2022\/06\/Transportistas-e-Instituto-de-la-mujer-06-1024x682.jpg\" alt=\"\" class=\"wp-image-15036\" srcset=\"https:\/\/cuernavaca.gob.mx\/wp-content\/uploads\/2022\/06\/Transportistas-e-Instituto-de-la-mujer-06-1024x682.jpg 1024w, https:\/\/cuernavaca.gob.mx\/wp-content\/uploads\/2022\/06\/Transportistas-e-Instituto-de-la-mujer-06-300x200.jpg 300w, https:\/\/cuernavaca.gob.mx\/wp-content\/uploads\/2022\/06\/Transportistas-e-Instituto-de-la-mujer-06-768x512.jpg 768w, https:\/\/cuernavaca.gob.mx\/wp-content\/uploads\/2022\/06\/Transportistas-e-Instituto-de-la-mujer-06-600x400.jpg 600w, https:\/\/cuernavaca.gob.mx\/wp-content\/uploads\/2022\/06\/Transportistas-e-Instituto-de-la-mujer-06-560x373.jpg 560w, https:\/\/cuernavaca.gob.mx\/wp-content\/uploads\/2022\/06\/Transportistas-e-Instituto-de-la-mujer-06.jpg 1280w\" sizes=\"(max-width: 1024px) 100vw, 1024px\" \/><\/figure>\n\n\n\n<figure class=\"wp-block-image size-large\"><img loading=\"lazy\" width=\"1024\" height=\"682\" data-id=\"15041\"  src=\"https:\/\/cuernavaca.gob.mx\/wp-content\/uploads\/2022\/06\/Transportistas-e-Instituto-de-la-mujer-07-1024x682.jpg\" alt=\"\" class=\"wp-image-15041\" srcset=\"https:\/\/cuernavaca.gob.mx\/wp-content\/uploads\/2022\/06\/Transportistas-e-Instituto-de-la-mujer-07-1024x682.jpg 1024w, https:\/\/cuernavaca.gob.mx\/wp-content\/uploads\/2022\/06\/Transportistas-e-Instituto-de-la-mujer-07-300x200.jpg 300w, https:\/\/cuernavaca.gob.mx\/wp-content\/uploads\/2022\/06\/Transportistas-e-Instituto-de-la-mujer-07-768x512.jpg 768w, https:\/\/cuernavaca.gob.mx\/wp-content\/uploads\/2022\/06\/Transportistas-e-Instituto-de-la-mujer-07-600x400.jpg 600w, https:\/\/cuernavaca.gob.mx\/wp-content\/uploads\/2022\/06\/Transportistas-e-Instituto-de-la-mujer-07-560x373.jpg 560w, https:\/\/cuernavaca.gob.mx\/wp-content\/uploads\/2022\/06\/Transportistas-e-Instituto-de-la-mujer-07.jpg 1280w\" sizes=\"(max-width: 1024px) 100vw, 1024px\" \/><\/figure>\n\n\n\n<figure class=\"wp-block-image size-large\"><img loading=\"lazy\" width=\"1024\" height=\"682\" data-id=\"15042\"  src=\"https:\/\/cuernavaca.gob.mx\/wp-content\/uploads\/2022\/06\/Transportistas-e-Instituto-de-la-mujer-08-1024x682.jpg\" alt=\"\" class=\"wp-image-15042\" srcset=\"https:\/\/cuernavaca.gob.mx\/wp-content\/uploads\/2022\/06\/Transportistas-e-Instituto-de-la-mujer-08-1024x682.jpg 1024w, https:\/\/cuernavaca.gob.mx\/wp-content\/uploads\/2022\/06\/Transportistas-e-Instituto-de-la-mujer-08-300x200.jpg 300w, https:\/\/cuernavaca.gob.mx\/wp-content\/uploads\/2022\/06\/Transportistas-e-Instituto-de-la-mujer-08-768x512.jpg 768w, https:\/\/cuernavaca.gob.mx\/wp-content\/uploads\/2022\/06\/Transportistas-e-Instituto-de-la-mujer-08-600x400.jpg 600w, https:\/\/cuernavaca.gob.mx\/wp-content\/uploads\/2022\/06\/Transportistas-e-Instituto-de-la-mujer-08-560x373.jpg 560w, https:\/\/cuernavaca.gob.mx\/wp-content\/uploads\/2022\/06\/Transportistas-e-Instituto-de-la-mujer-08.jpg 1280w\" sizes=\"(max-width: 1024px) 100vw, 1024px\" \/><\/figure>\n\n\n\n<figure class=\"wp-block-image size-large\"><img loading=\"lazy\" width=\"1024\" height=\"682\" data-id=\"15045\"  src=\"https:\/\/cuernavaca.gob.mx\/wp-content\/uploads\/2022\/06\/Transportistas-e-Instituto-de-la-mujer-09-1024x682.jpg\" alt=\"\" class=\"wp-image-15045\" srcset=\"https:\/\/cuernavaca.gob.mx\/wp-content\/uploads\/2022\/06\/Transportistas-e-Instituto-de-la-mujer-09-1024x682.jpg 1024w, https:\/\/cuernavaca.gob.mx\/wp-content\/uploads\/2022\/06\/Transportistas-e-Instituto-de-la-mujer-09-300x200.jpg 300w, https:\/\/cuernavaca.gob.mx\/wp-content\/uploads\/2022\/06\/Transportistas-e-Instituto-de-la-mujer-09-768x512.jpg 768w, https:\/\/cuernavaca.gob.mx\/wp-content\/uploads\/2022\/06\/Transportistas-e-Instituto-de-la-mujer-09-600x400.jpg 600w, https:\/\/cuernavaca.gob.mx\/wp-content\/uploads\/2022\/06\/Transportistas-e-Instituto-de-la-mujer-09-560x373.jpg 560w, https:\/\/cuernavaca.gob.mx\/wp-content\/uploads\/2022\/06\/Transportistas-e-Instituto-de-la-mujer-09.jpg 1280w\" sizes=\"(max-width: 1024px) 100vw, 1024px\" \/><\/figure>\n\n\n\n<figure class=\"wp-block-image size-large\"><img loading=\"lazy\" width=\"1024\" height=\"682\" data-id=\"15046\"  src=\"https:\/\/cuernavaca.gob.mx\/wp-content\/uploads\/2022\/06\/Transportistas-e-Instituto-de-la-mujer-10-1024x682.jpg\" alt=\"\" class=\"wp-image-15046\" srcset=\"https:\/\/cuernavaca.gob.mx\/wp-content\/uploads\/2022\/06\/Transportistas-e-Instituto-de-la-mujer-10-1024x682.jpg 1024w, https:\/\/cuernavaca.gob.mx\/wp-content\/uploads\/2022\/06\/Transportistas-e-Instituto-de-la-mujer-10-300x200.jpg 300w, https:\/\/cuernavaca.gob.mx\/wp-content\/uploads\/2022\/06\/Transportistas-e-Instituto-de-la-mujer-10-768x512.jpg 768w, https:\/\/cuernavaca.gob.mx\/wp-content\/uploads\/2022\/06\/Transportistas-e-Instituto-de-la-mujer-10-600x400.jpg 600w, https:\/\/cuernavaca.gob.mx\/wp-content\/uploads\/2022\/06\/Transportistas-e-Instituto-de-la-mujer-10-560x373.jpg 560w, https:\/\/cuernavaca.gob.mx\/wp-content\/uploads\/2022\/06\/Transportistas-e-Instituto-de-la-mujer-10.jpg 1280w\" sizes=\"(max-width: 1024px) 100vw, 1024px\" \/><\/figure>\n\n\n\n<figure class=\"wp-block-image size-large\"><img loading=\"lazy\" width=\"1024\" height=\"576\" data-id=\"15043\"  src=\"https:\/\/cuernavaca.gob.mx\/wp-content\/uploads\/2022\/06\/Transportistas-e-Instituto-de-la-mujer-11-1024x576.jpg\" alt=\"\" class=\"wp-image-15043\" srcset=\"https:\/\/cuernavaca.gob.mx\/wp-content\/uploads\/2022\/06\/Transportistas-e-Instituto-de-la-mujer-11-1024x576.jpg 1024w, https:\/\/cuernavaca.gob.mx\/wp-content\/uploads\/2022\/06\/Transportistas-e-Instituto-de-la-mujer-11-300x169.jpg 300w, https:\/\/cuernavaca.gob.mx\/wp-content\/uploads\/2022\/06\/Transportistas-e-Instituto-de-la-mujer-11-768x432.jpg 768w, https:\/\/cuernavaca.gob.mx\/wp-content\/uploads\/2022\/06\/Transportistas-e-Instituto-de-la-mujer-11-600x338.jpg 600w, https:\/\/cuernavaca.gob.mx\/wp-content\/uploads\/2022\/06\/Transportistas-e-Instituto-de-la-mujer-11-560x315.jpg 560w, https:\/\/cuernavaca.gob.mx\/wp-content\/uploads\/2022\/06\/Transportistas-e-Instituto-de-la-mujer-11.jpg 1280w\" sizes=\"(max-width: 1024px) 100vw, 1024px\" \/><\/figure>\n\n\n\n<figure class=\"wp-block-image size-large\"><img loading=\"lazy\" width=\"1024\" height=\"682\" data-id=\"15044\"  src=\"https:\/\/cuernavaca.gob.mx\/wp-content\/uploads\/2022\/06\/Transportistas-e-Instituto-de-la-mujer-12-1024x682.jpg\" alt=\"\" class=\"wp-image-15044\" srcset=\"https:\/\/cuernavaca.gob.mx\/wp-content\/uploads\/2022\/06\/Transportistas-e-Instituto-de-la-mujer-12-1024x682.jpg 1024w, https:\/\/cuernavaca.gob.mx\/wp-content\/uploads\/2022\/06\/Transportistas-e-Instituto-de-la-mujer-12-300x200.jpg 300w, https:\/\/cuernavaca.gob.mx\/wp-content\/uploads\/2022\/06\/Transportistas-e-Instituto-de-la-mujer-12-768x512.jpg 768w, https:\/\/cuernavaca.gob.mx\/wp-content\/uploads\/2022\/06\/Transportistas-e-Instituto-de-la-mujer-12-600x400.jpg 600w, https:\/\/cuernavaca.gob.mx\/wp-content\/uploads\/2022\/06\/Transportistas-e-Instituto-de-la-mujer-12-560x373.jpg 560w, https:\/\/cuernavaca.gob.mx\/wp-content\/uploads\/2022\/06\/Transportistas-e-Instituto-de-la-mujer-12.jpg 1280w\" sizes=\"(max-width: 1024px) 100vw, 1024px\" \/><\/figure>\n<\/figure>\n","protected":false},"excerpt":{"rendered":"<p>El presidente municipal encabez\u00f3 la puesta en marcha del programa de atenci\u00f3n social que busca darles confianza y seguridad a las usuarias de Rutas Unidas Las unidades de transporte p\u00fablico contar\u00e1n con unas calcoman\u00edas donde vendr\u00e1 la informaci\u00f3n donde puede pedir apoyo en caso de sentirse en riesgo durante el trayecto Como parte de los [&hellip;]<\/p>\n","protected":false},"author":1,"featured_media":15039,"comment_status":"closed","ping_status":"closed","sticky":false,"template":"","format":"standard","meta":[],"categories":[20,280],"tags":[121,289,120,290,1613,1612],"aioseo_notices":[],"_links":{"self":[{"href":"https:\/\/cuernavaca.gob.mx\/index.php?rest_route=\/wp\/v2\/posts\/15034"}],"collection":[{"href":"https:\/\/cuernavaca.gob.mx\/index.php?rest_route=\/wp\/v2\/posts"}],"about":[{"href":"https:\/\/cuernavaca.gob.mx\/index.php?rest_route=\/wp\/v2\/types\/post"}],"author":[{"embeddable":true,"href":"https:\/\/cuernavaca.gob.mx\/index.php?rest_route=\/wp\/v2\/users\/1"}],"replies":[{"embeddable":true,"href":"https:\/\/cuernavaca.gob.mx\/index.php?rest_route=%2Fwp%2Fv2%2Fcomments&post=15034"}],"version-history":[{"count":1,"href":"https:\/\/cuernavaca.gob.mx\/index.php?rest_route=\/wp\/v2\/posts\/15034\/revisions"}],"predecessor-version":[{"id":15047,"href":"https:\/\/cuernavaca.gob.mx\/index.php?rest_route=\/wp\/v2\/posts\/15034\/revisions\/15047"}],"wp:featuredmedia":[{"embeddable":true,"href":"https:\/\/cuernavaca.gob.mx\/index.php?rest_route=\/wp\/v2\/media\/15039"}],"wp:attachment":[{"href":"https:\/\/cuernavaca.gob.mx\/index.php?rest_route=%2Fwp%2Fv2%2Fmedia&parent=15034"}],"wp:term":[{"taxonomy":"category","embeddable":true,"href":"https:\/\/cuernavaca.gob.mx\/index.php?rest_route=%2Fwp%2Fv2%2Fcategories&post=15034"},{"taxonomy":"post_tag","embeddable":true,"href":"https:\/\/cuernavaca.gob.mx\/index.php?rest_route=%2Fwp%2Fv2%2Ftags&post=15034"}],"curies":[{"name":"wp","href":"https:\/\/api.w.org\/{rel}","templated":true}]}}