{"id":15154,"date":"2022-06-26T13:00:00","date_gmt":"2022-06-26T18:00:00","guid":{"rendered":"https:\/\/cuernavaca.gob.mx\/?p=15154"},"modified":"2025-05-06T11:26:54","modified_gmt":"2025-05-06T17:26:54","slug":"b463-26-06-22-continuan-las-alianzas-del-gobierno-de-cuernavaca-y-sus-organismos-con-la-academia-de-morelos","status":"publish","type":"post","link":"https:\/\/cuernavaca.gob.mx\/?p=15154","title":{"rendered":"B463 26\/06\/22 CONTIN\u00daAN LAS ALIANZAS DEL GOBIERNO DE CUERNAVACA Y SUS ORGANISMOS CON LA ACADEMIA DE MORELOS"},"content":{"rendered":"\n<p><strong>El alcalde capitalino atestigu\u00f3 la firma de convenio de colaboraci\u00f3n entre el SAPAC y Universidad La Salle<\/strong><\/p>\n\n\n\n<p><strong>Esta alianza tiene como principales objetivos que los alumnos sigan aprendiendo durante pr\u00e1cticas profesionales y\/o el servicio social<\/strong><\/p>\n\n\n\n<p>El Gobierno Municipal a trav\u00e9s del Sistema de Agua Potable y Alcantarillado de Cuernavaca (SAPAC) se suma al compromiso de formar profesionales con valor, celebrando un convenio de colaboraci\u00f3n con la Universidad La Salle, para que sus estudiantes realicen pr\u00e1cticas profesionales y\/o el servicio social en el organismo descentralizando con motivo de impactar de manera ben\u00e9fica en la poblaci\u00f3n cuernavacense.<\/p>\n\n\n\n<p>En las instalaciones de la Universidad La Salle, la directora general de SAPAC, Evelia Flores Hern\u00e1ndez, afirm\u00f3 que la dependencia a su cargo requiere todo tipo de profesionales que se pueden desarrollar con la permanencia y el sentido de necesidad de aprender, ofreciendo a los estudiantes oportunidades para desarrollar todas sus habilidades y hasta identificar si la carrera que eligieron es la que van a ejercer.<\/p>\n\n\n\n<p>\u201cEl SAPAC los espera con los brazos abiertos y dar\u00e1 todas las oportunidades y facilidades para que los alumnos de esta prestigiosa universidad sean los futuros l\u00edderes de este importante organismo\u201d, puntualiz\u00f3.<\/p>\n\n\n\n<p>Como testigo de honor en la firma del convenio, el presidente municipal, Jos\u00e9 Luis Uri\u00f3stegui Salgado, asever\u00f3 que esta uni\u00f3n, entre SAPAC y la Universidad La Salle, debe arrojar un provecho com\u00fan y permitir que quienes tengan capacidades intelectuales y pr\u00e1cticas se sumen a quienes hoy tienen la responsabilidad oficial de darle resultados a la comunidad.<\/p>\n\n\n\n<p>\u201cLa suma de estudiantes o de profesionales que ya han concluido sus estudios va a dotar al SAPAC de un elemento adicional para lograr que las metas se cumplan y que quienes ya aprendieron algo lo refuercen, se vuelvan expertos en lo que est\u00e1n haciendo y sirvan al mismo tiempo a la sociedad\u201d, apunt\u00f3.<\/p>\n\n\n\n<p>En este sentido, el rector de la Universidad La Salle, Jos\u00e9 Francisco Coronato Rodr\u00edguez, aval\u00f3 que la actividad acad\u00e9mica y el servicio a la comunidad morelense se ver\u00e1n complementados y se nutrir\u00e1n rec\u00edprocamente con la suscripci\u00f3n del convenio que les permitir\u00e1 sumar esfuerzos para encarar los desaf\u00edos que hoy enfrenta la sociedad, el estado y el pa\u00eds, cumpliendo de la mejor manera posible con el compromiso moral y educativo que les constri\u00f1e el marco legal a ambas instituciones.<\/p>\n\n\n\n<p>\u201cEn tal virtud hago votos para que ello sea una realidad y nos permitir\u00e1 juntos coadyuvar en la generaci\u00f3n del bien que nuestra sociedad merece y reclama con toda justicia\u201d, refiri\u00f3 el rector Francisco Coronato.<\/p>\n\n\n\n<p>El convenio de colaboraci\u00f3n signado es en materia de pr\u00e1cticas profesionales y servicio social, participaci\u00f3n en la bolsa de trabajo universitaria con la publicaci\u00f3n de las vacantes, as\u00ed como tambi\u00e9n para difundir eventos sociales, culturales y deportivos tanto de La Salle como de SAPAC.<br>&nbsp;<\/p>\n\n\n\n<p>En esta ceremonia tambi\u00e9n se cont\u00f3 con la presencia del director acad\u00e9mico de la Universidad La Salle, Jos\u00e9 Rodrigo Oseguera L\u00f3pez, as\u00ed como personal de la instituci\u00f3n.<\/p>\n\n\n\n<figure class=\"wp-container-2 wp-block-gallery-1 wp-block-gallery has-nested-images columns-default is-cropped\">\n<figure class=\"wp-block-image size-large\"><img loading=\"lazy\" width=\"1024\" height=\"682\" data-id=\"15155\"  src=\"https:\/\/cuernavaca.gob.mx\/wp-content\/uploads\/2022\/06\/Convenio-SAPAC-LaSalle-01-1024x682.jpg\" alt=\"\" class=\"wp-image-15155\" srcset=\"https:\/\/cuernavaca.gob.mx\/wp-content\/uploads\/2022\/06\/Convenio-SAPAC-LaSalle-01-1024x682.jpg 1024w, https:\/\/cuernavaca.gob.mx\/wp-content\/uploads\/2022\/06\/Convenio-SAPAC-LaSalle-01-300x200.jpg 300w, https:\/\/cuernavaca.gob.mx\/wp-content\/uploads\/2022\/06\/Convenio-SAPAC-LaSalle-01-768x512.jpg 768w, https:\/\/cuernavaca.gob.mx\/wp-content\/uploads\/2022\/06\/Convenio-SAPAC-LaSalle-01-600x400.jpg 600w, https:\/\/cuernavaca.gob.mx\/wp-content\/uploads\/2022\/06\/Convenio-SAPAC-LaSalle-01-560x373.jpg 560w, https:\/\/cuernavaca.gob.mx\/wp-content\/uploads\/2022\/06\/Convenio-SAPAC-LaSalle-01.jpg 1280w\" sizes=\"(max-width: 1024px) 100vw, 1024px\" \/><\/figure>\n\n\n\n<figure class=\"wp-block-image size-large\"><img loading=\"lazy\" width=\"1024\" height=\"682\" data-id=\"15156\"  src=\"https:\/\/cuernavaca.gob.mx\/wp-content\/uploads\/2022\/06\/Convenio-SAPAC-LaSalle-02-1024x682.jpg\" alt=\"\" class=\"wp-image-15156\" srcset=\"https:\/\/cuernavaca.gob.mx\/wp-content\/uploads\/2022\/06\/Convenio-SAPAC-LaSalle-02-1024x682.jpg 1024w, https:\/\/cuernavaca.gob.mx\/wp-content\/uploads\/2022\/06\/Convenio-SAPAC-LaSalle-02-300x200.jpg 300w, https:\/\/cuernavaca.gob.mx\/wp-content\/uploads\/2022\/06\/Convenio-SAPAC-LaSalle-02-768x512.jpg 768w, https:\/\/cuernavaca.gob.mx\/wp-content\/uploads\/2022\/06\/Convenio-SAPAC-LaSalle-02-600x400.jpg 600w, https:\/\/cuernavaca.gob.mx\/wp-content\/uploads\/2022\/06\/Convenio-SAPAC-LaSalle-02-560x373.jpg 560w, https:\/\/cuernavaca.gob.mx\/wp-content\/uploads\/2022\/06\/Convenio-SAPAC-LaSalle-02.jpg 1280w\" sizes=\"(max-width: 1024px) 100vw, 1024px\" \/><\/figure>\n\n\n\n<figure class=\"wp-block-image size-large\"><img loading=\"lazy\" width=\"966\" height=\"853\" data-id=\"15160\"  src=\"https:\/\/cuernavaca.gob.mx\/wp-content\/uploads\/2022\/06\/Convenio-SAPAC-LaSalle-03.jpg\" alt=\"\" class=\"wp-image-15160\" srcset=\"https:\/\/cuernavaca.gob.mx\/wp-content\/uploads\/2022\/06\/Convenio-SAPAC-LaSalle-03.jpg 966w, https:\/\/cuernavaca.gob.mx\/wp-content\/uploads\/2022\/06\/Convenio-SAPAC-LaSalle-03-300x265.jpg 300w, https:\/\/cuernavaca.gob.mx\/wp-content\/uploads\/2022\/06\/Convenio-SAPAC-LaSalle-03-768x678.jpg 768w, https:\/\/cuernavaca.gob.mx\/wp-content\/uploads\/2022\/06\/Convenio-SAPAC-LaSalle-03-600x530.jpg 600w, https:\/\/cuernavaca.gob.mx\/wp-content\/uploads\/2022\/06\/Convenio-SAPAC-LaSalle-03-560x494.jpg 560w\" sizes=\"(max-width: 966px) 100vw, 966px\" \/><\/figure>\n\n\n\n<figure class=\"wp-block-image size-large\"><img loading=\"lazy\" width=\"1024\" height=\"682\" data-id=\"15159\"  src=\"https:\/\/cuernavaca.gob.mx\/wp-content\/uploads\/2022\/06\/Convenio-SAPAC-LaSalle-04-1024x682.jpg\" alt=\"\" class=\"wp-image-15159\" srcset=\"https:\/\/cuernavaca.gob.mx\/wp-content\/uploads\/2022\/06\/Convenio-SAPAC-LaSalle-04-1024x682.jpg 1024w, https:\/\/cuernavaca.gob.mx\/wp-content\/uploads\/2022\/06\/Convenio-SAPAC-LaSalle-04-300x200.jpg 300w, https:\/\/cuernavaca.gob.mx\/wp-content\/uploads\/2022\/06\/Convenio-SAPAC-LaSalle-04-768x512.jpg 768w, https:\/\/cuernavaca.gob.mx\/wp-content\/uploads\/2022\/06\/Convenio-SAPAC-LaSalle-04-600x400.jpg 600w, https:\/\/cuernavaca.gob.mx\/wp-content\/uploads\/2022\/06\/Convenio-SAPAC-LaSalle-04-560x373.jpg 560w, https:\/\/cuernavaca.gob.mx\/wp-content\/uploads\/2022\/06\/Convenio-SAPAC-LaSalle-04.jpg 1280w\" sizes=\"(max-width: 1024px) 100vw, 1024px\" \/><\/figure>\n\n\n\n<figure class=\"wp-block-image size-large\"><img loading=\"lazy\" width=\"1024\" height=\"576\" data-id=\"15157\"  src=\"https:\/\/cuernavaca.gob.mx\/wp-content\/uploads\/2022\/06\/Convenio-SAPAC-LaSalle-05-1024x576.jpg\" alt=\"\" class=\"wp-image-15157\" srcset=\"https:\/\/cuernavaca.gob.mx\/wp-content\/uploads\/2022\/06\/Convenio-SAPAC-LaSalle-05-1024x576.jpg 1024w, https:\/\/cuernavaca.gob.mx\/wp-content\/uploads\/2022\/06\/Convenio-SAPAC-LaSalle-05-300x169.jpg 300w, https:\/\/cuernavaca.gob.mx\/wp-content\/uploads\/2022\/06\/Convenio-SAPAC-LaSalle-05-768x432.jpg 768w, https:\/\/cuernavaca.gob.mx\/wp-content\/uploads\/2022\/06\/Convenio-SAPAC-LaSalle-05-600x338.jpg 600w, https:\/\/cuernavaca.gob.mx\/wp-content\/uploads\/2022\/06\/Convenio-SAPAC-LaSalle-05-560x315.jpg 560w, https:\/\/cuernavaca.gob.mx\/wp-content\/uploads\/2022\/06\/Convenio-SAPAC-LaSalle-05.jpg 1280w\" sizes=\"(max-width: 1024px) 100vw, 1024px\" \/><\/figure>\n\n\n\n<figure class=\"wp-block-image size-large\"><img loading=\"lazy\" width=\"1024\" height=\"682\" data-id=\"15158\"  src=\"https:\/\/cuernavaca.gob.mx\/wp-content\/uploads\/2022\/06\/Convenio-SAPAC-LaSalle-06-1024x682.jpg\" alt=\"\" class=\"wp-image-15158\" srcset=\"https:\/\/cuernavaca.gob.mx\/wp-content\/uploads\/2022\/06\/Convenio-SAPAC-LaSalle-06-1024x682.jpg 1024w, https:\/\/cuernavaca.gob.mx\/wp-content\/uploads\/2022\/06\/Convenio-SAPAC-LaSalle-06-300x200.jpg 300w, https:\/\/cuernavaca.gob.mx\/wp-content\/uploads\/2022\/06\/Convenio-SAPAC-LaSalle-06-768x512.jpg 768w, https:\/\/cuernavaca.gob.mx\/wp-content\/uploads\/2022\/06\/Convenio-SAPAC-LaSalle-06-600x400.jpg 600w, https:\/\/cuernavaca.gob.mx\/wp-content\/uploads\/2022\/06\/Convenio-SAPAC-LaSalle-06-560x373.jpg 560w, https:\/\/cuernavaca.gob.mx\/wp-content\/uploads\/2022\/06\/Convenio-SAPAC-LaSalle-06.jpg 1280w\" sizes=\"(max-width: 1024px) 100vw, 1024px\" \/><\/figure>\n\n\n\n<figure class=\"wp-block-image size-large\"><img loading=\"lazy\" width=\"1024\" height=\"682\" data-id=\"15161\"  src=\"https:\/\/cuernavaca.gob.mx\/wp-content\/uploads\/2022\/06\/Convenio-SAPAC-LaSalle-07-1024x682.jpg\" alt=\"\" class=\"wp-image-15161\" srcset=\"https:\/\/cuernavaca.gob.mx\/wp-content\/uploads\/2022\/06\/Convenio-SAPAC-LaSalle-07-1024x682.jpg 1024w, https:\/\/cuernavaca.gob.mx\/wp-content\/uploads\/2022\/06\/Convenio-SAPAC-LaSalle-07-300x200.jpg 300w, https:\/\/cuernavaca.gob.mx\/wp-content\/uploads\/2022\/06\/Convenio-SAPAC-LaSalle-07-768x512.jpg 768w, https:\/\/cuernavaca.gob.mx\/wp-content\/uploads\/2022\/06\/Convenio-SAPAC-LaSalle-07-600x400.jpg 600w, https:\/\/cuernavaca.gob.mx\/wp-content\/uploads\/2022\/06\/Convenio-SAPAC-LaSalle-07-560x373.jpg 560w, https:\/\/cuernavaca.gob.mx\/wp-content\/uploads\/2022\/06\/Convenio-SAPAC-LaSalle-07.jpg 1280w\" sizes=\"(max-width: 1024px) 100vw, 1024px\" \/><\/figure>\n<\/figure>\n","protected":false},"excerpt":{"rendered":"<p>El alcalde capitalino atestigu\u00f3 la firma de convenio de colaboraci\u00f3n entre el SAPAC y Universidad La Salle Esta alianza tiene como principales objetivos que los alumnos sigan aprendiendo durante pr\u00e1cticas profesionales y\/o el servicio social El Gobierno Municipal a trav\u00e9s del Sistema de Agua Potable y Alcantarillado de Cuernavaca (SAPAC) se suma al compromiso de [&hellip;]<\/p>\n","protected":false},"author":1,"featured_media":15160,"comment_status":"closed","ping_status":"closed","sticky":false,"template":"","format":"standard","meta":[],"categories":[20,145],"tags":[1640,854,334,121,686,120,1639,124],"aioseo_notices":[],"_links":{"self":[{"href":"https:\/\/cuernavaca.gob.mx\/index.php?rest_route=\/wp\/v2\/posts\/15154"}],"collection":[{"href":"https:\/\/cuernavaca.gob.mx\/index.php?rest_route=\/wp\/v2\/posts"}],"about":[{"href":"https:\/\/cuernavaca.gob.mx\/index.php?rest_route=\/wp\/v2\/types\/post"}],"author":[{"embeddable":true,"href":"https:\/\/cuernavaca.gob.mx\/index.php?rest_route=\/wp\/v2\/users\/1"}],"replies":[{"embeddable":true,"href":"https:\/\/cuernavaca.gob.mx\/index.php?rest_route=%2Fwp%2Fv2%2Fcomments&post=15154"}],"version-history":[{"count":1,"href":"https:\/\/cuernavaca.gob.mx\/index.php?rest_route=\/wp\/v2\/posts\/15154\/revisions"}],"predecessor-version":[{"id":15162,"href":"https:\/\/cuernavaca.gob.mx\/index.php?rest_route=\/wp\/v2\/posts\/15154\/revisions\/15162"}],"wp:featuredmedia":[{"embeddable":true,"href":"https:\/\/cuernavaca.gob.mx\/index.php?rest_route=\/wp\/v2\/media\/15160"}],"wp:attachment":[{"href":"https:\/\/cuernavaca.gob.mx\/index.php?rest_route=%2Fwp%2Fv2%2Fmedia&parent=15154"}],"wp:term":[{"taxonomy":"category","embeddable":true,"href":"https:\/\/cuernavaca.gob.mx\/index.php?rest_route=%2Fwp%2Fv2%2Fcategories&post=15154"},{"taxonomy":"post_tag","embeddable":true,"href":"https:\/\/cuernavaca.gob.mx\/index.php?rest_route=%2Fwp%2Fv2%2Ftags&post=15154"}],"curies":[{"name":"wp","href":"https:\/\/api.w.org\/{rel}","templated":true}]}}