{"id":15168,"date":"2022-06-27T09:00:00","date_gmt":"2022-06-27T14:00:00","guid":{"rendered":"https:\/\/cuernavaca.gob.mx\/?p=15168"},"modified":"2025-05-06T11:26:54","modified_gmt":"2025-05-06T17:26:54","slug":"b464-27-06-22-exhorta-ayuntamiento-a-la-poblacion-de-cuernavaca-a-mantener-las-medidas-para-prevenir-contagios-de-coronavirus","status":"publish","type":"post","link":"https:\/\/cuernavaca.gob.mx\/?p=15168","title":{"rendered":"B464 27\/06\/22 EXHORTA AYUNTAMIENTO A LA POBLACI\u00d3N DE CUERNAVACA A MANTENER LAS MEDIDAS PARA PREVENIR CONTAGIOS DE CORONAVIRUS"},"content":{"rendered":"\n<p><strong>Se atienden recomendaciones hechas por el Comit\u00e9 Municipal de Emergencias Sanitarias (CMES)<\/strong><\/p>\n\n\n\n<p>Ante el incremento de casos positivos del Coronavirus SARS-CoV-2 causante del COVID-19 en el municipio de Cuernavaca, el Gobierno Municipal hizo un llamado a la poblaci\u00f3n a mantener y reforzar las medidas preventivas para evitar nuevos contagios.<\/p>\n\n\n\n<p>De acuerdo con el reporte emitido el pasado s\u00e1bado 25 de junio por la Secretar\u00eda de Salud del estado de Morelos, Cuernavaca reporta un total de 36 casos positivos, con tendencia a incrementarse, lo que lleva a la autoridad municipal a hacer un llamado a la poblaci\u00f3n y visitantes para poner en pr\u00e1ctica las medidas que los protejan de riesgos de contagio.<\/p>\n\n\n\n<p>Recordar que el Ayuntamiento de Cuernavaca cuenta con la asesor\u00eda del Comit\u00e9 Municipal de Emergencias Sanitarias (CMES) integrada por investigadores y cient\u00edficos, quienes han emitido las siguientes recomendaciones ante el aumento de contagios:<\/p>\n\n\n\n<ul><li>Cumplir con el esquema de vacunaci\u00f3n completo, atendiendo las campa\u00f1as que el Gobierno Federal a trav\u00e9s del sector salud mantiene para los diferentes sectores etarios de la poblaci\u00f3n.<\/li><li>El uso obligatorio del cubrebocas en espacios p\u00fablicos, centros comerciales, mercados p\u00fablicos y sitios de convivencia y de trabajo.<\/li><li>En las escuelas se recomienda mantener como uso obligatorio el cubrebocas y los salones de clases ventilados.<\/li><li>Mantener como h\u00e1bito el lavado constante de manos con agua y jab\u00f3n y aplicar gel antibacterial con base alcohol.<\/li><\/ul>\n\n\n\n<p>En tanto al interior de las instalaciones y dependencias del Ayuntamiento de Cuernavaca, se mantienen vigentes todas las disposiciones preventivas en las \u00e1reas de atenci\u00f3n ciudadana y operativas de la administraci\u00f3n p\u00fablica municipal.<\/p>\n\n\n\n<figure class=\"wp-container-2 wp-block-gallery-1 wp-block-gallery has-nested-images columns-default is-cropped\">\n<figure class=\"wp-block-image size-large\"><img loading=\"lazy\" width=\"1024\" height=\"682\" data-id=\"15169\"  src=\"https:\/\/cuernavaca.gob.mx\/wp-content\/uploads\/2022\/06\/Mantener-medidas-contra-el-COVID-01-1024x682.jpg\" alt=\"\" class=\"wp-image-15169\" srcset=\"https:\/\/cuernavaca.gob.mx\/wp-content\/uploads\/2022\/06\/Mantener-medidas-contra-el-COVID-01-1024x682.jpg 1024w, https:\/\/cuernavaca.gob.mx\/wp-content\/uploads\/2022\/06\/Mantener-medidas-contra-el-COVID-01-300x200.jpg 300w, https:\/\/cuernavaca.gob.mx\/wp-content\/uploads\/2022\/06\/Mantener-medidas-contra-el-COVID-01-768x512.jpg 768w, https:\/\/cuernavaca.gob.mx\/wp-content\/uploads\/2022\/06\/Mantener-medidas-contra-el-COVID-01-600x400.jpg 600w, https:\/\/cuernavaca.gob.mx\/wp-content\/uploads\/2022\/06\/Mantener-medidas-contra-el-COVID-01-560x373.jpg 560w, https:\/\/cuernavaca.gob.mx\/wp-content\/uploads\/2022\/06\/Mantener-medidas-contra-el-COVID-01.jpg 1280w\" sizes=\"(max-width: 1024px) 100vw, 1024px\" \/><\/figure>\n\n\n\n<figure class=\"wp-block-image size-large\"><img loading=\"lazy\" width=\"1024\" height=\"682\" data-id=\"15171\"  src=\"https:\/\/cuernavaca.gob.mx\/wp-content\/uploads\/2022\/06\/Mantener-medidas-contra-el-COVID-02-1024x682.jpg\" alt=\"\" class=\"wp-image-15171\" srcset=\"https:\/\/cuernavaca.gob.mx\/wp-content\/uploads\/2022\/06\/Mantener-medidas-contra-el-COVID-02-1024x682.jpg 1024w, https:\/\/cuernavaca.gob.mx\/wp-content\/uploads\/2022\/06\/Mantener-medidas-contra-el-COVID-02-300x200.jpg 300w, https:\/\/cuernavaca.gob.mx\/wp-content\/uploads\/2022\/06\/Mantener-medidas-contra-el-COVID-02-768x512.jpg 768w, https:\/\/cuernavaca.gob.mx\/wp-content\/uploads\/2022\/06\/Mantener-medidas-contra-el-COVID-02-600x400.jpg 600w, https:\/\/cuernavaca.gob.mx\/wp-content\/uploads\/2022\/06\/Mantener-medidas-contra-el-COVID-02-560x373.jpg 560w, https:\/\/cuernavaca.gob.mx\/wp-content\/uploads\/2022\/06\/Mantener-medidas-contra-el-COVID-02.jpg 1280w\" sizes=\"(max-width: 1024px) 100vw, 1024px\" \/><\/figure>\n\n\n\n<figure class=\"wp-block-image size-large\"><img loading=\"lazy\" width=\"1024\" height=\"682\" data-id=\"15170\"  src=\"https:\/\/cuernavaca.gob.mx\/wp-content\/uploads\/2022\/06\/Mantener-medidas-contra-el-COVID-03-1024x682.jpg\" alt=\"\" class=\"wp-image-15170\" srcset=\"https:\/\/cuernavaca.gob.mx\/wp-content\/uploads\/2022\/06\/Mantener-medidas-contra-el-COVID-03-1024x682.jpg 1024w, https:\/\/cuernavaca.gob.mx\/wp-content\/uploads\/2022\/06\/Mantener-medidas-contra-el-COVID-03-300x200.jpg 300w, https:\/\/cuernavaca.gob.mx\/wp-content\/uploads\/2022\/06\/Mantener-medidas-contra-el-COVID-03-768x512.jpg 768w, https:\/\/cuernavaca.gob.mx\/wp-content\/uploads\/2022\/06\/Mantener-medidas-contra-el-COVID-03-600x400.jpg 600w, https:\/\/cuernavaca.gob.mx\/wp-content\/uploads\/2022\/06\/Mantener-medidas-contra-el-COVID-03-560x373.jpg 560w, https:\/\/cuernavaca.gob.mx\/wp-content\/uploads\/2022\/06\/Mantener-medidas-contra-el-COVID-03.jpg 1280w\" sizes=\"(max-width: 1024px) 100vw, 1024px\" \/><\/figure>\n<\/figure>\n","protected":false},"excerpt":{"rendered":"<p>Se atienden recomendaciones hechas por el Comit\u00e9 Municipal de Emergencias Sanitarias (CMES) Ante el incremento de casos positivos del Coronavirus SARS-CoV-2 causante del COVID-19 en el municipio de Cuernavaca, el Gobierno Municipal hizo un llamado a la poblaci\u00f3n a mantener y reforzar las medidas preventivas para evitar nuevos contagios. De acuerdo con el reporte emitido [&hellip;]<\/p>\n","protected":false},"author":1,"featured_media":15169,"comment_status":"closed","ping_status":"closed","sticky":false,"template":"","format":"standard","meta":[],"categories":[118,20,899],"tags":[779,353,976,186,121,352,120,125],"aioseo_notices":[],"_links":{"self":[{"href":"https:\/\/cuernavaca.gob.mx\/index.php?rest_route=\/wp\/v2\/posts\/15168"}],"collection":[{"href":"https:\/\/cuernavaca.gob.mx\/index.php?rest_route=\/wp\/v2\/posts"}],"about":[{"href":"https:\/\/cuernavaca.gob.mx\/index.php?rest_route=\/wp\/v2\/types\/post"}],"author":[{"embeddable":true,"href":"https:\/\/cuernavaca.gob.mx\/index.php?rest_route=\/wp\/v2\/users\/1"}],"replies":[{"embeddable":true,"href":"https:\/\/cuernavaca.gob.mx\/index.php?rest_route=%2Fwp%2Fv2%2Fcomments&post=15168"}],"version-history":[{"count":1,"href":"https:\/\/cuernavaca.gob.mx\/index.php?rest_route=\/wp\/v2\/posts\/15168\/revisions"}],"predecessor-version":[{"id":15172,"href":"https:\/\/cuernavaca.gob.mx\/index.php?rest_route=\/wp\/v2\/posts\/15168\/revisions\/15172"}],"wp:featuredmedia":[{"embeddable":true,"href":"https:\/\/cuernavaca.gob.mx\/index.php?rest_route=\/wp\/v2\/media\/15169"}],"wp:attachment":[{"href":"https:\/\/cuernavaca.gob.mx\/index.php?rest_route=%2Fwp%2Fv2%2Fmedia&parent=15168"}],"wp:term":[{"taxonomy":"category","embeddable":true,"href":"https:\/\/cuernavaca.gob.mx\/index.php?rest_route=%2Fwp%2Fv2%2Fcategories&post=15168"},{"taxonomy":"post_tag","embeddable":true,"href":"https:\/\/cuernavaca.gob.mx\/index.php?rest_route=%2Fwp%2Fv2%2Ftags&post=15168"}],"curies":[{"name":"wp","href":"https:\/\/api.w.org\/{rel}","templated":true}]}}