{"id":15435,"date":"2022-07-01T15:00:00","date_gmt":"2022-07-01T20:00:00","guid":{"rendered":"https:\/\/cuernavaca.gob.mx\/?p=15435"},"modified":"2025-05-06T11:27:26","modified_gmt":"2025-05-06T17:27:26","slug":"b475-01-07-22-mantendra-ayuntamiento-de-cuernavaca-protocolos-para-evitar-nuevos-contagios-de-covid-19","status":"publish","type":"post","link":"https:\/\/cuernavaca.gob.mx\/?p=15435","title":{"rendered":"B475 01\/07\/22 MANTENDR\u00c1 AYUNTAMIENTO DE CUERNAVACA PROTOCOLOS PARA EVITAR NUEVOS CONTAGIOS DE COVID-19"},"content":{"rendered":"\n<p><strong>El exhorto a la poblaci\u00f3n es mantener el uso de cubrebocas y el aseo constante de manos con agua y jab\u00f3n o alcohol en gel<\/strong><\/p>\n\n\n\n<p><strong>Al interior de oficinas e instalaciones del Ayuntamiento las medidas de prevenci\u00f3n sin obligatorias<\/strong><\/p>\n\n\n\n<p>Frente al aumento de casos positivos del SARS-CoV-2, virus causante de la Covid-19 en el municipio de Cuernavaca, el Ayuntamiento a trav\u00e9s del Comit\u00e9 Municipal de Emergencias Sanitarias (CMES) reiter\u00f3 el llamado a la poblaci\u00f3n y visitantes a mantener y atender en todo momento las medidas de prevenci\u00f3n, tanto en la casa, en las escuelas, el trabajo y los sitios de esparcimiento para evitar nuevos contagios.<\/p>\n\n\n\n<p>Tras informar la Secretar\u00eda de Salud del estado de Morelos que, con fecha al 30 de junio, Cuernavaca registr\u00f3 un total de 52 nuevos casos positivos, la secretaria de Desarrollo Humano y Participaci\u00f3n Social, Laura Hern\u00e1ndez Cruz, convoc\u00f3 a la ciudadan\u00eda a no bajar la guardia, ya que la contingencia sanitaria sigue activa y de acuerdo al CMES, la presencia de la quinta ola esta sobre la mesa.<\/p>\n\n\n\n<p>Se\u00f1al\u00f3 que en base a la asesor\u00eda de los investigadores que integran el Comit\u00e9 Municipal de Emergencias Sanitarias (CMES) las recomendaciones son: el uso del cubrebocas, la sana distancia, mantener como h\u00e1bito el lavado constante de manos con agua y jab\u00f3n o aplicar gel antibacterial con base de alcohol, ventilar los espacios, evitar aglomeraciones y cumplir con el esquema de vacunaci\u00f3n completo, atendiendo las campa\u00f1as que el Gobierno Federal a trav\u00e9s del sector salud mantiene para los diferentes sectores de la poblaci\u00f3n.<\/p>\n\n\n\n<p>Ante casos positivos que se han registrado al interior de la administraci\u00f3n municipal, afirm\u00f3 se est\u00e1 reforzando que los servidores p\u00fablicos mantengan los protocolos sanitarios, en especial el uso del cubrebocas, as\u00ed como los mismos ciudadanos que se presentan en las instalaciones y oficinas para realizar alg\u00fan tr\u00e1mite y\/o servicio, realizando todos los eventos p\u00fablicos en espacios abiertos.<\/p>\n\n\n\n<p>El Ayuntamiento de Cuernavaca pidi\u00f3 a los cuernavacenses a que en caso de presentar alg\u00fan s\u00edntoma seguir las indicaciones establecidas por el sector salud para romper la cadena de transmisi\u00f3n del Covi-19, particularmente porque la capital del estado, debido a su densidad poblacional y las caracter\u00edsticas de movilidad que tiene, ha presentado desde el inicio de la pandemia un mayor n\u00famero de contagios.<\/p>\n\n\n\n<figure class=\"wp-container-2 wp-block-gallery-1 wp-block-gallery has-nested-images columns-default is-cropped\">\n<figure class=\"wp-block-image size-large\"><img loading=\"lazy\" width=\"1024\" height=\"683\" data-id=\"15437\"  src=\"https:\/\/cuernavaca.gob.mx\/wp-content\/uploads\/2022\/07\/Refuerzo-medidas-COVID-01-1024x683.jpg\" alt=\"\" class=\"wp-image-15437\" srcset=\"https:\/\/cuernavaca.gob.mx\/wp-content\/uploads\/2022\/07\/Refuerzo-medidas-COVID-01-1024x683.jpg 1024w, https:\/\/cuernavaca.gob.mx\/wp-content\/uploads\/2022\/07\/Refuerzo-medidas-COVID-01-300x200.jpg 300w, https:\/\/cuernavaca.gob.mx\/wp-content\/uploads\/2022\/07\/Refuerzo-medidas-COVID-01-768x512.jpg 768w, https:\/\/cuernavaca.gob.mx\/wp-content\/uploads\/2022\/07\/Refuerzo-medidas-COVID-01-1536x1024.jpg 1536w, https:\/\/cuernavaca.gob.mx\/wp-content\/uploads\/2022\/07\/Refuerzo-medidas-COVID-01-600x400.jpg 600w, https:\/\/cuernavaca.gob.mx\/wp-content\/uploads\/2022\/07\/Refuerzo-medidas-COVID-01-560x373.jpg 560w, https:\/\/cuernavaca.gob.mx\/wp-content\/uploads\/2022\/07\/Refuerzo-medidas-COVID-01.jpg 1599w\" sizes=\"(max-width: 1024px) 100vw, 1024px\" \/><\/figure>\n\n\n\n<figure class=\"wp-block-image size-large\"><img loading=\"lazy\" width=\"1024\" height=\"683\" data-id=\"15436\"  src=\"https:\/\/cuernavaca.gob.mx\/wp-content\/uploads\/2022\/07\/Refuerzo-medidas-COVID-02-1024x683.jpg\" alt=\"\" class=\"wp-image-15436\" srcset=\"https:\/\/cuernavaca.gob.mx\/wp-content\/uploads\/2022\/07\/Refuerzo-medidas-COVID-02-1024x683.jpg 1024w, https:\/\/cuernavaca.gob.mx\/wp-content\/uploads\/2022\/07\/Refuerzo-medidas-COVID-02-300x200.jpg 300w, https:\/\/cuernavaca.gob.mx\/wp-content\/uploads\/2022\/07\/Refuerzo-medidas-COVID-02-768x512.jpg 768w, https:\/\/cuernavaca.gob.mx\/wp-content\/uploads\/2022\/07\/Refuerzo-medidas-COVID-02-1536x1024.jpg 1536w, https:\/\/cuernavaca.gob.mx\/wp-content\/uploads\/2022\/07\/Refuerzo-medidas-COVID-02-600x400.jpg 600w, https:\/\/cuernavaca.gob.mx\/wp-content\/uploads\/2022\/07\/Refuerzo-medidas-COVID-02-560x373.jpg 560w, https:\/\/cuernavaca.gob.mx\/wp-content\/uploads\/2022\/07\/Refuerzo-medidas-COVID-02.jpg 1599w\" sizes=\"(max-width: 1024px) 100vw, 1024px\" \/><\/figure>\n<\/figure>\n","protected":false},"excerpt":{"rendered":"<p>El exhorto a la poblaci\u00f3n es mantener el uso de cubrebocas y el aseo constante de manos con agua y jab\u00f3n o alcohol en gel Al interior de oficinas e instalaciones del Ayuntamiento las medidas de prevenci\u00f3n sin obligatorias Frente al aumento de casos positivos del SARS-CoV-2, virus causante de la Covid-19 en el municipio [&hellip;]<\/p>\n","protected":false},"author":1,"featured_media":15436,"comment_status":"closed","ping_status":"closed","sticky":false,"template":"","format":"standard","meta":[],"categories":[118,20,899],"tags":[1692,1689,1691,187,1690,354,121,120,384,403],"aioseo_notices":[],"_links":{"self":[{"href":"https:\/\/cuernavaca.gob.mx\/index.php?rest_route=\/wp\/v2\/posts\/15435"}],"collection":[{"href":"https:\/\/cuernavaca.gob.mx\/index.php?rest_route=\/wp\/v2\/posts"}],"about":[{"href":"https:\/\/cuernavaca.gob.mx\/index.php?rest_route=\/wp\/v2\/types\/post"}],"author":[{"embeddable":true,"href":"https:\/\/cuernavaca.gob.mx\/index.php?rest_route=\/wp\/v2\/users\/1"}],"replies":[{"embeddable":true,"href":"https:\/\/cuernavaca.gob.mx\/index.php?rest_route=%2Fwp%2Fv2%2Fcomments&post=15435"}],"version-history":[{"count":1,"href":"https:\/\/cuernavaca.gob.mx\/index.php?rest_route=\/wp\/v2\/posts\/15435\/revisions"}],"predecessor-version":[{"id":15438,"href":"https:\/\/cuernavaca.gob.mx\/index.php?rest_route=\/wp\/v2\/posts\/15435\/revisions\/15438"}],"wp:featuredmedia":[{"embeddable":true,"href":"https:\/\/cuernavaca.gob.mx\/index.php?rest_route=\/wp\/v2\/media\/15436"}],"wp:attachment":[{"href":"https:\/\/cuernavaca.gob.mx\/index.php?rest_route=%2Fwp%2Fv2%2Fmedia&parent=15435"}],"wp:term":[{"taxonomy":"category","embeddable":true,"href":"https:\/\/cuernavaca.gob.mx\/index.php?rest_route=%2Fwp%2Fv2%2Fcategories&post=15435"},{"taxonomy":"post_tag","embeddable":true,"href":"https:\/\/cuernavaca.gob.mx\/index.php?rest_route=%2Fwp%2Fv2%2Ftags&post=15435"}],"curies":[{"name":"wp","href":"https:\/\/api.w.org\/{rel}","templated":true}]}}