{"id":15442,"date":"2022-07-01T16:00:00","date_gmt":"2022-07-01T21:00:00","guid":{"rendered":"https:\/\/cuernavaca.gob.mx\/?p=15442"},"modified":"2025-05-06T11:27:26","modified_gmt":"2025-05-06T17:27:26","slug":"b476-01-07-22-consolidan-jose-luis-uriostegui-y-jon-benjamin-lazos-de-colaboracion-entre-cuernavaca-y-reino-unido","status":"publish","type":"post","link":"https:\/\/cuernavaca.gob.mx\/?p=15442","title":{"rendered":"B476 01\/07\/22 CONSOLIDAN JOS\u00c9 LUIS URI\u00d3STEGUI Y JON BENJAMIN LAZOS DE COLABORACI\u00d3N ENTRE CUERNAVACA Y REINO UNIDO"},"content":{"rendered":"\n<p><strong>El presidente municipal celebr\u00f3 la visita oficial a la capital del estado del Excmo. Sr. Jon Benjamin, Embajador de Reino Unido en M\u00e9xico<\/strong><\/p>\n\n\n\n<p><strong> Cuernavaca se suma a las 11 ciudades que estar\u00e1n recibiendo asesor\u00eda para la movilidad activa y sustentable que beneficie a la poblaci\u00f3n<\/strong><\/p>\n\n\n\n<p>Con el prop\u00f3sito de fortalecer su relaci\u00f3n y estrechar lazos que beneficien a la poblaci\u00f3n cuernavacense, el presidente municipal de Cuernavaca, Jos\u00e9 Luis Uri\u00f3stegui Salgado recibi\u00f3 este viernes en visita oficial al Excmo. Sr. Jon Benjamin, Embajador de Reino Unido en M\u00e9xico, dentro del marco de la consolidaci\u00f3n de iniciativa RE-ACTIVA.MX, la cual busca contribuir a la implementaci\u00f3n de infraestructura para la movilidad activa y sustentable en avenidas de la ciudad.<\/p>\n\n\n\n<p>Durante la visita oficial, el presidente municipal y el diplom\u00e1tico brit\u00e1nico recorrieron el emblem\u00e1tico Jard\u00edn Borda donde encabezados por la directora general de Museos y Exposiciones de la Secretar\u00eda de Turismo y Cultura, Elena Gonz\u00e1lez L\u00f3pez, disfrutaron de la exposici\u00f3n \u201cEl fulgor de los colores\u201d, un homenaje a Rafael Maz\u00f3n.<\/p>\n\n\n\n<p>El acto protocolario tuvo como sede el Museo de la Ciudad, donde el alcalde, Jos\u00e9 Luis Uri\u00f3stegui, dio la bienvenida al Embajador de Reino Unido, se\u00f1alando que la visita ocurri\u00f3 para formalizar la distinci\u00f3n que recibi\u00f3 Cuernavaca de la asesor\u00eda para la movilidad en veh\u00edculos de propulsi\u00f3n humana a partir del proyecto que present\u00f3 el municipio, junto con el grupo de ciclistas \u201cIntr\u00e9pidas\u201d, a fin de establecer un carril para bicicletas sobre la avenida Palmira con m\u00e1s de tres kil\u00f3metros de distancia.<\/p>\n\n\n\n<p>Ante personal diplom\u00e1tico acreditado en M\u00e9xico de esta Embajada, integrantes del Cabildo, miembros del Consejo Municipal de la Cultura y las Artes, de cronistas de la ciudad y del Gabinete Municipal, el alcalde destac\u00f3 que a partir de este acercamiento se podr\u00e1n consolidar relaciones que motiven un intercambio para generar derrama econ\u00f3mica que favorezca a la capital del estado.<\/p>\n\n\n\n<p>\u201cPara nosotros este es un evento relevante el que se est\u00e9 trabajando coordinadamente con un pa\u00eds tan comprometido en la preservaci\u00f3n del medio ambiente y el combate al calentamiento global y que hoy su representante en M\u00e9xico nos distinga con su presencia\u201d, expres\u00f3.<\/p>\n\n\n\n<p>En el marco de los 200 a\u00f1os de la relaci\u00f3n bilateral que mantienen M\u00e9xico y Reino Unido, el embajador, Jon Benjamin, agradeci\u00f3 la hospitalidad brindada por el Ayuntamiento de Cuernavaca para llevar a cabo esta visita que clasific\u00f3 como agradable y productiva, reconociendo la voluntad y visi\u00f3n del Gobierno Municipal para realizar acciones locales en pro de la mitigaci\u00f3n de los efectos negativos del cambio clim\u00e1tico.<\/p>\n\n\n\n<p>Precis\u00f3 que \u00e9sta no ser\u00e1 la \u00fanica ocasi\u00f3n que visite la ciudad de la Eterna Primavera, que ya hab\u00eda podido conocer con su familia hace unos meses, pero ahora en visita oficial para poner en marcha el proyecto que lleva por nombre Paseo Palmira, avenida que contar\u00e1 con un carril de ciclismo en la ciudad.<\/p>\n\n\n\n<p>\u201cMe da mucho orgullo que en conjunto con la sociedad civil y nuestro programa gubernamental brit\u00e1nico que se llama UK PACT, que es un programa medio ambiental, estemos cooperando para promover la movilidad activa que reduzca emisiones de gases de efecto invernadero en Cuernavaca\u201d, resalt\u00f3.<\/p>\n\n\n\n<p>Cabe se\u00f1alar que, durante la visita oficial a Cuernavaca, el representante de Reino Unido en M\u00e9xico conoci\u00f3 la actividad industrial y comercial de la zona metropolitana, visitando la planta brit\u00e1nica de la empresa de productos farmac\u00e9uticos, GSK, en Civac que genera cerca de 300 empleos en el estado, con un enfoque de sustentabilidad y responsabilidad social.<\/p>\n\n\n\n<figure class=\"wp-container-2 wp-block-gallery-1 wp-block-gallery has-nested-images columns-default is-cropped\">\n<figure class=\"wp-block-image size-large\"><img loading=\"lazy\" width=\"819\" height=\"1024\" data-id=\"15444\"  src=\"https:\/\/cuernavaca.gob.mx\/wp-content\/uploads\/2022\/07\/Embajador-Reino-Unido-01-819x1024.jpg\" alt=\"\" class=\"wp-image-15444\" srcset=\"https:\/\/cuernavaca.gob.mx\/wp-content\/uploads\/2022\/07\/Embajador-Reino-Unido-01-819x1024.jpg 819w, https:\/\/cuernavaca.gob.mx\/wp-content\/uploads\/2022\/07\/Embajador-Reino-Unido-01-240x300.jpg 240w, https:\/\/cuernavaca.gob.mx\/wp-content\/uploads\/2022\/07\/Embajador-Reino-Unido-01-768x960.jpg 768w, https:\/\/cuernavaca.gob.mx\/wp-content\/uploads\/2022\/07\/Embajador-Reino-Unido-01-480x600.jpg 480w, https:\/\/cuernavaca.gob.mx\/wp-content\/uploads\/2022\/07\/Embajador-Reino-Unido-01-448x560.jpg 448w, https:\/\/cuernavaca.gob.mx\/wp-content\/uploads\/2022\/07\/Embajador-Reino-Unido-01.jpg 1024w\" sizes=\"(max-width: 819px) 100vw, 819px\" \/><\/figure>\n\n\n\n<figure class=\"wp-block-image size-large\"><img loading=\"lazy\" width=\"1024\" height=\"682\" data-id=\"15446\"  src=\"https:\/\/cuernavaca.gob.mx\/wp-content\/uploads\/2022\/07\/Embajador-Reino-Unido-02-1024x682.jpg\" alt=\"\" class=\"wp-image-15446\" srcset=\"https:\/\/cuernavaca.gob.mx\/wp-content\/uploads\/2022\/07\/Embajador-Reino-Unido-02-1024x682.jpg 1024w, https:\/\/cuernavaca.gob.mx\/wp-content\/uploads\/2022\/07\/Embajador-Reino-Unido-02-300x200.jpg 300w, https:\/\/cuernavaca.gob.mx\/wp-content\/uploads\/2022\/07\/Embajador-Reino-Unido-02-768x512.jpg 768w, https:\/\/cuernavaca.gob.mx\/wp-content\/uploads\/2022\/07\/Embajador-Reino-Unido-02-600x400.jpg 600w, https:\/\/cuernavaca.gob.mx\/wp-content\/uploads\/2022\/07\/Embajador-Reino-Unido-02-560x373.jpg 560w, https:\/\/cuernavaca.gob.mx\/wp-content\/uploads\/2022\/07\/Embajador-Reino-Unido-02.jpg 1280w\" sizes=\"(max-width: 1024px) 100vw, 1024px\" \/><\/figure>\n\n\n\n<figure class=\"wp-block-image size-large\"><img loading=\"lazy\" width=\"1024\" height=\"682\" data-id=\"15448\"  src=\"https:\/\/cuernavaca.gob.mx\/wp-content\/uploads\/2022\/07\/Embajador-Reino-Unido-03-1024x682.jpg\" alt=\"\" class=\"wp-image-15448\" srcset=\"https:\/\/cuernavaca.gob.mx\/wp-content\/uploads\/2022\/07\/Embajador-Reino-Unido-03-1024x682.jpg 1024w, https:\/\/cuernavaca.gob.mx\/wp-content\/uploads\/2022\/07\/Embajador-Reino-Unido-03-300x200.jpg 300w, https:\/\/cuernavaca.gob.mx\/wp-content\/uploads\/2022\/07\/Embajador-Reino-Unido-03-768x512.jpg 768w, https:\/\/cuernavaca.gob.mx\/wp-content\/uploads\/2022\/07\/Embajador-Reino-Unido-03-600x400.jpg 600w, https:\/\/cuernavaca.gob.mx\/wp-content\/uploads\/2022\/07\/Embajador-Reino-Unido-03-560x373.jpg 560w, https:\/\/cuernavaca.gob.mx\/wp-content\/uploads\/2022\/07\/Embajador-Reino-Unido-03.jpg 1280w\" sizes=\"(max-width: 1024px) 100vw, 1024px\" \/><\/figure>\n\n\n\n<figure class=\"wp-block-image size-large\"><img loading=\"lazy\" width=\"1024\" height=\"682\" data-id=\"15443\"  src=\"https:\/\/cuernavaca.gob.mx\/wp-content\/uploads\/2022\/07\/Embajador-Reino-Unido-04-1024x682.jpg\" alt=\"\" class=\"wp-image-15443\" srcset=\"https:\/\/cuernavaca.gob.mx\/wp-content\/uploads\/2022\/07\/Embajador-Reino-Unido-04-1024x682.jpg 1024w, https:\/\/cuernavaca.gob.mx\/wp-content\/uploads\/2022\/07\/Embajador-Reino-Unido-04-300x200.jpg 300w, https:\/\/cuernavaca.gob.mx\/wp-content\/uploads\/2022\/07\/Embajador-Reino-Unido-04-768x512.jpg 768w, https:\/\/cuernavaca.gob.mx\/wp-content\/uploads\/2022\/07\/Embajador-Reino-Unido-04-600x400.jpg 600w, https:\/\/cuernavaca.gob.mx\/wp-content\/uploads\/2022\/07\/Embajador-Reino-Unido-04-560x373.jpg 560w, https:\/\/cuernavaca.gob.mx\/wp-content\/uploads\/2022\/07\/Embajador-Reino-Unido-04.jpg 1280w\" sizes=\"(max-width: 1024px) 100vw, 1024px\" \/><\/figure>\n\n\n\n<figure class=\"wp-block-image size-large\"><img loading=\"lazy\" width=\"1024\" height=\"682\" data-id=\"15447\"  src=\"https:\/\/cuernavaca.gob.mx\/wp-content\/uploads\/2022\/07\/Embajador-Reino-Unido-05-1024x682.jpg\" alt=\"\" class=\"wp-image-15447\" srcset=\"https:\/\/cuernavaca.gob.mx\/wp-content\/uploads\/2022\/07\/Embajador-Reino-Unido-05-1024x682.jpg 1024w, https:\/\/cuernavaca.gob.mx\/wp-content\/uploads\/2022\/07\/Embajador-Reino-Unido-05-300x200.jpg 300w, https:\/\/cuernavaca.gob.mx\/wp-content\/uploads\/2022\/07\/Embajador-Reino-Unido-05-768x512.jpg 768w, https:\/\/cuernavaca.gob.mx\/wp-content\/uploads\/2022\/07\/Embajador-Reino-Unido-05-600x400.jpg 600w, https:\/\/cuernavaca.gob.mx\/wp-content\/uploads\/2022\/07\/Embajador-Reino-Unido-05-560x373.jpg 560w, https:\/\/cuernavaca.gob.mx\/wp-content\/uploads\/2022\/07\/Embajador-Reino-Unido-05.jpg 1280w\" sizes=\"(max-width: 1024px) 100vw, 1024px\" \/><\/figure>\n\n\n\n<figure class=\"wp-block-image size-large\"><img loading=\"lazy\" width=\"1024\" height=\"682\" data-id=\"15445\"  src=\"https:\/\/cuernavaca.gob.mx\/wp-content\/uploads\/2022\/07\/Embajador-Reino-Unido-06-1024x682.jpg\" alt=\"\" class=\"wp-image-15445\" srcset=\"https:\/\/cuernavaca.gob.mx\/wp-content\/uploads\/2022\/07\/Embajador-Reino-Unido-06-1024x682.jpg 1024w, https:\/\/cuernavaca.gob.mx\/wp-content\/uploads\/2022\/07\/Embajador-Reino-Unido-06-300x200.jpg 300w, https:\/\/cuernavaca.gob.mx\/wp-content\/uploads\/2022\/07\/Embajador-Reino-Unido-06-768x512.jpg 768w, https:\/\/cuernavaca.gob.mx\/wp-content\/uploads\/2022\/07\/Embajador-Reino-Unido-06-600x400.jpg 600w, https:\/\/cuernavaca.gob.mx\/wp-content\/uploads\/2022\/07\/Embajador-Reino-Unido-06-560x373.jpg 560w, https:\/\/cuernavaca.gob.mx\/wp-content\/uploads\/2022\/07\/Embajador-Reino-Unido-06.jpg 1280w\" sizes=\"(max-width: 1024px) 100vw, 1024px\" \/><\/figure>\n\n\n\n<figure class=\"wp-block-image size-large\"><img loading=\"lazy\" width=\"1024\" height=\"682\" data-id=\"15449\"  src=\"https:\/\/cuernavaca.gob.mx\/wp-content\/uploads\/2022\/07\/Embajador-Reino-Unido-07-1024x682.jpg\" alt=\"\" class=\"wp-image-15449\" srcset=\"https:\/\/cuernavaca.gob.mx\/wp-content\/uploads\/2022\/07\/Embajador-Reino-Unido-07-1024x682.jpg 1024w, https:\/\/cuernavaca.gob.mx\/wp-content\/uploads\/2022\/07\/Embajador-Reino-Unido-07-300x200.jpg 300w, https:\/\/cuernavaca.gob.mx\/wp-content\/uploads\/2022\/07\/Embajador-Reino-Unido-07-768x512.jpg 768w, https:\/\/cuernavaca.gob.mx\/wp-content\/uploads\/2022\/07\/Embajador-Reino-Unido-07-600x400.jpg 600w, https:\/\/cuernavaca.gob.mx\/wp-content\/uploads\/2022\/07\/Embajador-Reino-Unido-07-560x373.jpg 560w, https:\/\/cuernavaca.gob.mx\/wp-content\/uploads\/2022\/07\/Embajador-Reino-Unido-07.jpg 1280w\" sizes=\"(max-width: 1024px) 100vw, 1024px\" \/><\/figure>\n\n\n\n<figure class=\"wp-block-image size-large\"><img loading=\"lazy\" width=\"1024\" height=\"682\" data-id=\"15450\"  src=\"https:\/\/cuernavaca.gob.mx\/wp-content\/uploads\/2022\/07\/Embajador-Reino-Unido-08-1024x682.jpg\" alt=\"\" class=\"wp-image-15450\" srcset=\"https:\/\/cuernavaca.gob.mx\/wp-content\/uploads\/2022\/07\/Embajador-Reino-Unido-08-1024x682.jpg 1024w, https:\/\/cuernavaca.gob.mx\/wp-content\/uploads\/2022\/07\/Embajador-Reino-Unido-08-300x200.jpg 300w, https:\/\/cuernavaca.gob.mx\/wp-content\/uploads\/2022\/07\/Embajador-Reino-Unido-08-768x512.jpg 768w, https:\/\/cuernavaca.gob.mx\/wp-content\/uploads\/2022\/07\/Embajador-Reino-Unido-08-600x400.jpg 600w, https:\/\/cuernavaca.gob.mx\/wp-content\/uploads\/2022\/07\/Embajador-Reino-Unido-08-560x373.jpg 560w, https:\/\/cuernavaca.gob.mx\/wp-content\/uploads\/2022\/07\/Embajador-Reino-Unido-08.jpg 1280w\" sizes=\"(max-width: 1024px) 100vw, 1024px\" \/><\/figure>\n\n\n\n<figure class=\"wp-block-image size-large\"><img loading=\"lazy\" width=\"1024\" height=\"682\" data-id=\"15452\"  src=\"https:\/\/cuernavaca.gob.mx\/wp-content\/uploads\/2022\/07\/Embajador-Reino-Unido-09-1024x682.jpg\" alt=\"\" class=\"wp-image-15452\" srcset=\"https:\/\/cuernavaca.gob.mx\/wp-content\/uploads\/2022\/07\/Embajador-Reino-Unido-09-1024x682.jpg 1024w, https:\/\/cuernavaca.gob.mx\/wp-content\/uploads\/2022\/07\/Embajador-Reino-Unido-09-300x200.jpg 300w, https:\/\/cuernavaca.gob.mx\/wp-content\/uploads\/2022\/07\/Embajador-Reino-Unido-09-768x512.jpg 768w, https:\/\/cuernavaca.gob.mx\/wp-content\/uploads\/2022\/07\/Embajador-Reino-Unido-09-600x400.jpg 600w, https:\/\/cuernavaca.gob.mx\/wp-content\/uploads\/2022\/07\/Embajador-Reino-Unido-09-560x373.jpg 560w, https:\/\/cuernavaca.gob.mx\/wp-content\/uploads\/2022\/07\/Embajador-Reino-Unido-09.jpg 1280w\" sizes=\"(max-width: 1024px) 100vw, 1024px\" \/><\/figure>\n\n\n\n<figure class=\"wp-block-image size-large\"><img loading=\"lazy\" width=\"1024\" height=\"682\" data-id=\"15454\"  src=\"https:\/\/cuernavaca.gob.mx\/wp-content\/uploads\/2022\/07\/Embajador-Reino-Unido-10-1024x682.jpg\" alt=\"\" class=\"wp-image-15454\" srcset=\"https:\/\/cuernavaca.gob.mx\/wp-content\/uploads\/2022\/07\/Embajador-Reino-Unido-10-1024x682.jpg 1024w, https:\/\/cuernavaca.gob.mx\/wp-content\/uploads\/2022\/07\/Embajador-Reino-Unido-10-300x200.jpg 300w, https:\/\/cuernavaca.gob.mx\/wp-content\/uploads\/2022\/07\/Embajador-Reino-Unido-10-768x512.jpg 768w, https:\/\/cuernavaca.gob.mx\/wp-content\/uploads\/2022\/07\/Embajador-Reino-Unido-10-600x400.jpg 600w, https:\/\/cuernavaca.gob.mx\/wp-content\/uploads\/2022\/07\/Embajador-Reino-Unido-10-560x373.jpg 560w, https:\/\/cuernavaca.gob.mx\/wp-content\/uploads\/2022\/07\/Embajador-Reino-Unido-10.jpg 1280w\" sizes=\"(max-width: 1024px) 100vw, 1024px\" \/><\/figure>\n\n\n\n<figure class=\"wp-block-image size-large\"><img loading=\"lazy\" width=\"1024\" height=\"682\" data-id=\"15451\"  src=\"https:\/\/cuernavaca.gob.mx\/wp-content\/uploads\/2022\/07\/Embajador-Reino-Unido-11-1024x682.jpg\" alt=\"\" class=\"wp-image-15451\" srcset=\"https:\/\/cuernavaca.gob.mx\/wp-content\/uploads\/2022\/07\/Embajador-Reino-Unido-11-1024x682.jpg 1024w, https:\/\/cuernavaca.gob.mx\/wp-content\/uploads\/2022\/07\/Embajador-Reino-Unido-11-300x200.jpg 300w, https:\/\/cuernavaca.gob.mx\/wp-content\/uploads\/2022\/07\/Embajador-Reino-Unido-11-768x512.jpg 768w, https:\/\/cuernavaca.gob.mx\/wp-content\/uploads\/2022\/07\/Embajador-Reino-Unido-11-600x400.jpg 600w, https:\/\/cuernavaca.gob.mx\/wp-content\/uploads\/2022\/07\/Embajador-Reino-Unido-11-560x373.jpg 560w, https:\/\/cuernavaca.gob.mx\/wp-content\/uploads\/2022\/07\/Embajador-Reino-Unido-11.jpg 1280w\" sizes=\"(max-width: 1024px) 100vw, 1024px\" \/><\/figure>\n\n\n\n<figure class=\"wp-block-image size-large\"><img loading=\"lazy\" width=\"1024\" height=\"682\" data-id=\"15453\"  src=\"https:\/\/cuernavaca.gob.mx\/wp-content\/uploads\/2022\/07\/Embajador-Reino-Unido-12-1024x682.jpg\" alt=\"\" class=\"wp-image-15453\" srcset=\"https:\/\/cuernavaca.gob.mx\/wp-content\/uploads\/2022\/07\/Embajador-Reino-Unido-12-1024x682.jpg 1024w, https:\/\/cuernavaca.gob.mx\/wp-content\/uploads\/2022\/07\/Embajador-Reino-Unido-12-300x200.jpg 300w, https:\/\/cuernavaca.gob.mx\/wp-content\/uploads\/2022\/07\/Embajador-Reino-Unido-12-768x512.jpg 768w, https:\/\/cuernavaca.gob.mx\/wp-content\/uploads\/2022\/07\/Embajador-Reino-Unido-12-600x400.jpg 600w, https:\/\/cuernavaca.gob.mx\/wp-content\/uploads\/2022\/07\/Embajador-Reino-Unido-12-560x373.jpg 560w, https:\/\/cuernavaca.gob.mx\/wp-content\/uploads\/2022\/07\/Embajador-Reino-Unido-12.jpg 1280w\" sizes=\"(max-width: 1024px) 100vw, 1024px\" \/><\/figure>\n\n\n\n<figure class=\"wp-block-image size-large\"><img loading=\"lazy\" width=\"1024\" height=\"682\" data-id=\"15455\"  src=\"https:\/\/cuernavaca.gob.mx\/wp-content\/uploads\/2022\/07\/Embajador-Reino-Unido-13-1024x682.jpg\" alt=\"\" class=\"wp-image-15455\" srcset=\"https:\/\/cuernavaca.gob.mx\/wp-content\/uploads\/2022\/07\/Embajador-Reino-Unido-13-1024x682.jpg 1024w, https:\/\/cuernavaca.gob.mx\/wp-content\/uploads\/2022\/07\/Embajador-Reino-Unido-13-300x200.jpg 300w, https:\/\/cuernavaca.gob.mx\/wp-content\/uploads\/2022\/07\/Embajador-Reino-Unido-13-768x512.jpg 768w, https:\/\/cuernavaca.gob.mx\/wp-content\/uploads\/2022\/07\/Embajador-Reino-Unido-13-600x400.jpg 600w, https:\/\/cuernavaca.gob.mx\/wp-content\/uploads\/2022\/07\/Embajador-Reino-Unido-13-560x373.jpg 560w, https:\/\/cuernavaca.gob.mx\/wp-content\/uploads\/2022\/07\/Embajador-Reino-Unido-13.jpg 1280w\" sizes=\"(max-width: 1024px) 100vw, 1024px\" \/><\/figure>\n<\/figure>\n","protected":false},"excerpt":{"rendered":"<p>El presidente municipal celebr\u00f3 la visita oficial a la capital del estado del Excmo. Sr. Jon Benjamin, Embajador de Reino Unido en M\u00e9xico Cuernavaca se suma a las 11 ciudades que estar\u00e1n recibiendo asesor\u00eda para la movilidad activa y sustentable que beneficie a la poblaci\u00f3n Con el prop\u00f3sito de fortalecer su relaci\u00f3n y estrechar lazos [&hellip;]<\/p>\n","protected":false},"author":1,"featured_media":15454,"comment_status":"closed","ping_status":"closed","sticky":false,"template":"","format":"standard","meta":[],"categories":[20,21],"tags":[1695,121,1696,1198,1697,1694,1451,1693,120,1199],"aioseo_notices":[],"_links":{"self":[{"href":"https:\/\/cuernavaca.gob.mx\/index.php?rest_route=\/wp\/v2\/posts\/15442"}],"collection":[{"href":"https:\/\/cuernavaca.gob.mx\/index.php?rest_route=\/wp\/v2\/posts"}],"about":[{"href":"https:\/\/cuernavaca.gob.mx\/index.php?rest_route=\/wp\/v2\/types\/post"}],"author":[{"embeddable":true,"href":"https:\/\/cuernavaca.gob.mx\/index.php?rest_route=\/wp\/v2\/users\/1"}],"replies":[{"embeddable":true,"href":"https:\/\/cuernavaca.gob.mx\/index.php?rest_route=%2Fwp%2Fv2%2Fcomments&post=15442"}],"version-history":[{"count":1,"href":"https:\/\/cuernavaca.gob.mx\/index.php?rest_route=\/wp\/v2\/posts\/15442\/revisions"}],"predecessor-version":[{"id":15456,"href":"https:\/\/cuernavaca.gob.mx\/index.php?rest_route=\/wp\/v2\/posts\/15442\/revisions\/15456"}],"wp:featuredmedia":[{"embeddable":true,"href":"https:\/\/cuernavaca.gob.mx\/index.php?rest_route=\/wp\/v2\/media\/15454"}],"wp:attachment":[{"href":"https:\/\/cuernavaca.gob.mx\/index.php?rest_route=%2Fwp%2Fv2%2Fmedia&parent=15442"}],"wp:term":[{"taxonomy":"category","embeddable":true,"href":"https:\/\/cuernavaca.gob.mx\/index.php?rest_route=%2Fwp%2Fv2%2Fcategories&post=15442"},{"taxonomy":"post_tag","embeddable":true,"href":"https:\/\/cuernavaca.gob.mx\/index.php?rest_route=%2Fwp%2Fv2%2Ftags&post=15442"}],"curies":[{"name":"wp","href":"https:\/\/api.w.org\/{rel}","templated":true}]}}