{"id":15457,"date":"2022-07-01T17:00:00","date_gmt":"2022-07-01T22:00:00","guid":{"rendered":"https:\/\/cuernavaca.gob.mx\/?p=15457"},"modified":"2025-05-06T11:27:26","modified_gmt":"2025-05-06T17:27:26","slug":"f103-01-06-22-cuernavaca-y-reino-unido-coinciden-en-politicas-publicas-por-la-sustentabilidad-y-la-fraternidad-entre-pueblos","status":"publish","type":"post","link":"https:\/\/cuernavaca.gob.mx\/?p=15457","title":{"rendered":"F103 01\/06\/22 CUERNAVACA Y REINO UNIDO COINCIDEN EN POL\u00cdTICAS P\u00daBLICAS POR LA SUSTENTABILIDAD Y LA FRATERNIDAD ENTRE PUEBLOS"},"content":{"rendered":"\n<p>Coincidencias en pol\u00edticas p\u00fablicas a favor del medio ambiente, la sustentabilidad y contra el cambio clim\u00e1tico; exponer en la mesa lo que representa la capital del estado de Morelos como tierra de oportunidades para proyectos de desarrollo en diferentes vertientes en los cuales hay experiencias exitosas fueron algunos temas que se conversaron en el encuentro coloquial que sostuvieron el presidente municipal de Cuernavaca, Jos\u00e9 Luis Uri\u00f3stegui Salgado y el Excelent\u00edsimo Se\u00f1or Jon Benjamin, Embajador de Reino Unido en M\u00e9xico de visita oficial al municipio.<\/p>\n\n\n\n<p>En este encuentro en el que tambi\u00e9n asistieron y participaron integrantes del Cabildo y Gabinete de Cuernavaca, as\u00ed como Ricardo Solano Olivera, Jefe de Pol\u00edtica Interna, Mariana Melgarejo, Encargada de Visitas y Asuntos Pol\u00edticos y Carlos Lozano, Coordinador Nacional de UK PACT de la Embajada de Reino Unido, qued\u00f3 demostrado porque la Ciudad de la Eterna Primavera es reconocida a nivel internacional por su hospitalidad y fraternidad con los pueblos del mundo.<\/p>\n\n\n\n<figure class=\"wp-container-2 wp-block-gallery-1 wp-block-gallery has-nested-images columns-default is-cropped\">\n<figure class=\"wp-block-image size-large\"><img loading=\"lazy\" width=\"1024\" height=\"682\" data-id=\"15460\"  src=\"https:\/\/cuernavaca.gob.mx\/wp-content\/uploads\/2022\/07\/Sustentabilidad-y-fraternidad-con-Reino-Unido-01-1024x682.jpg\" alt=\"\" class=\"wp-image-15460\" srcset=\"https:\/\/cuernavaca.gob.mx\/wp-content\/uploads\/2022\/07\/Sustentabilidad-y-fraternidad-con-Reino-Unido-01-1024x682.jpg 1024w, https:\/\/cuernavaca.gob.mx\/wp-content\/uploads\/2022\/07\/Sustentabilidad-y-fraternidad-con-Reino-Unido-01-300x200.jpg 300w, https:\/\/cuernavaca.gob.mx\/wp-content\/uploads\/2022\/07\/Sustentabilidad-y-fraternidad-con-Reino-Unido-01-768x512.jpg 768w, https:\/\/cuernavaca.gob.mx\/wp-content\/uploads\/2022\/07\/Sustentabilidad-y-fraternidad-con-Reino-Unido-01-600x400.jpg 600w, https:\/\/cuernavaca.gob.mx\/wp-content\/uploads\/2022\/07\/Sustentabilidad-y-fraternidad-con-Reino-Unido-01-560x373.jpg 560w, https:\/\/cuernavaca.gob.mx\/wp-content\/uploads\/2022\/07\/Sustentabilidad-y-fraternidad-con-Reino-Unido-01.jpg 1280w\" sizes=\"(max-width: 1024px) 100vw, 1024px\" \/><\/figure>\n\n\n\n<figure class=\"wp-block-image size-large\"><img loading=\"lazy\" width=\"1024\" height=\"682\" data-id=\"15461\"  src=\"https:\/\/cuernavaca.gob.mx\/wp-content\/uploads\/2022\/07\/Sustentabilidad-y-fraternidad-con-Reino-Unido-02-1024x682.jpg\" alt=\"\" class=\"wp-image-15461\" srcset=\"https:\/\/cuernavaca.gob.mx\/wp-content\/uploads\/2022\/07\/Sustentabilidad-y-fraternidad-con-Reino-Unido-02-1024x682.jpg 1024w, https:\/\/cuernavaca.gob.mx\/wp-content\/uploads\/2022\/07\/Sustentabilidad-y-fraternidad-con-Reino-Unido-02-300x200.jpg 300w, https:\/\/cuernavaca.gob.mx\/wp-content\/uploads\/2022\/07\/Sustentabilidad-y-fraternidad-con-Reino-Unido-02-768x512.jpg 768w, https:\/\/cuernavaca.gob.mx\/wp-content\/uploads\/2022\/07\/Sustentabilidad-y-fraternidad-con-Reino-Unido-02-600x400.jpg 600w, https:\/\/cuernavaca.gob.mx\/wp-content\/uploads\/2022\/07\/Sustentabilidad-y-fraternidad-con-Reino-Unido-02-560x373.jpg 560w, https:\/\/cuernavaca.gob.mx\/wp-content\/uploads\/2022\/07\/Sustentabilidad-y-fraternidad-con-Reino-Unido-02.jpg 1280w\" sizes=\"(max-width: 1024px) 100vw, 1024px\" \/><\/figure>\n\n\n\n<figure class=\"wp-block-image size-large\"><img loading=\"lazy\" width=\"1024\" height=\"682\" data-id=\"15462\"  src=\"https:\/\/cuernavaca.gob.mx\/wp-content\/uploads\/2022\/07\/Sustentabilidad-y-fraternidad-con-Reino-Unido-03-1024x682.jpg\" alt=\"\" class=\"wp-image-15462\" srcset=\"https:\/\/cuernavaca.gob.mx\/wp-content\/uploads\/2022\/07\/Sustentabilidad-y-fraternidad-con-Reino-Unido-03-1024x682.jpg 1024w, https:\/\/cuernavaca.gob.mx\/wp-content\/uploads\/2022\/07\/Sustentabilidad-y-fraternidad-con-Reino-Unido-03-300x200.jpg 300w, https:\/\/cuernavaca.gob.mx\/wp-content\/uploads\/2022\/07\/Sustentabilidad-y-fraternidad-con-Reino-Unido-03-768x512.jpg 768w, https:\/\/cuernavaca.gob.mx\/wp-content\/uploads\/2022\/07\/Sustentabilidad-y-fraternidad-con-Reino-Unido-03-600x400.jpg 600w, https:\/\/cuernavaca.gob.mx\/wp-content\/uploads\/2022\/07\/Sustentabilidad-y-fraternidad-con-Reino-Unido-03-560x373.jpg 560w, https:\/\/cuernavaca.gob.mx\/wp-content\/uploads\/2022\/07\/Sustentabilidad-y-fraternidad-con-Reino-Unido-03.jpg 1280w\" sizes=\"(max-width: 1024px) 100vw, 1024px\" \/><\/figure>\n\n\n\n<figure class=\"wp-block-image size-large\"><img loading=\"lazy\" width=\"1024\" height=\"682\" data-id=\"15459\"  src=\"https:\/\/cuernavaca.gob.mx\/wp-content\/uploads\/2022\/07\/Sustentabilidad-y-fraternidad-con-Reino-Unido-04-1024x682.jpg\" alt=\"\" class=\"wp-image-15459\" srcset=\"https:\/\/cuernavaca.gob.mx\/wp-content\/uploads\/2022\/07\/Sustentabilidad-y-fraternidad-con-Reino-Unido-04-1024x682.jpg 1024w, https:\/\/cuernavaca.gob.mx\/wp-content\/uploads\/2022\/07\/Sustentabilidad-y-fraternidad-con-Reino-Unido-04-300x200.jpg 300w, https:\/\/cuernavaca.gob.mx\/wp-content\/uploads\/2022\/07\/Sustentabilidad-y-fraternidad-con-Reino-Unido-04-768x512.jpg 768w, https:\/\/cuernavaca.gob.mx\/wp-content\/uploads\/2022\/07\/Sustentabilidad-y-fraternidad-con-Reino-Unido-04-600x400.jpg 600w, https:\/\/cuernavaca.gob.mx\/wp-content\/uploads\/2022\/07\/Sustentabilidad-y-fraternidad-con-Reino-Unido-04-560x373.jpg 560w, https:\/\/cuernavaca.gob.mx\/wp-content\/uploads\/2022\/07\/Sustentabilidad-y-fraternidad-con-Reino-Unido-04.jpg 1280w\" sizes=\"(max-width: 1024px) 100vw, 1024px\" \/><\/figure>\n\n\n\n<figure class=\"wp-block-image size-large\"><img loading=\"lazy\" width=\"1024\" height=\"682\" data-id=\"15458\"  src=\"https:\/\/cuernavaca.gob.mx\/wp-content\/uploads\/2022\/07\/Sustentabilidad-y-fraternidad-con-Reino-Unido-05-1024x682.jpg\" alt=\"\" class=\"wp-image-15458\" srcset=\"https:\/\/cuernavaca.gob.mx\/wp-content\/uploads\/2022\/07\/Sustentabilidad-y-fraternidad-con-Reino-Unido-05-1024x682.jpg 1024w, https:\/\/cuernavaca.gob.mx\/wp-content\/uploads\/2022\/07\/Sustentabilidad-y-fraternidad-con-Reino-Unido-05-300x200.jpg 300w, https:\/\/cuernavaca.gob.mx\/wp-content\/uploads\/2022\/07\/Sustentabilidad-y-fraternidad-con-Reino-Unido-05-768x512.jpg 768w, https:\/\/cuernavaca.gob.mx\/wp-content\/uploads\/2022\/07\/Sustentabilidad-y-fraternidad-con-Reino-Unido-05-600x400.jpg 600w, https:\/\/cuernavaca.gob.mx\/wp-content\/uploads\/2022\/07\/Sustentabilidad-y-fraternidad-con-Reino-Unido-05-560x373.jpg 560w, https:\/\/cuernavaca.gob.mx\/wp-content\/uploads\/2022\/07\/Sustentabilidad-y-fraternidad-con-Reino-Unido-05.jpg 1280w\" sizes=\"(max-width: 1024px) 100vw, 1024px\" \/><\/figure>\n<\/figure>\n","protected":false},"excerpt":{"rendered":"<p>Coincidencias en pol\u00edticas p\u00fablicas a favor del medio ambiente, la sustentabilidad y contra el cambio clim\u00e1tico; exponer en la mesa lo que representa la capital del estado de Morelos como tierra de oportunidades para proyectos de desarrollo en diferentes vertientes en los cuales hay experiencias exitosas fueron algunos temas que se conversaron en el encuentro [&hellip;]<\/p>\n","protected":false},"author":1,"featured_media":15459,"comment_status":"closed","ping_status":"closed","sticky":false,"template":"","format":"standard","meta":[],"categories":[20],"tags":[158,121,1700,1693,120,1199,1699,1650,1698],"aioseo_notices":[],"_links":{"self":[{"href":"https:\/\/cuernavaca.gob.mx\/index.php?rest_route=\/wp\/v2\/posts\/15457"}],"collection":[{"href":"https:\/\/cuernavaca.gob.mx\/index.php?rest_route=\/wp\/v2\/posts"}],"about":[{"href":"https:\/\/cuernavaca.gob.mx\/index.php?rest_route=\/wp\/v2\/types\/post"}],"author":[{"embeddable":true,"href":"https:\/\/cuernavaca.gob.mx\/index.php?rest_route=\/wp\/v2\/users\/1"}],"replies":[{"embeddable":true,"href":"https:\/\/cuernavaca.gob.mx\/index.php?rest_route=%2Fwp%2Fv2%2Fcomments&post=15457"}],"version-history":[{"count":1,"href":"https:\/\/cuernavaca.gob.mx\/index.php?rest_route=\/wp\/v2\/posts\/15457\/revisions"}],"predecessor-version":[{"id":15463,"href":"https:\/\/cuernavaca.gob.mx\/index.php?rest_route=\/wp\/v2\/posts\/15457\/revisions\/15463"}],"wp:featuredmedia":[{"embeddable":true,"href":"https:\/\/cuernavaca.gob.mx\/index.php?rest_route=\/wp\/v2\/media\/15459"}],"wp:attachment":[{"href":"https:\/\/cuernavaca.gob.mx\/index.php?rest_route=%2Fwp%2Fv2%2Fmedia&parent=15457"}],"wp:term":[{"taxonomy":"category","embeddable":true,"href":"https:\/\/cuernavaca.gob.mx\/index.php?rest_route=%2Fwp%2Fv2%2Fcategories&post=15457"},{"taxonomy":"post_tag","embeddable":true,"href":"https:\/\/cuernavaca.gob.mx\/index.php?rest_route=%2Fwp%2Fv2%2Ftags&post=15457"}],"curies":[{"name":"wp","href":"https:\/\/api.w.org\/{rel}","templated":true}]}}