{"id":15619,"date":"2022-07-06T17:00:00","date_gmt":"2022-07-06T22:00:00","guid":{"rendered":"https:\/\/cuernavaca.gob.mx\/?p=15619"},"modified":"2025-05-06T11:27:51","modified_gmt":"2025-05-06T17:27:51","slug":"b489-06-07-22-ayuntamiento-de-cuernavaca-destaca-trayectoria-de-mujeres-inspiradoras","status":"publish","type":"post","link":"https:\/\/cuernavaca.gob.mx\/?p=15619","title":{"rendered":"B489 06\/07\/22 AYUNTAMIENTO DE CUERNAVACA DESTACA TRAYECTORIA DE MUJERES INSPIRADORAS"},"content":{"rendered":"\n<p><strong>A iniciativa del Instituto de la Mujer de Cuernavaca se hizo un reconocimiento a la dedicaci\u00f3n, preparaci\u00f3n y logros de Andrea Escalona, campeona nacional e internacional de matem\u00e1ticas<\/strong><\/p>\n\n\n\n<p>Con el objetivo de reconocer y visibilizar las historias, trayectorias, aportaciones y talento de las mujeres cuernavacenses en diversas \u00e1reas, el presidente municipal de Cuernavaca, Jos\u00e9 Luis Uri\u00f3stegui Salgado y la directora general del Instituto de la Mujer, Lorena Castillo Castillo, entregaron este mi\u00e9rcoles un reconocimiento a la joven Andrea Escalona Contreras, por ser una mujer inspiradora, no solo en el \u00e1mbito de la academia y ciencia, sino para diferentes \u00e1mbitos de la sociedad.<\/p>\n\n\n\n<p>A sus 17 a\u00f1os de edad Andrea Escalona Contreras ha fortalecido y explotado su habilidad por el manejo de los n\u00fameros, ganando en nueve ocasiones concursos estatales de matem\u00e1ticas, as\u00ed como tambi\u00e9n en el \u00e1mbito nacional, recibiendo dos medallas de bronce, tres medallas de plata y una de oro; estos resultados, m\u00e1s su tenacidad, le permitieron participar en la reciente Olimpiada Europea Femenil de Matem\u00e1ticas (EGMO 2022, por sus siglas en ingl\u00e9s), obteniendo una medalla de bronce.<\/p>\n\n\n\n<p>Su resultado contribuy\u00f3 a posicionar a M\u00e9xico en el d\u00e9cimo quinto lugar de entre los 57 pa\u00edses participantes, una muestra de que Andrea forma parte ya de una gran generaci\u00f3n de mujeres j\u00f3venes que entienden y disfrutan de esta ciencia, que son las matem\u00e1ticas.<\/p>\n\n\n\n<p>En las oficinas de presidencia, el alcalde Jos\u00e9 Luis Uri\u00f3stegui, recalc\u00f3 que todos estos galardones no son f\u00e1ciles de alcanzar, requiriendo de dedicaci\u00f3n, disciplina y alejarse un poco de las cosas que les gustan hacer para concentrarse en esta preparaci\u00f3n, siendo hoy Andrea un ejemplo para muchas y muchos j\u00f3venes que est\u00e1n esperando oportunidades para destacar y que no siempre las tienen dadas la falta de oportunidades institucionales.<\/p>\n\n\n\n<p>\u201cNosotros a trav\u00e9s del Instituto de la Mujer tenemos conocimiento de tus logros y yo celebro que la doctora Lorena Castillo haya propuesto que te entreg\u00e1ramos un reconocimiento porque siendo una habitante de nuestro municipio no puedes pasar desapercibida. Tenemos que destacar que hay gente valiosa que est\u00e1 participando en escenarios internacionales y representando a nuestro pa\u00eds, a nuestro estado y nuestra ciudad y poniendo en alto sus nombres\u201d, expres\u00f3.<\/p>\n\n\n\n<p>En su expresi\u00f3n tras recibir este reconocimiento, Andrea Escalona Contreras, record\u00f3 que desde los ocho a\u00f1os de edad naci\u00f3 su inter\u00e9s por las matem\u00e1ticas, mientras que su deseo de participar en las olimpiadas fue al querer seguir el ejemplo de su hermana que tambi\u00e9n asist\u00eda. Fue as\u00ed como poco a poco fue escalando con perseverancia, decisi\u00f3n y mucho trabajo hasta llegar a su primera competencia internacional gracias al respaldo de sus maestros, como Ricardo D\u00edaz y del delegado estatal del comit\u00e9 organizador de la Olimpiada Mexicana de Matem\u00e1ticas, Bruno Blanco.<\/p>\n\n\n\n<p>\u201cQuiero que como pa\u00eds podamos hacer que las mujeres se sientan seguras para crecer en lo que ellas quieran, en las ciencias, en la literatura, en el arte. Decirles que pueden lograr todo lo que se imaginan, y que no existe ninguna barrera biol\u00f3gica que impida que las mujeres se desarrollen en las matem\u00e1ticas, o en cualquier ciencia, solo existe una desigualdad que puede desaparecer si trabajamos en ella\u201d, exclam\u00f3.<\/p>\n\n\n\n<p>Acompa\u00f1ada de su mam\u00e1, pap\u00e1 y hermana, afirm\u00f3 que como municipio, estado y pa\u00eds se deben formar espacios donde las personas, las mujeres, se sientan inspiradas las unas con las otras y se apoyen para crecer y desarrollarse en lo que quieran ser.<\/p>\n\n\n\n<figure class=\"wp-container-2 wp-block-gallery-1 wp-block-gallery has-nested-images columns-default is-cropped\">\n<figure class=\"wp-block-image size-large\"><img loading=\"lazy\" width=\"1024\" height=\"683\" data-id=\"15624\"  src=\"https:\/\/cuernavaca.gob.mx\/wp-content\/uploads\/2022\/07\/Andrea-Escalona-campeona-de-matema\u0301ticas-01-1024x683.jpg\" alt=\"\" class=\"wp-image-15624\" srcset=\"https:\/\/cuernavaca.gob.mx\/wp-content\/uploads\/2022\/07\/Andrea-Escalona-campeona-de-matema\u0301ticas-01-1024x683.jpg 1024w, https:\/\/cuernavaca.gob.mx\/wp-content\/uploads\/2022\/07\/Andrea-Escalona-campeona-de-matema\u0301ticas-01-300x200.jpg 300w, https:\/\/cuernavaca.gob.mx\/wp-content\/uploads\/2022\/07\/Andrea-Escalona-campeona-de-matema\u0301ticas-01-768x512.jpg 768w, https:\/\/cuernavaca.gob.mx\/wp-content\/uploads\/2022\/07\/Andrea-Escalona-campeona-de-matema\u0301ticas-01-1536x1024.jpg 1536w, https:\/\/cuernavaca.gob.mx\/wp-content\/uploads\/2022\/07\/Andrea-Escalona-campeona-de-matema\u0301ticas-01-600x400.jpg 600w, https:\/\/cuernavaca.gob.mx\/wp-content\/uploads\/2022\/07\/Andrea-Escalona-campeona-de-matema\u0301ticas-01-560x373.jpg 560w, https:\/\/cuernavaca.gob.mx\/wp-content\/uploads\/2022\/07\/Andrea-Escalona-campeona-de-matema\u0301ticas-01.jpg 1599w\" sizes=\"(max-width: 1024px) 100vw, 1024px\" \/><\/figure>\n\n\n\n<figure class=\"wp-block-image size-large\"><img loading=\"lazy\" width=\"1024\" height=\"683\" data-id=\"15622\"  src=\"https:\/\/cuernavaca.gob.mx\/wp-content\/uploads\/2022\/07\/Andrea-Escalona-campeona-de-matema\u0301ticas-02-1024x683.jpg\" alt=\"\" class=\"wp-image-15622\" srcset=\"https:\/\/cuernavaca.gob.mx\/wp-content\/uploads\/2022\/07\/Andrea-Escalona-campeona-de-matema\u0301ticas-02-1024x683.jpg 1024w, https:\/\/cuernavaca.gob.mx\/wp-content\/uploads\/2022\/07\/Andrea-Escalona-campeona-de-matema\u0301ticas-02-300x200.jpg 300w, https:\/\/cuernavaca.gob.mx\/wp-content\/uploads\/2022\/07\/Andrea-Escalona-campeona-de-matema\u0301ticas-02-768x512.jpg 768w, https:\/\/cuernavaca.gob.mx\/wp-content\/uploads\/2022\/07\/Andrea-Escalona-campeona-de-matema\u0301ticas-02-1536x1024.jpg 1536w, https:\/\/cuernavaca.gob.mx\/wp-content\/uploads\/2022\/07\/Andrea-Escalona-campeona-de-matema\u0301ticas-02-600x400.jpg 600w, https:\/\/cuernavaca.gob.mx\/wp-content\/uploads\/2022\/07\/Andrea-Escalona-campeona-de-matema\u0301ticas-02-560x373.jpg 560w, https:\/\/cuernavaca.gob.mx\/wp-content\/uploads\/2022\/07\/Andrea-Escalona-campeona-de-matema\u0301ticas-02.jpg 1599w\" sizes=\"(max-width: 1024px) 100vw, 1024px\" \/><\/figure>\n\n\n\n<figure class=\"wp-block-image size-large\"><img loading=\"lazy\" width=\"1024\" height=\"683\" data-id=\"15621\"  src=\"https:\/\/cuernavaca.gob.mx\/wp-content\/uploads\/2022\/07\/Andrea-Escalona-campeona-de-matema\u0301ticas-03-1024x683.jpg\" alt=\"\" class=\"wp-image-15621\" srcset=\"https:\/\/cuernavaca.gob.mx\/wp-content\/uploads\/2022\/07\/Andrea-Escalona-campeona-de-matema\u0301ticas-03-1024x683.jpg 1024w, https:\/\/cuernavaca.gob.mx\/wp-content\/uploads\/2022\/07\/Andrea-Escalona-campeona-de-matema\u0301ticas-03-300x200.jpg 300w, https:\/\/cuernavaca.gob.mx\/wp-content\/uploads\/2022\/07\/Andrea-Escalona-campeona-de-matema\u0301ticas-03-768x512.jpg 768w, https:\/\/cuernavaca.gob.mx\/wp-content\/uploads\/2022\/07\/Andrea-Escalona-campeona-de-matema\u0301ticas-03-1536x1024.jpg 1536w, https:\/\/cuernavaca.gob.mx\/wp-content\/uploads\/2022\/07\/Andrea-Escalona-campeona-de-matema\u0301ticas-03-600x400.jpg 600w, https:\/\/cuernavaca.gob.mx\/wp-content\/uploads\/2022\/07\/Andrea-Escalona-campeona-de-matema\u0301ticas-03-560x373.jpg 560w, https:\/\/cuernavaca.gob.mx\/wp-content\/uploads\/2022\/07\/Andrea-Escalona-campeona-de-matema\u0301ticas-03.jpg 1599w\" sizes=\"(max-width: 1024px) 100vw, 1024px\" \/><\/figure>\n\n\n\n<figure class=\"wp-block-image size-large\"><img loading=\"lazy\" width=\"1024\" height=\"683\" data-id=\"15620\"  src=\"https:\/\/cuernavaca.gob.mx\/wp-content\/uploads\/2022\/07\/Andrea-Escalona-campeona-de-matema\u0301ticas-04-1024x683.jpg\" alt=\"\" class=\"wp-image-15620\" srcset=\"https:\/\/cuernavaca.gob.mx\/wp-content\/uploads\/2022\/07\/Andrea-Escalona-campeona-de-matema\u0301ticas-04-1024x683.jpg 1024w, https:\/\/cuernavaca.gob.mx\/wp-content\/uploads\/2022\/07\/Andrea-Escalona-campeona-de-matema\u0301ticas-04-300x200.jpg 300w, https:\/\/cuernavaca.gob.mx\/wp-content\/uploads\/2022\/07\/Andrea-Escalona-campeona-de-matema\u0301ticas-04-768x512.jpg 768w, https:\/\/cuernavaca.gob.mx\/wp-content\/uploads\/2022\/07\/Andrea-Escalona-campeona-de-matema\u0301ticas-04-1536x1024.jpg 1536w, https:\/\/cuernavaca.gob.mx\/wp-content\/uploads\/2022\/07\/Andrea-Escalona-campeona-de-matema\u0301ticas-04-600x400.jpg 600w, https:\/\/cuernavaca.gob.mx\/wp-content\/uploads\/2022\/07\/Andrea-Escalona-campeona-de-matema\u0301ticas-04-560x373.jpg 560w, https:\/\/cuernavaca.gob.mx\/wp-content\/uploads\/2022\/07\/Andrea-Escalona-campeona-de-matema\u0301ticas-04.jpg 1599w\" sizes=\"(max-width: 1024px) 100vw, 1024px\" \/><\/figure>\n\n\n\n<figure class=\"wp-block-image size-large\"><img loading=\"lazy\" width=\"1024\" height=\"683\" data-id=\"15625\"  src=\"https:\/\/cuernavaca.gob.mx\/wp-content\/uploads\/2022\/07\/Andrea-Escalona-campeona-de-matema\u0301ticas-05-1024x683.jpg\" alt=\"\" class=\"wp-image-15625\" srcset=\"https:\/\/cuernavaca.gob.mx\/wp-content\/uploads\/2022\/07\/Andrea-Escalona-campeona-de-matema\u0301ticas-05-1024x683.jpg 1024w, https:\/\/cuernavaca.gob.mx\/wp-content\/uploads\/2022\/07\/Andrea-Escalona-campeona-de-matema\u0301ticas-05-300x200.jpg 300w, https:\/\/cuernavaca.gob.mx\/wp-content\/uploads\/2022\/07\/Andrea-Escalona-campeona-de-matema\u0301ticas-05-768x512.jpg 768w, https:\/\/cuernavaca.gob.mx\/wp-content\/uploads\/2022\/07\/Andrea-Escalona-campeona-de-matema\u0301ticas-05-1536x1024.jpg 1536w, https:\/\/cuernavaca.gob.mx\/wp-content\/uploads\/2022\/07\/Andrea-Escalona-campeona-de-matema\u0301ticas-05-600x400.jpg 600w, https:\/\/cuernavaca.gob.mx\/wp-content\/uploads\/2022\/07\/Andrea-Escalona-campeona-de-matema\u0301ticas-05-560x373.jpg 560w, https:\/\/cuernavaca.gob.mx\/wp-content\/uploads\/2022\/07\/Andrea-Escalona-campeona-de-matema\u0301ticas-05.jpg 1599w\" sizes=\"(max-width: 1024px) 100vw, 1024px\" \/><\/figure>\n\n\n\n<figure class=\"wp-block-image size-large\"><img loading=\"lazy\" width=\"1024\" height=\"683\" data-id=\"15623\"  src=\"https:\/\/cuernavaca.gob.mx\/wp-content\/uploads\/2022\/07\/Andrea-Escalona-campeona-de-matema\u0301ticas-06-1024x683.jpg\" alt=\"\" class=\"wp-image-15623\" srcset=\"https:\/\/cuernavaca.gob.mx\/wp-content\/uploads\/2022\/07\/Andrea-Escalona-campeona-de-matema\u0301ticas-06-1024x683.jpg 1024w, https:\/\/cuernavaca.gob.mx\/wp-content\/uploads\/2022\/07\/Andrea-Escalona-campeona-de-matema\u0301ticas-06-300x200.jpg 300w, https:\/\/cuernavaca.gob.mx\/wp-content\/uploads\/2022\/07\/Andrea-Escalona-campeona-de-matema\u0301ticas-06-768x512.jpg 768w, https:\/\/cuernavaca.gob.mx\/wp-content\/uploads\/2022\/07\/Andrea-Escalona-campeona-de-matema\u0301ticas-06-1536x1024.jpg 1536w, https:\/\/cuernavaca.gob.mx\/wp-content\/uploads\/2022\/07\/Andrea-Escalona-campeona-de-matema\u0301ticas-06-600x400.jpg 600w, https:\/\/cuernavaca.gob.mx\/wp-content\/uploads\/2022\/07\/Andrea-Escalona-campeona-de-matema\u0301ticas-06-560x373.jpg 560w, https:\/\/cuernavaca.gob.mx\/wp-content\/uploads\/2022\/07\/Andrea-Escalona-campeona-de-matema\u0301ticas-06.jpg 1599w\" sizes=\"(max-width: 1024px) 100vw, 1024px\" \/><\/figure>\n<\/figure>\n","protected":false},"excerpt":{"rendered":"<p>A iniciativa del Instituto de la Mujer de Cuernavaca se hizo un reconocimiento a la dedicaci\u00f3n, preparaci\u00f3n y logros de Andrea Escalona, campeona nacional e internacional de matem\u00e1ticas Con el objetivo de reconocer y visibilizar las historias, trayectorias, aportaciones y talento de las mujeres cuernavacenses en diversas \u00e1reas, el presidente municipal de Cuernavaca, Jos\u00e9 Luis [&hellip;]<\/p>\n","protected":false},"author":1,"featured_media":15625,"comment_status":"closed","ping_status":"closed","sticky":false,"template":"","format":"standard","meta":[],"categories":[20],"tags":[1769,1766,121,1770,1768,120,1765,1767],"aioseo_notices":[],"_links":{"self":[{"href":"https:\/\/cuernavaca.gob.mx\/index.php?rest_route=\/wp\/v2\/posts\/15619"}],"collection":[{"href":"https:\/\/cuernavaca.gob.mx\/index.php?rest_route=\/wp\/v2\/posts"}],"about":[{"href":"https:\/\/cuernavaca.gob.mx\/index.php?rest_route=\/wp\/v2\/types\/post"}],"author":[{"embeddable":true,"href":"https:\/\/cuernavaca.gob.mx\/index.php?rest_route=\/wp\/v2\/users\/1"}],"replies":[{"embeddable":true,"href":"https:\/\/cuernavaca.gob.mx\/index.php?rest_route=%2Fwp%2Fv2%2Fcomments&post=15619"}],"version-history":[{"count":1,"href":"https:\/\/cuernavaca.gob.mx\/index.php?rest_route=\/wp\/v2\/posts\/15619\/revisions"}],"predecessor-version":[{"id":15626,"href":"https:\/\/cuernavaca.gob.mx\/index.php?rest_route=\/wp\/v2\/posts\/15619\/revisions\/15626"}],"wp:featuredmedia":[{"embeddable":true,"href":"https:\/\/cuernavaca.gob.mx\/index.php?rest_route=\/wp\/v2\/media\/15625"}],"wp:attachment":[{"href":"https:\/\/cuernavaca.gob.mx\/index.php?rest_route=%2Fwp%2Fv2%2Fmedia&parent=15619"}],"wp:term":[{"taxonomy":"category","embeddable":true,"href":"https:\/\/cuernavaca.gob.mx\/index.php?rest_route=%2Fwp%2Fv2%2Fcategories&post=15619"},{"taxonomy":"post_tag","embeddable":true,"href":"https:\/\/cuernavaca.gob.mx\/index.php?rest_route=%2Fwp%2Fv2%2Ftags&post=15619"}],"curies":[{"name":"wp","href":"https:\/\/api.w.org\/{rel}","templated":true}]}}