{"id":15648,"date":"2022-07-07T15:00:00","date_gmt":"2022-07-07T20:00:00","guid":{"rendered":"https:\/\/cuernavaca.gob.mx\/?p=15648"},"modified":"2025-05-06T11:27:50","modified_gmt":"2025-05-06T17:27:50","slug":"b491-07-07-22-resaltan-en-consejo-de-seguridad-municipal-avances-significativos-en-la-prevencion-del-delito-en-cuernavaca","status":"publish","type":"post","link":"https:\/\/cuernavaca.gob.mx\/?p=15648","title":{"rendered":"B491 07\/07\/22 RESALTAN EN CONSEJO DE SEGURIDAD MUNICIPAL AVANCES SIGNIFICATIVOS EN LA PREVENCI\u00d3N DEL DELITO EN CUERNAVACA"},"content":{"rendered":"\n<p><strong>El alcalde Jos\u00e9 Luis Uri\u00f3stegui inform\u00f3 la implementaci\u00f3n de un programa piloto con instancias estatales y federales para evitar que calles sean espacios dominados por la delincuencia<\/strong><\/p>\n\n\n\n<p><strong>Cuernavaca ha registrado una disminuci\u00f3n en la incidencia delictiva, contando con un trabajo participativo autoridad, iniciativa privada y sociedad civil organizada<\/strong><\/p>\n\n\n\n<p>A fin de seguir fortaleciendo el combate frontal a los delitos, el presidente municipal de Cuernavaca Jos\u00e9 Luis Uri\u00f3stegui Salgado sostuvo un primer acercamiento con la Comisi\u00f3n Estatal de Seguridad P\u00fablica, el Ej\u00e9rcito, la Guardia Nacional y la asociaci\u00f3n civil M\u00e9xico SOS, para implementar en la ciudad un programa preventivo piloto de recuperaci\u00f3n de espacios p\u00fablicos, del cual deriven mejores resultados para los cuernavacenses.<\/p>\n\n\n\n<p>En el marco de la III Sesi\u00f3n Ordinaria del Consejo Municipal de Seguridad P\u00fablica, el presidente municipal, Jos\u00e9 Luis Uri\u00f3stegui, inform\u00f3 que en el programa piloto de recuperaci\u00f3n de espacios p\u00fablicos que se implementar\u00e1 a trav\u00e9s de la Secretar\u00eda de Protecci\u00f3n y Auxilio Ciudadano (SEPRAC), incluir\u00e1 no solo la presencia policial, sino tambi\u00e9n la inversi\u00f3n en obras y servicios p\u00fablicos, desde bacheo, balizamiento, poda de \u00e1rboles hasta el cambio de luminarias para evitar que algunas calles sean espacios dominados por la delincuencia.<\/p>\n\n\n\n<p>El programa piloto, refiri\u00f3, arrancar\u00e1 en las colonias Antonio Barona y Flores Mag\u00f3n, estando actualmente en la etapa de preparaci\u00f3n e integraci\u00f3n, por lo cual har\u00e1n extensiva la invitaci\u00f3n a las c\u00e1maras empresariales, asociaciones civiles, lideresas y l\u00edderes de las comunidades, grupos de vecinos, a la Red de Mujeres Constructoras de Paz (MUCPAZ) y a los Comvives, estos \u00faltimos con la finalidad de que empiecen a trabajar sobre objetivos espec\u00edficos, consolidando la estrategia de proximidad.<\/p>\n\n\n\n<p>En la III Sesi\u00f3n Ordinaria del Consejo Municipal de Seguridad P\u00fablica se dio a conocer que Cuernavaca va avanzando de manera gradual en la disminuci\u00f3n de incidencia delictiva, como lo se\u00f1al\u00f3 el propio Secretariado Ejecutivo del Sistema Nacional de Seguridad P\u00fablica, que con corte al 20 de junio mostr\u00f3 que la ciudad, que se encontraba al 31 de diciembre de 2021 en el n\u00famero 24 de las 50 ciudades m\u00e1s violentas en el pa\u00eds, registra actualmente un decremento al ubicarse en el lugar 35.<\/p>\n\n\n\n<p>Al presentar un informe de las estad\u00edsticas generales, acciones implementadas y medidas adoptadas por las instancias que integran el consejo para el periodo marzo-abril 2022, la titular de la Secretar\u00eda de Protecci\u00f3n y Auxilio Ciudadano (SEPRAC), Alicia V\u00e1zquez Luna, mencion\u00f3 que la Unidad de Prevenci\u00f3n de Robo de Veh\u00edculos, creada el 10 de enero, logr\u00f3 recuperar 60 veh\u00edculos y detener a 27 personas por este delito, lo que ha posicionado al municipio como el primero a nivel nacional en operar un trabajo de tanta eficiencia y eficacia.<\/p>\n\n\n\n<p>Se\u00f1al\u00f3 que se llevaron a cabo un total de seis mil 697 operativos, como ruta segura, presencia m\u00e1xima, escuela segura, cortina segura, base de operaciones mixtas, recorridos de vigilancia, acciones operativas de drones y de proximidad social; adem\u00e1s de que se han puesto a disposici\u00f3n 421 personas ante el Ministerio P\u00fablico y el Juez C\u00edvico.<\/p>\n\n\n\n<p>En tanto, el titular del Secretariado Ejecutivo Municipal, Marco Antonio Olvera Benedicto, rindi\u00f3 un informe correspondiente a los meses de marzo y abril, respecto de actividades y an\u00e1lisis de cifras de los \u00edndices delictivos, destacando que se han beneficiado a siete mil 441 personas de manera directa con los programas y acciones de proximidad que han implementado; avalando, a la par, que de marzo a abril hubo una reducci\u00f3n en la incidencia delictiva del 11.9 por ciento.<\/p>\n\n\n\n<p>Al presentar el secretario ejecutivo del Sistema Estatal de Seguridad P\u00fablica, Jos\u00e9 Manuel Rodr\u00edguez Morales, el Modelo Nacional de Polic\u00eda y Justicia C\u00edvica Secretariado Ejecutivo del Sistema Nacional de Seguridad P\u00fablica, que busca, entre otras cosas, fortalecer a las polic\u00edas municipales y estatales para reducir la incidencia delictiva, as\u00ed como a la investigaci\u00f3n criminal, mejorar la percepci\u00f3n de seguridad e incrementar la confianza en las instituciones policiales.<\/p>\n\n\n\n<p>Los consejeros ciudadanos Magda Salgado Ponce, presidenta de \u201cMi Ciudad\u201d; Rafael Rueda Moncalian, representante de la Red Nacional del Consejo Ciudadano de Seguridad; la diputada local por el 01 Distrito, Andrea Gordillo Vega y las representaciones de los legisladores Julios C\u00e9sar Sol\u00eds Serrano, presidente de la Comisi\u00f3n de Seguridad P\u00fablica y \u00c1ngel Adame Jim\u00e9nez del distrito 01, manifestaron su respaldo, reiterando la necesidad de generarles mejores condiciones de vida a los elementos policiacos.<\/p>\n\n\n\n<figure class=\"wp-container-2 wp-block-gallery-1 wp-block-gallery has-nested-images columns-default is-cropped\">\n<figure class=\"wp-block-image size-large\"><img loading=\"lazy\" width=\"1024\" height=\"683\" data-id=\"15654\"  src=\"https:\/\/cuernavaca.gob.mx\/wp-content\/uploads\/2022\/07\/Consejo-de-seguridad-julio-01-1024x683.jpg\" alt=\"\" class=\"wp-image-15654\" srcset=\"https:\/\/cuernavaca.gob.mx\/wp-content\/uploads\/2022\/07\/Consejo-de-seguridad-julio-01-1024x683.jpg 1024w, https:\/\/cuernavaca.gob.mx\/wp-content\/uploads\/2022\/07\/Consejo-de-seguridad-julio-01-300x200.jpg 300w, https:\/\/cuernavaca.gob.mx\/wp-content\/uploads\/2022\/07\/Consejo-de-seguridad-julio-01-768x512.jpg 768w, https:\/\/cuernavaca.gob.mx\/wp-content\/uploads\/2022\/07\/Consejo-de-seguridad-julio-01-1536x1024.jpg 1536w, https:\/\/cuernavaca.gob.mx\/wp-content\/uploads\/2022\/07\/Consejo-de-seguridad-julio-01-600x400.jpg 600w, https:\/\/cuernavaca.gob.mx\/wp-content\/uploads\/2022\/07\/Consejo-de-seguridad-julio-01-560x373.jpg 560w, https:\/\/cuernavaca.gob.mx\/wp-content\/uploads\/2022\/07\/Consejo-de-seguridad-julio-01.jpg 1599w\" sizes=\"(max-width: 1024px) 100vw, 1024px\" \/><\/figure>\n\n\n\n<figure class=\"wp-block-image size-large\"><img loading=\"lazy\" width=\"1024\" height=\"683\" data-id=\"15650\"  src=\"https:\/\/cuernavaca.gob.mx\/wp-content\/uploads\/2022\/07\/Consejo-de-seguridad-julio-02-1024x683.jpg\" alt=\"\" class=\"wp-image-15650\" srcset=\"https:\/\/cuernavaca.gob.mx\/wp-content\/uploads\/2022\/07\/Consejo-de-seguridad-julio-02-1024x683.jpg 1024w, https:\/\/cuernavaca.gob.mx\/wp-content\/uploads\/2022\/07\/Consejo-de-seguridad-julio-02-300x200.jpg 300w, https:\/\/cuernavaca.gob.mx\/wp-content\/uploads\/2022\/07\/Consejo-de-seguridad-julio-02-768x512.jpg 768w, https:\/\/cuernavaca.gob.mx\/wp-content\/uploads\/2022\/07\/Consejo-de-seguridad-julio-02-1536x1024.jpg 1536w, https:\/\/cuernavaca.gob.mx\/wp-content\/uploads\/2022\/07\/Consejo-de-seguridad-julio-02-600x400.jpg 600w, https:\/\/cuernavaca.gob.mx\/wp-content\/uploads\/2022\/07\/Consejo-de-seguridad-julio-02-560x373.jpg 560w, https:\/\/cuernavaca.gob.mx\/wp-content\/uploads\/2022\/07\/Consejo-de-seguridad-julio-02.jpg 1599w\" sizes=\"(max-width: 1024px) 100vw, 1024px\" \/><\/figure>\n\n\n\n<figure class=\"wp-block-image size-large\"><img loading=\"lazy\" width=\"1024\" height=\"683\" data-id=\"15652\"  src=\"https:\/\/cuernavaca.gob.mx\/wp-content\/uploads\/2022\/07\/Consejo-de-seguridad-julio-03-1024x683.jpg\" alt=\"\" class=\"wp-image-15652\" srcset=\"https:\/\/cuernavaca.gob.mx\/wp-content\/uploads\/2022\/07\/Consejo-de-seguridad-julio-03-1024x683.jpg 1024w, https:\/\/cuernavaca.gob.mx\/wp-content\/uploads\/2022\/07\/Consejo-de-seguridad-julio-03-300x200.jpg 300w, https:\/\/cuernavaca.gob.mx\/wp-content\/uploads\/2022\/07\/Consejo-de-seguridad-julio-03-768x512.jpg 768w, https:\/\/cuernavaca.gob.mx\/wp-content\/uploads\/2022\/07\/Consejo-de-seguridad-julio-03-1536x1024.jpg 1536w, https:\/\/cuernavaca.gob.mx\/wp-content\/uploads\/2022\/07\/Consejo-de-seguridad-julio-03-600x400.jpg 600w, https:\/\/cuernavaca.gob.mx\/wp-content\/uploads\/2022\/07\/Consejo-de-seguridad-julio-03-560x373.jpg 560w, https:\/\/cuernavaca.gob.mx\/wp-content\/uploads\/2022\/07\/Consejo-de-seguridad-julio-03.jpg 1599w\" sizes=\"(max-width: 1024px) 100vw, 1024px\" \/><\/figure>\n\n\n\n<figure class=\"wp-block-image size-large\"><img loading=\"lazy\" width=\"1024\" height=\"683\" data-id=\"15649\"  src=\"https:\/\/cuernavaca.gob.mx\/wp-content\/uploads\/2022\/07\/Consejo-de-seguridad-julio-04-1024x683.jpg\" alt=\"\" class=\"wp-image-15649\" srcset=\"https:\/\/cuernavaca.gob.mx\/wp-content\/uploads\/2022\/07\/Consejo-de-seguridad-julio-04-1024x683.jpg 1024w, https:\/\/cuernavaca.gob.mx\/wp-content\/uploads\/2022\/07\/Consejo-de-seguridad-julio-04-300x200.jpg 300w, https:\/\/cuernavaca.gob.mx\/wp-content\/uploads\/2022\/07\/Consejo-de-seguridad-julio-04-768x512.jpg 768w, https:\/\/cuernavaca.gob.mx\/wp-content\/uploads\/2022\/07\/Consejo-de-seguridad-julio-04-1536x1024.jpg 1536w, https:\/\/cuernavaca.gob.mx\/wp-content\/uploads\/2022\/07\/Consejo-de-seguridad-julio-04-600x400.jpg 600w, https:\/\/cuernavaca.gob.mx\/wp-content\/uploads\/2022\/07\/Consejo-de-seguridad-julio-04-560x373.jpg 560w, https:\/\/cuernavaca.gob.mx\/wp-content\/uploads\/2022\/07\/Consejo-de-seguridad-julio-04.jpg 1599w\" sizes=\"(max-width: 1024px) 100vw, 1024px\" \/><\/figure>\n\n\n\n<figure class=\"wp-block-image size-large\"><img loading=\"lazy\" width=\"1024\" height=\"683\" data-id=\"15651\"  src=\"https:\/\/cuernavaca.gob.mx\/wp-content\/uploads\/2022\/07\/Consejo-de-seguridad-julio-05-1024x683.jpg\" alt=\"\" class=\"wp-image-15651\" srcset=\"https:\/\/cuernavaca.gob.mx\/wp-content\/uploads\/2022\/07\/Consejo-de-seguridad-julio-05-1024x683.jpg 1024w, https:\/\/cuernavaca.gob.mx\/wp-content\/uploads\/2022\/07\/Consejo-de-seguridad-julio-05-300x200.jpg 300w, https:\/\/cuernavaca.gob.mx\/wp-content\/uploads\/2022\/07\/Consejo-de-seguridad-julio-05-768x512.jpg 768w, https:\/\/cuernavaca.gob.mx\/wp-content\/uploads\/2022\/07\/Consejo-de-seguridad-julio-05-1536x1024.jpg 1536w, https:\/\/cuernavaca.gob.mx\/wp-content\/uploads\/2022\/07\/Consejo-de-seguridad-julio-05-600x400.jpg 600w, https:\/\/cuernavaca.gob.mx\/wp-content\/uploads\/2022\/07\/Consejo-de-seguridad-julio-05-560x373.jpg 560w, https:\/\/cuernavaca.gob.mx\/wp-content\/uploads\/2022\/07\/Consejo-de-seguridad-julio-05.jpg 1599w\" sizes=\"(max-width: 1024px) 100vw, 1024px\" \/><\/figure>\n\n\n\n<figure class=\"wp-block-image size-large\"><img loading=\"lazy\" width=\"1024\" height=\"683\" data-id=\"15653\"  src=\"https:\/\/cuernavaca.gob.mx\/wp-content\/uploads\/2022\/07\/Consejo-de-seguridad-julio-06-1024x683.jpg\" alt=\"\" class=\"wp-image-15653\" srcset=\"https:\/\/cuernavaca.gob.mx\/wp-content\/uploads\/2022\/07\/Consejo-de-seguridad-julio-06-1024x683.jpg 1024w, https:\/\/cuernavaca.gob.mx\/wp-content\/uploads\/2022\/07\/Consejo-de-seguridad-julio-06-300x200.jpg 300w, https:\/\/cuernavaca.gob.mx\/wp-content\/uploads\/2022\/07\/Consejo-de-seguridad-julio-06-768x512.jpg 768w, https:\/\/cuernavaca.gob.mx\/wp-content\/uploads\/2022\/07\/Consejo-de-seguridad-julio-06-1536x1024.jpg 1536w, https:\/\/cuernavaca.gob.mx\/wp-content\/uploads\/2022\/07\/Consejo-de-seguridad-julio-06-600x400.jpg 600w, https:\/\/cuernavaca.gob.mx\/wp-content\/uploads\/2022\/07\/Consejo-de-seguridad-julio-06-560x373.jpg 560w, https:\/\/cuernavaca.gob.mx\/wp-content\/uploads\/2022\/07\/Consejo-de-seguridad-julio-06.jpg 1599w\" sizes=\"(max-width: 1024px) 100vw, 1024px\" \/><\/figure>\n\n\n\n<figure class=\"wp-block-image size-large\"><img loading=\"lazy\" width=\"1024\" height=\"683\" data-id=\"15655\"  src=\"https:\/\/cuernavaca.gob.mx\/wp-content\/uploads\/2022\/07\/Consejo-de-seguridad-julio-07-1024x683.jpg\" alt=\"\" class=\"wp-image-15655\" srcset=\"https:\/\/cuernavaca.gob.mx\/wp-content\/uploads\/2022\/07\/Consejo-de-seguridad-julio-07-1024x683.jpg 1024w, https:\/\/cuernavaca.gob.mx\/wp-content\/uploads\/2022\/07\/Consejo-de-seguridad-julio-07-300x200.jpg 300w, https:\/\/cuernavaca.gob.mx\/wp-content\/uploads\/2022\/07\/Consejo-de-seguridad-julio-07-768x512.jpg 768w, https:\/\/cuernavaca.gob.mx\/wp-content\/uploads\/2022\/07\/Consejo-de-seguridad-julio-07-1536x1024.jpg 1536w, https:\/\/cuernavaca.gob.mx\/wp-content\/uploads\/2022\/07\/Consejo-de-seguridad-julio-07-600x400.jpg 600w, https:\/\/cuernavaca.gob.mx\/wp-content\/uploads\/2022\/07\/Consejo-de-seguridad-julio-07-560x373.jpg 560w, https:\/\/cuernavaca.gob.mx\/wp-content\/uploads\/2022\/07\/Consejo-de-seguridad-julio-07.jpg 1599w\" sizes=\"(max-width: 1024px) 100vw, 1024px\" \/><\/figure>\n<\/figure>\n","protected":false},"excerpt":{"rendered":"<p>El alcalde Jos\u00e9 Luis Uri\u00f3stegui inform\u00f3 la implementaci\u00f3n de un programa piloto con instancias estatales y federales para evitar que calles sean espacios dominados por la delincuencia Cuernavaca ha registrado una disminuci\u00f3n en la incidencia delictiva, contando con un trabajo participativo autoridad, iniciativa privada y sociedad civil organizada A fin de seguir fortaleciendo el combate [&hellip;]<\/p>\n","protected":false},"author":1,"featured_media":15654,"comment_status":"closed","ping_status":"closed","sticky":false,"template":"","format":"standard","meta":[],"categories":[20,17],"tags":[619,121,1023,196,120,125,345,252],"aioseo_notices":[],"_links":{"self":[{"href":"https:\/\/cuernavaca.gob.mx\/index.php?rest_route=\/wp\/v2\/posts\/15648"}],"collection":[{"href":"https:\/\/cuernavaca.gob.mx\/index.php?rest_route=\/wp\/v2\/posts"}],"about":[{"href":"https:\/\/cuernavaca.gob.mx\/index.php?rest_route=\/wp\/v2\/types\/post"}],"author":[{"embeddable":true,"href":"https:\/\/cuernavaca.gob.mx\/index.php?rest_route=\/wp\/v2\/users\/1"}],"replies":[{"embeddable":true,"href":"https:\/\/cuernavaca.gob.mx\/index.php?rest_route=%2Fwp%2Fv2%2Fcomments&post=15648"}],"version-history":[{"count":1,"href":"https:\/\/cuernavaca.gob.mx\/index.php?rest_route=\/wp\/v2\/posts\/15648\/revisions"}],"predecessor-version":[{"id":15656,"href":"https:\/\/cuernavaca.gob.mx\/index.php?rest_route=\/wp\/v2\/posts\/15648\/revisions\/15656"}],"wp:featuredmedia":[{"embeddable":true,"href":"https:\/\/cuernavaca.gob.mx\/index.php?rest_route=\/wp\/v2\/media\/15654"}],"wp:attachment":[{"href":"https:\/\/cuernavaca.gob.mx\/index.php?rest_route=%2Fwp%2Fv2%2Fmedia&parent=15648"}],"wp:term":[{"taxonomy":"category","embeddable":true,"href":"https:\/\/cuernavaca.gob.mx\/index.php?rest_route=%2Fwp%2Fv2%2Fcategories&post=15648"},{"taxonomy":"post_tag","embeddable":true,"href":"https:\/\/cuernavaca.gob.mx\/index.php?rest_route=%2Fwp%2Fv2%2Ftags&post=15648"}],"curies":[{"name":"wp","href":"https:\/\/api.w.org\/{rel}","templated":true}]}}