{"id":15664,"date":"2022-07-08T09:00:00","date_gmt":"2022-07-08T14:00:00","guid":{"rendered":"https:\/\/cuernavaca.gob.mx\/?p=15664"},"modified":"2025-05-06T11:27:50","modified_gmt":"2025-05-06T17:27:50","slug":"f112-08-07-22-anuncia-sapac-su-participacion-en-la-jornada-violeta","status":"publish","type":"post","link":"https:\/\/cuernavaca.gob.mx\/?p=15664","title":{"rendered":"F112 08\/07\/22 ANUNCIA SAPAC SU PARTICIPACI\u00d3N EN LA JORNADA VIOLETA"},"content":{"rendered":"\n<p>Con la finalidad de acercar la atenci\u00f3n sobre los servicios que ofrece el Sistema de Agua Potable y Alcantarillado de Cuernavaca (SAPAC) a los cuernavacenses, este s\u00e1bado 9 de julio, personal del organismo estar\u00e1 presente en la &#8220;Jornada Violeta&#8221; organizada por el Instituto de la Mujer de Cuernavaca (IMC) y la Asociaci\u00f3n RUMMEN en la explanada de la Ayudant\u00eda Municipal del poblado de Ocotepec.<\/p>\n\n\n\n<p>De 9 de la ma\u00f1ana a 12 de la tarde, personal Operativo del Centro de Atenci\u00f3n Telef\u00f3nica (CAT), recibir\u00e1 todos los reportes relacionados con fugas de agua potable, drenaje, desazolves, falta de servicio entre otros, para darles seguimiento y soluci\u00f3n.<\/p>\n\n\n\n<p>Mientras que personal del \u00e1rea Comercial se encontrar\u00e1 presente para aclarar dudas de recibos de agua.<\/p>\n\n\n\n<p>La Directora General del SAPAC, Evelia Flores Hern\u00e1ndez, precis\u00f3 que para el SAPAC es grato poder participar en este tipo de actividades, debido a que contribuye a fortalecer el v\u00ednculo con la ciudadan\u00eda, al mismo tiempo que permite conocer sus necesidades y responder a cada una de ellas, por lo que invit\u00f3 a los vecinos de la zona a acudir a dicha jornada.<\/p>\n\n\n\n<figure class=\"wp-container-2 wp-block-gallery-1 wp-block-gallery has-nested-images columns-default is-cropped\">\n<figure class=\"wp-block-image size-large\"><img loading=\"lazy\" width=\"1024\" height=\"768\" data-id=\"15667\"  src=\"https:\/\/cuernavaca.gob.mx\/wp-content\/uploads\/2022\/07\/Jornada-violeta-01-1024x768.jpg\" alt=\"\" class=\"wp-image-15667\" srcset=\"https:\/\/cuernavaca.gob.mx\/wp-content\/uploads\/2022\/07\/Jornada-violeta-01-1024x768.jpg 1024w, https:\/\/cuernavaca.gob.mx\/wp-content\/uploads\/2022\/07\/Jornada-violeta-01-300x225.jpg 300w, https:\/\/cuernavaca.gob.mx\/wp-content\/uploads\/2022\/07\/Jornada-violeta-01-768x576.jpg 768w, https:\/\/cuernavaca.gob.mx\/wp-content\/uploads\/2022\/07\/Jornada-violeta-01-1536x1152.jpg 1536w, https:\/\/cuernavaca.gob.mx\/wp-content\/uploads\/2022\/07\/Jornada-violeta-01-600x450.jpg 600w, https:\/\/cuernavaca.gob.mx\/wp-content\/uploads\/2022\/07\/Jornada-violeta-01-560x420.jpg 560w, https:\/\/cuernavaca.gob.mx\/wp-content\/uploads\/2022\/07\/Jornada-violeta-01.jpg 1600w\" sizes=\"(max-width: 1024px) 100vw, 1024px\" \/><\/figure>\n\n\n\n<figure class=\"wp-block-image size-large\"><img loading=\"lazy\" width=\"832\" height=\"667\" data-id=\"15665\"  src=\"https:\/\/cuernavaca.gob.mx\/wp-content\/uploads\/2022\/07\/Jornada-violeta-02.jpg\" alt=\"\" class=\"wp-image-15665\" srcset=\"https:\/\/cuernavaca.gob.mx\/wp-content\/uploads\/2022\/07\/Jornada-violeta-02.jpg 832w, https:\/\/cuernavaca.gob.mx\/wp-content\/uploads\/2022\/07\/Jornada-violeta-02-300x241.jpg 300w, https:\/\/cuernavaca.gob.mx\/wp-content\/uploads\/2022\/07\/Jornada-violeta-02-768x616.jpg 768w, https:\/\/cuernavaca.gob.mx\/wp-content\/uploads\/2022\/07\/Jornada-violeta-02-600x481.jpg 600w, https:\/\/cuernavaca.gob.mx\/wp-content\/uploads\/2022\/07\/Jornada-violeta-02-560x449.jpg 560w\" sizes=\"(max-width: 832px) 100vw, 832px\" \/><\/figure>\n\n\n\n<figure class=\"wp-block-image size-large\"><img loading=\"lazy\" width=\"1024\" height=\"615\" data-id=\"15666\"  src=\"https:\/\/cuernavaca.gob.mx\/wp-content\/uploads\/2022\/07\/Jornada-violeta-03-1024x615.jpg\" alt=\"\" class=\"wp-image-15666\" srcset=\"https:\/\/cuernavaca.gob.mx\/wp-content\/uploads\/2022\/07\/Jornada-violeta-03-1024x615.jpg 1024w, https:\/\/cuernavaca.gob.mx\/wp-content\/uploads\/2022\/07\/Jornada-violeta-03-300x180.jpg 300w, https:\/\/cuernavaca.gob.mx\/wp-content\/uploads\/2022\/07\/Jornada-violeta-03-768x461.jpg 768w, https:\/\/cuernavaca.gob.mx\/wp-content\/uploads\/2022\/07\/Jornada-violeta-03-600x360.jpg 600w, https:\/\/cuernavaca.gob.mx\/wp-content\/uploads\/2022\/07\/Jornada-violeta-03-560x336.jpg 560w, https:\/\/cuernavaca.gob.mx\/wp-content\/uploads\/2022\/07\/Jornada-violeta-03.jpg 1136w\" sizes=\"(max-width: 1024px) 100vw, 1024px\" \/><\/figure>\n<\/figure>\n","protected":false},"excerpt":{"rendered":"<p>Con la finalidad de acercar la atenci\u00f3n sobre los servicios que ofrece el Sistema de Agua Potable y Alcantarillado de Cuernavaca (SAPAC) a los cuernavacenses, este s\u00e1bado 9 de julio, personal del organismo estar\u00e1 presente en la &#8220;Jornada Violeta&#8221; organizada por el Instituto de la Mujer de Cuernavaca (IMC) y la Asociaci\u00f3n RUMMEN en la [&hellip;]<\/p>\n","protected":false},"author":1,"featured_media":15667,"comment_status":"closed","ping_status":"closed","sticky":false,"template":"","format":"standard","meta":[],"categories":[20,145],"tags":[1779,121,637,120,545,1778,124],"aioseo_notices":[],"_links":{"self":[{"href":"https:\/\/cuernavaca.gob.mx\/index.php?rest_route=\/wp\/v2\/posts\/15664"}],"collection":[{"href":"https:\/\/cuernavaca.gob.mx\/index.php?rest_route=\/wp\/v2\/posts"}],"about":[{"href":"https:\/\/cuernavaca.gob.mx\/index.php?rest_route=\/wp\/v2\/types\/post"}],"author":[{"embeddable":true,"href":"https:\/\/cuernavaca.gob.mx\/index.php?rest_route=\/wp\/v2\/users\/1"}],"replies":[{"embeddable":true,"href":"https:\/\/cuernavaca.gob.mx\/index.php?rest_route=%2Fwp%2Fv2%2Fcomments&post=15664"}],"version-history":[{"count":1,"href":"https:\/\/cuernavaca.gob.mx\/index.php?rest_route=\/wp\/v2\/posts\/15664\/revisions"}],"predecessor-version":[{"id":15668,"href":"https:\/\/cuernavaca.gob.mx\/index.php?rest_route=\/wp\/v2\/posts\/15664\/revisions\/15668"}],"wp:featuredmedia":[{"embeddable":true,"href":"https:\/\/cuernavaca.gob.mx\/index.php?rest_route=\/wp\/v2\/media\/15667"}],"wp:attachment":[{"href":"https:\/\/cuernavaca.gob.mx\/index.php?rest_route=%2Fwp%2Fv2%2Fmedia&parent=15664"}],"wp:term":[{"taxonomy":"category","embeddable":true,"href":"https:\/\/cuernavaca.gob.mx\/index.php?rest_route=%2Fwp%2Fv2%2Fcategories&post=15664"},{"taxonomy":"post_tag","embeddable":true,"href":"https:\/\/cuernavaca.gob.mx\/index.php?rest_route=%2Fwp%2Fv2%2Ftags&post=15664"}],"curies":[{"name":"wp","href":"https:\/\/api.w.org\/{rel}","templated":true}]}}