{"id":15669,"date":"2022-07-08T11:00:00","date_gmt":"2022-07-08T16:00:00","guid":{"rendered":"https:\/\/cuernavaca.gob.mx\/?p=15669"},"modified":"2025-05-06T11:27:49","modified_gmt":"2025-05-06T17:27:49","slug":"b492-08-07-22-ayuntamiento-de-cuernavaca-cubrira-deuda-historica-con-el-instituto-de-credito-del-estado-en-beneficio-de-trabajadores","status":"publish","type":"post","link":"https:\/\/cuernavaca.gob.mx\/?p=15669","title":{"rendered":"B492 08\/07\/22 AYUNTAMIENTO DE CUERNAVACA CUBRIR\u00c1 DEUDA HIST\u00d3RICA CON EL INSTITUTO DE CREDITO DEL ESTADO EN BENEFICIO DE TRABAJADORES"},"content":{"rendered":"\n<p><strong>El presidente municipal Jos\u00e9 Luis Uri\u00f3stegui y el gobernador Cuauht\u00e9moc Blanco firmaron un Convenio para pagar de manera paulatina un adeudo por m\u00e1s de 22 millones de pesos despu\u00e9s de 10 a\u00f1os de incumplimiento<\/strong><\/p>\n\n\n\n<p><strong>Se reactivar\u00e1n beneficios en favor de dos mil 413 servidores p\u00fablicos afiliados<\/strong><\/p>\n\n\n\n<p>En un ejercicio de responsabilidad y cumplimiento de compromisos con la base trabajadora, con la autorizaci\u00f3n del Cabildo y el respaldo de los sindicatos del Ayuntamiento de Cuernavaca, el presidente municipal Jos\u00e9 Luis Uri\u00f3stegui Salgado formaliz\u00f3 con el gobernador Cuauht\u00e9moc Blanco Bravo un Convenio con el que se pagar\u00e1 de manera paulatina el adeudo hist\u00f3rico que se manten\u00eda con el Instituto de Cr\u00e9dito para los Trabajadores al Servicio del Gobierno del Estado de Morelos (ICTSGEM), con lo cual despu\u00e9s de 10 a\u00f1os del incumplimiento por parte de anteriores administraciones, se reactivar\u00e1n beneficios en favor de dos mil 413 servidores p\u00fablicos afiliados.<\/p>\n\n\n\n<p>Desde la administraci\u00f3n p\u00fablica municipal del a\u00f1o 2009-2012, se arrastraba un saldo del orden de 22 millones 317 mil 655.16 pesos, por lo cual el Cabildo de Cuernavaca de la administraci\u00f3n 2022-2024 determin\u00f3 dar cumplimiento a una sentencia para cubrir el adeudo de las administraciones 2013-2015, 2016-2018 y 2019-2021, restableciendo as\u00ed la prestaci\u00f3n de seguridad social en materia de vivienda a los trabajadores, consignada en la Ley del Servicio Civil del Estado de Morelos.<\/p>\n\n\n\n<p>Jos\u00e9 Luis Uri\u00f3stegui resalt\u00f3 el inter\u00e9s y voluntad del Gobernador del Estado para lograr este convenio, cumpliendo as\u00ed lo que le corresponde como representante del Poder Ejecutivo estatal y avalar que la Junta de Gobierno del ICTSGEM aceptar\u00e1 la propuesta del Cabildo de Cuernavaca, en beneficio de las y los trabajadores del Ayuntamiento y la Secretar\u00eda de Protecci\u00f3n y Auxilio Ciudadano (SEPRAC).<\/p>\n\n\n\n<p>\u201cLa suma de esfuerzos institucionales en los \u00f3rdenes de Gobierno, que rigen a una sociedad dan resultados cuando se trabaja de la mano, con una visi\u00f3n clara, en beneficio de la poblaci\u00f3n\u201d, expreso el alcalde capitalino en este acto al que como testigos acudieron los 5 l\u00edderes de las organizaciones sindicales con presencia en el Gobierno Municipal, las y los integrantes del Cabildo, el magistrado presidente del Tribunal Superior de Justicia del estado, Luis Jorge Gamboa Olea, el diputado \u00c1ngel Adame Jim\u00e9nez, representante de la Mesa Directiva del Congreso del Estado, entre otras autoridades invitadas.<\/p>\n\n\n\n<p>Sobre el convenio y al recibir de manera simb\u00f3lica de manos del presidente municipal el cheque con los primeros $3,500.00 (Tres millones, quinientos mil pesos) que se abonan a la deuda hist\u00f3rica de aportaciones no reportadas, Fabiola Uri\u00f3stegui Alvear, directora del ICTSGEM, resalt\u00f3 la importancia del acuerdo para dar soluci\u00f3n a una problem\u00e1tica que deriv\u00f3 en juicios civiles y administrativos contra las administraciones responsables.<\/p>\n\n\n\n<p>\u201cCon la finalidad de solucionar una problem\u00e1tica social, laboral y econ\u00f3mica originada por el mal manejo de los recursos y la desviaci\u00f3n de los mismos de las administraciones 2009-2012, 2013-2015 y 2019-2021\u201d, cit\u00f3 Fabiola Uri\u00f3stegui, al informar que al formalizarse este convenio a partir del 11 de julio se pondr\u00e1n a disposici\u00f3n de manera paulatina los cr\u00e9ditos y servicios a m\u00e1s de mil 400 trabajadores municipales, hasta lograr garantizar el derecho a la adquisici\u00f3n de vivienda digna y decorosa.<\/p>\n\n\n\n<p>En tanto, el gobernador Cuauht\u00e9moc Blanco hizo hincapi\u00e9 en la responsabilidad asumida por parte de las autoridades del Ayuntamiento de Cuernavaca, para poner al corriente la administraci\u00f3n municipal en el pago de cuotas que se retuvieron a los trabajadores y no se reportaron al Instituto de Cr\u00e9dito.<\/p>\n\n\n\n<p>\u201cLa comunicaci\u00f3n entre el presidente municipal con el Gobierno del Estado es lo importante; aqu\u00ed no hay partidos, ni colores ni sabores; aqu\u00ed es fuerza de voluntad para que le vaya bien a la sociedad, eso es su beneficio, y cuando hay voluntad se pueden hacer muchas cosas\u201d, menciono Blanco Bravo.<\/p>\n\n\n\n<figure class=\"wp-container-2 wp-block-gallery-1 wp-block-gallery has-nested-images columns-default is-cropped\">\n<figure class=\"wp-block-image size-large\"><img loading=\"lazy\" width=\"1024\" height=\"682\" data-id=\"15673\"  src=\"https:\/\/cuernavaca.gob.mx\/wp-content\/uploads\/2022\/07\/Pago-deuda-Histo\u0301rica-ICTSGEM-01-1024x682.jpg\" alt=\"\" class=\"wp-image-15673\" srcset=\"https:\/\/cuernavaca.gob.mx\/wp-content\/uploads\/2022\/07\/Pago-deuda-Histo\u0301rica-ICTSGEM-01-1024x682.jpg 1024w, https:\/\/cuernavaca.gob.mx\/wp-content\/uploads\/2022\/07\/Pago-deuda-Histo\u0301rica-ICTSGEM-01-300x200.jpg 300w, https:\/\/cuernavaca.gob.mx\/wp-content\/uploads\/2022\/07\/Pago-deuda-Histo\u0301rica-ICTSGEM-01-768x511.jpg 768w, https:\/\/cuernavaca.gob.mx\/wp-content\/uploads\/2022\/07\/Pago-deuda-Histo\u0301rica-ICTSGEM-01-600x399.jpg 600w, https:\/\/cuernavaca.gob.mx\/wp-content\/uploads\/2022\/07\/Pago-deuda-Histo\u0301rica-ICTSGEM-01-560x373.jpg 560w, https:\/\/cuernavaca.gob.mx\/wp-content\/uploads\/2022\/07\/Pago-deuda-Histo\u0301rica-ICTSGEM-01.jpg 1280w\" sizes=\"(max-width: 1024px) 100vw, 1024px\" \/><\/figure>\n\n\n\n<figure class=\"wp-block-image size-large\"><img loading=\"lazy\" width=\"1024\" height=\"682\" data-id=\"15675\"  src=\"https:\/\/cuernavaca.gob.mx\/wp-content\/uploads\/2022\/07\/Pago-deuda-Histo\u0301rica-ICTSGEM-02-1024x682.jpg\" alt=\"\" class=\"wp-image-15675\" srcset=\"https:\/\/cuernavaca.gob.mx\/wp-content\/uploads\/2022\/07\/Pago-deuda-Histo\u0301rica-ICTSGEM-02-1024x682.jpg 1024w, https:\/\/cuernavaca.gob.mx\/wp-content\/uploads\/2022\/07\/Pago-deuda-Histo\u0301rica-ICTSGEM-02-300x200.jpg 300w, https:\/\/cuernavaca.gob.mx\/wp-content\/uploads\/2022\/07\/Pago-deuda-Histo\u0301rica-ICTSGEM-02-768x512.jpg 768w, https:\/\/cuernavaca.gob.mx\/wp-content\/uploads\/2022\/07\/Pago-deuda-Histo\u0301rica-ICTSGEM-02-1536x1023.jpg 1536w, https:\/\/cuernavaca.gob.mx\/wp-content\/uploads\/2022\/07\/Pago-deuda-Histo\u0301rica-ICTSGEM-02-600x400.jpg 600w, https:\/\/cuernavaca.gob.mx\/wp-content\/uploads\/2022\/07\/Pago-deuda-Histo\u0301rica-ICTSGEM-02-560x373.jpg 560w, https:\/\/cuernavaca.gob.mx\/wp-content\/uploads\/2022\/07\/Pago-deuda-Histo\u0301rica-ICTSGEM-02.jpg 1600w\" sizes=\"(max-width: 1024px) 100vw, 1024px\" \/><\/figure>\n\n\n\n<figure class=\"wp-block-image size-large\"><img loading=\"lazy\" width=\"1024\" height=\"682\" data-id=\"15674\"  src=\"https:\/\/cuernavaca.gob.mx\/wp-content\/uploads\/2022\/07\/Pago-deuda-Histo\u0301rica-ICTSGEM-03-1024x682.jpg\" alt=\"\" class=\"wp-image-15674\" srcset=\"https:\/\/cuernavaca.gob.mx\/wp-content\/uploads\/2022\/07\/Pago-deuda-Histo\u0301rica-ICTSGEM-03-1024x682.jpg 1024w, https:\/\/cuernavaca.gob.mx\/wp-content\/uploads\/2022\/07\/Pago-deuda-Histo\u0301rica-ICTSGEM-03-300x200.jpg 300w, https:\/\/cuernavaca.gob.mx\/wp-content\/uploads\/2022\/07\/Pago-deuda-Histo\u0301rica-ICTSGEM-03-768x512.jpg 768w, https:\/\/cuernavaca.gob.mx\/wp-content\/uploads\/2022\/07\/Pago-deuda-Histo\u0301rica-ICTSGEM-03-1536x1023.jpg 1536w, https:\/\/cuernavaca.gob.mx\/wp-content\/uploads\/2022\/07\/Pago-deuda-Histo\u0301rica-ICTSGEM-03-600x400.jpg 600w, https:\/\/cuernavaca.gob.mx\/wp-content\/uploads\/2022\/07\/Pago-deuda-Histo\u0301rica-ICTSGEM-03-560x373.jpg 560w, https:\/\/cuernavaca.gob.mx\/wp-content\/uploads\/2022\/07\/Pago-deuda-Histo\u0301rica-ICTSGEM-03.jpg 1600w\" sizes=\"(max-width: 1024px) 100vw, 1024px\" \/><\/figure>\n\n\n\n<figure class=\"wp-block-image size-large\"><img loading=\"lazy\" width=\"1024\" height=\"683\" data-id=\"15670\"  src=\"https:\/\/cuernavaca.gob.mx\/wp-content\/uploads\/2022\/07\/Pago-deuda-Histo\u0301rica-ICTSGEM-04-1024x683.jpg\" alt=\"\" class=\"wp-image-15670\" srcset=\"https:\/\/cuernavaca.gob.mx\/wp-content\/uploads\/2022\/07\/Pago-deuda-Histo\u0301rica-ICTSGEM-04-1024x683.jpg 1024w, https:\/\/cuernavaca.gob.mx\/wp-content\/uploads\/2022\/07\/Pago-deuda-Histo\u0301rica-ICTSGEM-04-300x200.jpg 300w, https:\/\/cuernavaca.gob.mx\/wp-content\/uploads\/2022\/07\/Pago-deuda-Histo\u0301rica-ICTSGEM-04-768x512.jpg 768w, https:\/\/cuernavaca.gob.mx\/wp-content\/uploads\/2022\/07\/Pago-deuda-Histo\u0301rica-ICTSGEM-04-600x400.jpg 600w, https:\/\/cuernavaca.gob.mx\/wp-content\/uploads\/2022\/07\/Pago-deuda-Histo\u0301rica-ICTSGEM-04-560x374.jpg 560w, https:\/\/cuernavaca.gob.mx\/wp-content\/uploads\/2022\/07\/Pago-deuda-Histo\u0301rica-ICTSGEM-04.jpg 1280w\" sizes=\"(max-width: 1024px) 100vw, 1024px\" \/><\/figure>\n\n\n\n<figure class=\"wp-block-image size-large\"><img loading=\"lazy\" width=\"1024\" height=\"683\" data-id=\"15671\"  src=\"https:\/\/cuernavaca.gob.mx\/wp-content\/uploads\/2022\/07\/Pago-deuda-Histo\u0301rica-ICTSGEM-05.jpg\" alt=\"\" class=\"wp-image-15671\" srcset=\"https:\/\/cuernavaca.gob.mx\/wp-content\/uploads\/2022\/07\/Pago-deuda-Histo\u0301rica-ICTSGEM-05.jpg 1024w, https:\/\/cuernavaca.gob.mx\/wp-content\/uploads\/2022\/07\/Pago-deuda-Histo\u0301rica-ICTSGEM-05-300x200.jpg 300w, https:\/\/cuernavaca.gob.mx\/wp-content\/uploads\/2022\/07\/Pago-deuda-Histo\u0301rica-ICTSGEM-05-768x512.jpg 768w, https:\/\/cuernavaca.gob.mx\/wp-content\/uploads\/2022\/07\/Pago-deuda-Histo\u0301rica-ICTSGEM-05-600x400.jpg 600w, https:\/\/cuernavaca.gob.mx\/wp-content\/uploads\/2022\/07\/Pago-deuda-Histo\u0301rica-ICTSGEM-05-560x374.jpg 560w\" sizes=\"(max-width: 1024px) 100vw, 1024px\" \/><\/figure>\n\n\n\n<figure class=\"wp-block-image size-large\"><img loading=\"lazy\" width=\"1024\" height=\"682\" data-id=\"15672\"  src=\"https:\/\/cuernavaca.gob.mx\/wp-content\/uploads\/2022\/07\/Pago-deuda-Histo\u0301rica-ICTSGEM-06-1024x682.jpg\" alt=\"\" class=\"wp-image-15672\" srcset=\"https:\/\/cuernavaca.gob.mx\/wp-content\/uploads\/2022\/07\/Pago-deuda-Histo\u0301rica-ICTSGEM-06-1024x682.jpg 1024w, https:\/\/cuernavaca.gob.mx\/wp-content\/uploads\/2022\/07\/Pago-deuda-Histo\u0301rica-ICTSGEM-06-300x200.jpg 300w, https:\/\/cuernavaca.gob.mx\/wp-content\/uploads\/2022\/07\/Pago-deuda-Histo\u0301rica-ICTSGEM-06-768x512.jpg 768w, https:\/\/cuernavaca.gob.mx\/wp-content\/uploads\/2022\/07\/Pago-deuda-Histo\u0301rica-ICTSGEM-06-600x400.jpg 600w, https:\/\/cuernavaca.gob.mx\/wp-content\/uploads\/2022\/07\/Pago-deuda-Histo\u0301rica-ICTSGEM-06-560x373.jpg 560w, https:\/\/cuernavaca.gob.mx\/wp-content\/uploads\/2022\/07\/Pago-deuda-Histo\u0301rica-ICTSGEM-06.jpg 1277w\" sizes=\"(max-width: 1024px) 100vw, 1024px\" \/><\/figure>\n\n\n\n<figure class=\"wp-block-image size-large\"><img loading=\"lazy\" width=\"1024\" height=\"683\" data-id=\"15677\"  src=\"https:\/\/cuernavaca.gob.mx\/wp-content\/uploads\/2022\/07\/Pago-deuda-Histo\u0301rica-ICTSGEM-07.jpg\" alt=\"\" class=\"wp-image-15677\" srcset=\"https:\/\/cuernavaca.gob.mx\/wp-content\/uploads\/2022\/07\/Pago-deuda-Histo\u0301rica-ICTSGEM-07.jpg 1024w, https:\/\/cuernavaca.gob.mx\/wp-content\/uploads\/2022\/07\/Pago-deuda-Histo\u0301rica-ICTSGEM-07-300x200.jpg 300w, https:\/\/cuernavaca.gob.mx\/wp-content\/uploads\/2022\/07\/Pago-deuda-Histo\u0301rica-ICTSGEM-07-768x512.jpg 768w, https:\/\/cuernavaca.gob.mx\/wp-content\/uploads\/2022\/07\/Pago-deuda-Histo\u0301rica-ICTSGEM-07-600x400.jpg 600w, https:\/\/cuernavaca.gob.mx\/wp-content\/uploads\/2022\/07\/Pago-deuda-Histo\u0301rica-ICTSGEM-07-560x374.jpg 560w\" sizes=\"(max-width: 1024px) 100vw, 1024px\" \/><\/figure>\n\n\n\n<figure class=\"wp-block-image size-large\"><img loading=\"lazy\" width=\"1024\" height=\"683\" data-id=\"15676\"  src=\"https:\/\/cuernavaca.gob.mx\/wp-content\/uploads\/2022\/07\/Pago-deuda-Histo\u0301rica-ICTSGEM-08.jpg\" alt=\"\" class=\"wp-image-15676\" srcset=\"https:\/\/cuernavaca.gob.mx\/wp-content\/uploads\/2022\/07\/Pago-deuda-Histo\u0301rica-ICTSGEM-08.jpg 1024w, https:\/\/cuernavaca.gob.mx\/wp-content\/uploads\/2022\/07\/Pago-deuda-Histo\u0301rica-ICTSGEM-08-300x200.jpg 300w, https:\/\/cuernavaca.gob.mx\/wp-content\/uploads\/2022\/07\/Pago-deuda-Histo\u0301rica-ICTSGEM-08-768x512.jpg 768w, https:\/\/cuernavaca.gob.mx\/wp-content\/uploads\/2022\/07\/Pago-deuda-Histo\u0301rica-ICTSGEM-08-600x400.jpg 600w, https:\/\/cuernavaca.gob.mx\/wp-content\/uploads\/2022\/07\/Pago-deuda-Histo\u0301rica-ICTSGEM-08-560x374.jpg 560w\" sizes=\"(max-width: 1024px) 100vw, 1024px\" \/><\/figure>\n\n\n\n<figure class=\"wp-block-image size-large\"><img loading=\"lazy\" width=\"1280\" height=\"853\" data-id=\"15680\"  src=\"https:\/\/cuernavaca.gob.mx\/wp-content\/uploads\/2022\/07\/Pago-deuda-Histo\u0301rica-ICTSGEM-09.jpg\" alt=\"\" class=\"wp-image-15680\" srcset=\"https:\/\/cuernavaca.gob.mx\/wp-content\/uploads\/2022\/07\/Pago-deuda-Histo\u0301rica-ICTSGEM-09.jpg 1280w, https:\/\/cuernavaca.gob.mx\/wp-content\/uploads\/2022\/07\/Pago-deuda-Histo\u0301rica-ICTSGEM-09-300x200.jpg 300w, https:\/\/cuernavaca.gob.mx\/wp-content\/uploads\/2022\/07\/Pago-deuda-Histo\u0301rica-ICTSGEM-09-1024x682.jpg 1024w, https:\/\/cuernavaca.gob.mx\/wp-content\/uploads\/2022\/07\/Pago-deuda-Histo\u0301rica-ICTSGEM-09-768x512.jpg 768w, https:\/\/cuernavaca.gob.mx\/wp-content\/uploads\/2022\/07\/Pago-deuda-Histo\u0301rica-ICTSGEM-09-600x400.jpg 600w, https:\/\/cuernavaca.gob.mx\/wp-content\/uploads\/2022\/07\/Pago-deuda-Histo\u0301rica-ICTSGEM-09-560x373.jpg 560w\" sizes=\"(max-width: 1280px) 100vw, 1280px\" \/><\/figure>\n\n\n\n<figure class=\"wp-block-image size-large\"><img loading=\"lazy\" width=\"1280\" height=\"853\" data-id=\"15681\"  src=\"https:\/\/cuernavaca.gob.mx\/wp-content\/uploads\/2022\/07\/Pago-deuda-Histo\u0301rica-ICTSGEM-10.jpg\" alt=\"\" class=\"wp-image-15681\" srcset=\"https:\/\/cuernavaca.gob.mx\/wp-content\/uploads\/2022\/07\/Pago-deuda-Histo\u0301rica-ICTSGEM-10.jpg 1280w, https:\/\/cuernavaca.gob.mx\/wp-content\/uploads\/2022\/07\/Pago-deuda-Histo\u0301rica-ICTSGEM-10-300x200.jpg 300w, https:\/\/cuernavaca.gob.mx\/wp-content\/uploads\/2022\/07\/Pago-deuda-Histo\u0301rica-ICTSGEM-10-1024x682.jpg 1024w, https:\/\/cuernavaca.gob.mx\/wp-content\/uploads\/2022\/07\/Pago-deuda-Histo\u0301rica-ICTSGEM-10-768x512.jpg 768w, https:\/\/cuernavaca.gob.mx\/wp-content\/uploads\/2022\/07\/Pago-deuda-Histo\u0301rica-ICTSGEM-10-600x400.jpg 600w, https:\/\/cuernavaca.gob.mx\/wp-content\/uploads\/2022\/07\/Pago-deuda-Histo\u0301rica-ICTSGEM-10-560x373.jpg 560w\" sizes=\"(max-width: 1280px) 100vw, 1280px\" \/><\/figure>\n\n\n\n<figure class=\"wp-block-image size-large\"><img loading=\"lazy\" width=\"1280\" height=\"853\" data-id=\"15682\"  src=\"https:\/\/cuernavaca.gob.mx\/wp-content\/uploads\/2022\/07\/Pago-deuda-Histo\u0301rica-ICTSGEM-11.jpg\" alt=\"\" class=\"wp-image-15682\" srcset=\"https:\/\/cuernavaca.gob.mx\/wp-content\/uploads\/2022\/07\/Pago-deuda-Histo\u0301rica-ICTSGEM-11.jpg 1280w, https:\/\/cuernavaca.gob.mx\/wp-content\/uploads\/2022\/07\/Pago-deuda-Histo\u0301rica-ICTSGEM-11-300x200.jpg 300w, https:\/\/cuernavaca.gob.mx\/wp-content\/uploads\/2022\/07\/Pago-deuda-Histo\u0301rica-ICTSGEM-11-1024x682.jpg 1024w, https:\/\/cuernavaca.gob.mx\/wp-content\/uploads\/2022\/07\/Pago-deuda-Histo\u0301rica-ICTSGEM-11-768x512.jpg 768w, https:\/\/cuernavaca.gob.mx\/wp-content\/uploads\/2022\/07\/Pago-deuda-Histo\u0301rica-ICTSGEM-11-600x400.jpg 600w, https:\/\/cuernavaca.gob.mx\/wp-content\/uploads\/2022\/07\/Pago-deuda-Histo\u0301rica-ICTSGEM-11-560x373.jpg 560w\" sizes=\"(max-width: 1280px) 100vw, 1280px\" \/><\/figure>\n<\/figure>\n","protected":false},"excerpt":{"rendered":"<p>El presidente municipal Jos\u00e9 Luis Uri\u00f3stegui y el gobernador Cuauht\u00e9moc Blanco firmaron un Convenio para pagar de manera paulatina un adeudo por m\u00e1s de 22 millones de pesos despu\u00e9s de 10 a\u00f1os de incumplimiento Se reactivar\u00e1n beneficios en favor de dos mil 413 servidores p\u00fablicos afiliados En un ejercicio de responsabilidad y cumplimiento de compromisos [&hellip;]<\/p>\n","protected":false},"author":1,"featured_media":15670,"comment_status":"closed","ping_status":"closed","sticky":false,"template":"","format":"standard","meta":[],"categories":[20],"tags":[149,121,1781,817,329,120,665,1782],"aioseo_notices":[],"_links":{"self":[{"href":"https:\/\/cuernavaca.gob.mx\/index.php?rest_route=\/wp\/v2\/posts\/15669"}],"collection":[{"href":"https:\/\/cuernavaca.gob.mx\/index.php?rest_route=\/wp\/v2\/posts"}],"about":[{"href":"https:\/\/cuernavaca.gob.mx\/index.php?rest_route=\/wp\/v2\/types\/post"}],"author":[{"embeddable":true,"href":"https:\/\/cuernavaca.gob.mx\/index.php?rest_route=\/wp\/v2\/users\/1"}],"replies":[{"embeddable":true,"href":"https:\/\/cuernavaca.gob.mx\/index.php?rest_route=%2Fwp%2Fv2%2Fcomments&post=15669"}],"version-history":[{"count":2,"href":"https:\/\/cuernavaca.gob.mx\/index.php?rest_route=\/wp\/v2\/posts\/15669\/revisions"}],"predecessor-version":[{"id":15683,"href":"https:\/\/cuernavaca.gob.mx\/index.php?rest_route=\/wp\/v2\/posts\/15669\/revisions\/15683"}],"wp:featuredmedia":[{"embeddable":true,"href":"https:\/\/cuernavaca.gob.mx\/index.php?rest_route=\/wp\/v2\/media\/15670"}],"wp:attachment":[{"href":"https:\/\/cuernavaca.gob.mx\/index.php?rest_route=%2Fwp%2Fv2%2Fmedia&parent=15669"}],"wp:term":[{"taxonomy":"category","embeddable":true,"href":"https:\/\/cuernavaca.gob.mx\/index.php?rest_route=%2Fwp%2Fv2%2Fcategories&post=15669"},{"taxonomy":"post_tag","embeddable":true,"href":"https:\/\/cuernavaca.gob.mx\/index.php?rest_route=%2Fwp%2Fv2%2Ftags&post=15669"}],"curies":[{"name":"wp","href":"https:\/\/api.w.org\/{rel}","templated":true}]}}