{"id":15870,"date":"2022-07-11T15:00:00","date_gmt":"2022-07-11T20:00:00","guid":{"rendered":"https:\/\/cuernavaca.gob.mx\/?p=15870"},"modified":"2025-05-06T11:27:47","modified_gmt":"2025-05-06T17:27:47","slug":"f116-11-07-22-fomenta-el-ayuntamiento-de-cuernavaca-la-actualizacion-en-la-atencion-de-prestadores-de-servicios-turisticos-restauranteros","status":"publish","type":"post","link":"https:\/\/cuernavaca.gob.mx\/?p=15870","title":{"rendered":"F116 11\/07\/22 FOMENTA EL AYUNTAMIENTO DE CUERNAVACA LA ACTUALIZACI\u00d3N EN LA ATENCI\u00d3N DE PRESTADORES DE SERVICIOS TUR\u00cdSTICOS-RESTAURANTEROS"},"content":{"rendered":"\n<p>La Secretar\u00eda de Desarrollo Econ\u00f3mico y Turismo del Ayuntamiento de Cuernavaca a trav\u00e9s de la Direcci\u00f3n de Promoci\u00f3n Tur\u00edstica, llev\u00f3 a cabo, en conjunto con la Secretar\u00eda de Salud del Estado de Morelos, la capacitaci\u00f3n denominada \u201cBuenas pr\u00e1cticas de Higiene en la Preparaci\u00f3n de Alimentos (NOM 251)\u201d.<\/p>\n\n\n\n<p>El curso, impartido espec\u00edficamente por la Comisi\u00f3n para la Protecci\u00f3n contra Riesgos Sanitarios del Estado de Morelos (COFEPRIS), tuvo como enfoque actualizar e informar sobre los protocolos de higiene en la preparaci\u00f3n y manejo de alimentos para proporcionar un mejor servicio a los turistas y visitantes de los establecimientos y as\u00ed mejorar la calidad en el servicio prestado.<\/p>\n\n\n\n<p>Algunos de los temas expuestos fueron, primeras entradas, primeras salidas, uso de qu\u00edmicos para desinfectar, qu\u00e9 se debe y no se debe hacer con estas sustancias, inspecciones a los establecimientos, esto con la finalidad de estar al d\u00eda y evitar alg\u00fan tipo de sanci\u00f3n.<\/p>\n\n\n\n<p>A nombre de la Secretar\u00eda de Desarrollo Econ\u00f3mico y Turismo de Cuernavaca, Tahlia Colimoro Su\u00e1rez, directora de Promoci\u00f3n Tur\u00edstica, agradeci\u00f3 el apoyo y el inter\u00e9s de los prestadores de servicios tur\u00edsticos para participar y elevar sus niveles de atenci\u00f3n, y la disposici\u00f3n del personal de COFEPRIS para realizar esta capacitaci\u00f3n.<\/p>\n\n\n\n<p>Esta capacitaci\u00f3n registr\u00f3 una gran convocatoria a la que asistieron trabajadores de establecimientos como: Casa Hidalgo, Los Colorines, La India Bonita, Teely Bistro, Rinc\u00f3n Bistro, el Buen Saz\u00f3n 1952, entre otros, as\u00ed como de hoteles con servicio de restaurante como: Hotel Raquet, Posada Tlaltenango, Flor de Mayo, GS, Vista Hermosa y Hacienda de Cortes.<\/p>\n\n\n\n<figure class=\"wp-container-2 wp-block-gallery-1 wp-block-gallery has-nested-images columns-default is-cropped\">\n<figure class=\"wp-block-image size-large\"><img loading=\"lazy\" width=\"1024\" height=\"768\" data-id=\"15880\"  src=\"https:\/\/cuernavaca.gob.mx\/wp-content\/uploads\/2022\/07\/Higiene-en-la-Preparacio\u0301n-de-Alimentos-01-1024x768.jpg\" alt=\"\" class=\"wp-image-15880\" srcset=\"https:\/\/cuernavaca.gob.mx\/wp-content\/uploads\/2022\/07\/Higiene-en-la-Preparacio\u0301n-de-Alimentos-01-1024x768.jpg 1024w, https:\/\/cuernavaca.gob.mx\/wp-content\/uploads\/2022\/07\/Higiene-en-la-Preparacio\u0301n-de-Alimentos-01-300x225.jpg 300w, https:\/\/cuernavaca.gob.mx\/wp-content\/uploads\/2022\/07\/Higiene-en-la-Preparacio\u0301n-de-Alimentos-01-768x576.jpg 768w, https:\/\/cuernavaca.gob.mx\/wp-content\/uploads\/2022\/07\/Higiene-en-la-Preparacio\u0301n-de-Alimentos-01-1536x1152.jpg 1536w, https:\/\/cuernavaca.gob.mx\/wp-content\/uploads\/2022\/07\/Higiene-en-la-Preparacio\u0301n-de-Alimentos-01-600x450.jpg 600w, https:\/\/cuernavaca.gob.mx\/wp-content\/uploads\/2022\/07\/Higiene-en-la-Preparacio\u0301n-de-Alimentos-01-560x420.jpg 560w, https:\/\/cuernavaca.gob.mx\/wp-content\/uploads\/2022\/07\/Higiene-en-la-Preparacio\u0301n-de-Alimentos-01.jpg 1600w\" sizes=\"(max-width: 1024px) 100vw, 1024px\" \/><\/figure>\n\n\n\n<figure class=\"wp-block-image size-large\"><img loading=\"lazy\" width=\"1024\" height=\"768\" data-id=\"15878\"  src=\"https:\/\/cuernavaca.gob.mx\/wp-content\/uploads\/2022\/07\/Higiene-en-la-Preparacio\u0301n-de-Alimentos-02-1024x768.jpg\" alt=\"\" class=\"wp-image-15878\" srcset=\"https:\/\/cuernavaca.gob.mx\/wp-content\/uploads\/2022\/07\/Higiene-en-la-Preparacio\u0301n-de-Alimentos-02-1024x768.jpg 1024w, https:\/\/cuernavaca.gob.mx\/wp-content\/uploads\/2022\/07\/Higiene-en-la-Preparacio\u0301n-de-Alimentos-02-300x225.jpg 300w, https:\/\/cuernavaca.gob.mx\/wp-content\/uploads\/2022\/07\/Higiene-en-la-Preparacio\u0301n-de-Alimentos-02-768x576.jpg 768w, https:\/\/cuernavaca.gob.mx\/wp-content\/uploads\/2022\/07\/Higiene-en-la-Preparacio\u0301n-de-Alimentos-02-1536x1152.jpg 1536w, https:\/\/cuernavaca.gob.mx\/wp-content\/uploads\/2022\/07\/Higiene-en-la-Preparacio\u0301n-de-Alimentos-02-600x450.jpg 600w, https:\/\/cuernavaca.gob.mx\/wp-content\/uploads\/2022\/07\/Higiene-en-la-Preparacio\u0301n-de-Alimentos-02-560x420.jpg 560w, https:\/\/cuernavaca.gob.mx\/wp-content\/uploads\/2022\/07\/Higiene-en-la-Preparacio\u0301n-de-Alimentos-02.jpg 1600w\" sizes=\"(max-width: 1024px) 100vw, 1024px\" \/><\/figure>\n\n\n\n<figure class=\"wp-block-image size-large\"><img loading=\"lazy\" width=\"1024\" height=\"503\" data-id=\"15877\"  src=\"https:\/\/cuernavaca.gob.mx\/wp-content\/uploads\/2022\/07\/Higiene-en-la-Preparacio\u0301n-de-Alimentos-03-1024x503.jpg\" alt=\"\" class=\"wp-image-15877\" srcset=\"https:\/\/cuernavaca.gob.mx\/wp-content\/uploads\/2022\/07\/Higiene-en-la-Preparacio\u0301n-de-Alimentos-03-1024x503.jpg 1024w, https:\/\/cuernavaca.gob.mx\/wp-content\/uploads\/2022\/07\/Higiene-en-la-Preparacio\u0301n-de-Alimentos-03-300x147.jpg 300w, https:\/\/cuernavaca.gob.mx\/wp-content\/uploads\/2022\/07\/Higiene-en-la-Preparacio\u0301n-de-Alimentos-03-768x377.jpg 768w, https:\/\/cuernavaca.gob.mx\/wp-content\/uploads\/2022\/07\/Higiene-en-la-Preparacio\u0301n-de-Alimentos-03-600x295.jpg 600w, https:\/\/cuernavaca.gob.mx\/wp-content\/uploads\/2022\/07\/Higiene-en-la-Preparacio\u0301n-de-Alimentos-03-560x275.jpg 560w, https:\/\/cuernavaca.gob.mx\/wp-content\/uploads\/2022\/07\/Higiene-en-la-Preparacio\u0301n-de-Alimentos-03.jpg 1153w\" sizes=\"(max-width: 1024px) 100vw, 1024px\" \/><\/figure>\n\n\n\n<figure class=\"wp-block-image size-large\"><img loading=\"lazy\" width=\"1024\" height=\"768\" data-id=\"15879\"  src=\"https:\/\/cuernavaca.gob.mx\/wp-content\/uploads\/2022\/07\/Higiene-en-la-Preparacio\u0301n-de-Alimentos-04-1024x768.jpg\" alt=\"\" class=\"wp-image-15879\" srcset=\"https:\/\/cuernavaca.gob.mx\/wp-content\/uploads\/2022\/07\/Higiene-en-la-Preparacio\u0301n-de-Alimentos-04-1024x768.jpg 1024w, https:\/\/cuernavaca.gob.mx\/wp-content\/uploads\/2022\/07\/Higiene-en-la-Preparacio\u0301n-de-Alimentos-04-300x225.jpg 300w, https:\/\/cuernavaca.gob.mx\/wp-content\/uploads\/2022\/07\/Higiene-en-la-Preparacio\u0301n-de-Alimentos-04-768x576.jpg 768w, https:\/\/cuernavaca.gob.mx\/wp-content\/uploads\/2022\/07\/Higiene-en-la-Preparacio\u0301n-de-Alimentos-04-1536x1152.jpg 1536w, https:\/\/cuernavaca.gob.mx\/wp-content\/uploads\/2022\/07\/Higiene-en-la-Preparacio\u0301n-de-Alimentos-04-600x450.jpg 600w, https:\/\/cuernavaca.gob.mx\/wp-content\/uploads\/2022\/07\/Higiene-en-la-Preparacio\u0301n-de-Alimentos-04-560x420.jpg 560w, https:\/\/cuernavaca.gob.mx\/wp-content\/uploads\/2022\/07\/Higiene-en-la-Preparacio\u0301n-de-Alimentos-04.jpg 1600w\" sizes=\"(max-width: 1024px) 100vw, 1024px\" \/><\/figure>\n<\/figure>\n","protected":false},"excerpt":{"rendered":"<p>La Secretar\u00eda de Desarrollo Econ\u00f3mico y Turismo del Ayuntamiento de Cuernavaca a trav\u00e9s de la Direcci\u00f3n de Promoci\u00f3n Tur\u00edstica, llev\u00f3 a cabo, en conjunto con la Secretar\u00eda de Salud del Estado de Morelos, la capacitaci\u00f3n denominada \u201cBuenas pr\u00e1cticas de Higiene en la Preparaci\u00f3n de Alimentos (NOM 251)\u201d. El curso, impartido espec\u00edficamente por la Comisi\u00f3n para [&hellip;]<\/p>\n","protected":false},"author":1,"featured_media":15877,"comment_status":"closed","ping_status":"closed","sticky":false,"template":"","format":"standard","meta":[],"categories":[20,21],"tags":[1191,1802,121,1803,120,1801,937,1514,378,194],"aioseo_notices":[],"_links":{"self":[{"href":"https:\/\/cuernavaca.gob.mx\/index.php?rest_route=\/wp\/v2\/posts\/15870"}],"collection":[{"href":"https:\/\/cuernavaca.gob.mx\/index.php?rest_route=\/wp\/v2\/posts"}],"about":[{"href":"https:\/\/cuernavaca.gob.mx\/index.php?rest_route=\/wp\/v2\/types\/post"}],"author":[{"embeddable":true,"href":"https:\/\/cuernavaca.gob.mx\/index.php?rest_route=\/wp\/v2\/users\/1"}],"replies":[{"embeddable":true,"href":"https:\/\/cuernavaca.gob.mx\/index.php?rest_route=%2Fwp%2Fv2%2Fcomments&post=15870"}],"version-history":[{"count":1,"href":"https:\/\/cuernavaca.gob.mx\/index.php?rest_route=\/wp\/v2\/posts\/15870\/revisions"}],"predecessor-version":[{"id":15881,"href":"https:\/\/cuernavaca.gob.mx\/index.php?rest_route=\/wp\/v2\/posts\/15870\/revisions\/15881"}],"wp:featuredmedia":[{"embeddable":true,"href":"https:\/\/cuernavaca.gob.mx\/index.php?rest_route=\/wp\/v2\/media\/15877"}],"wp:attachment":[{"href":"https:\/\/cuernavaca.gob.mx\/index.php?rest_route=%2Fwp%2Fv2%2Fmedia&parent=15870"}],"wp:term":[{"taxonomy":"category","embeddable":true,"href":"https:\/\/cuernavaca.gob.mx\/index.php?rest_route=%2Fwp%2Fv2%2Fcategories&post=15870"},{"taxonomy":"post_tag","embeddable":true,"href":"https:\/\/cuernavaca.gob.mx\/index.php?rest_route=%2Fwp%2Fv2%2Ftags&post=15870"}],"curies":[{"name":"wp","href":"https:\/\/api.w.org\/{rel}","templated":true}]}}