{"id":16092,"date":"2022-07-13T11:00:00","date_gmt":"2022-07-13T16:00:00","guid":{"rendered":"https:\/\/cuernavaca.gob.mx\/?p=16092"},"modified":"2025-05-06T11:28:15","modified_gmt":"2025-05-06T17:28:15","slug":"b505-13-07-22-ayuntamiento-de-cuernavaca-cumple-con-austeridad-transparencia-y-rendicion-de-cuentas","status":"publish","type":"post","link":"https:\/\/cuernavaca.gob.mx\/?p=16092","title":{"rendered":"B505 13\/07\/22 AYUNTAMIENTO DE CUERNAVACA CUMPLE CON AUSTERIDAD, TRANSPARENCIA Y RENDICI\u00d3N DE CUENTAS"},"content":{"rendered":"\n<p><strong>En solo cuatro meses el Gobierno Municipal logr\u00f3 disminuir la deuda bancaria heredada por anteriores administraciones en un 20 por ciento<\/strong><\/p>\n\n\n\n<p><strong>Los ingresos del municipio fueron mayores a los registrados en mayo del 2021 debido a los est\u00edmulos fiscales que el Cabildo a autorizado en beneficio de la poblaci\u00f3n<\/strong><\/p>\n\n\n\n<p>En tan solo cuatro meses y con el mismo presupuesto que pasadas administraciones, el Ayuntamiento de Cuernavaca ha logrado disminuir la deuda p\u00fablica en un 20 por ciento, incrementando a su vez los ingresos derivado de las distintas campa\u00f1as de descuentos que se han aplicado a favor de la poblaci\u00f3n, cumpliendo con la transparencia y rendici\u00f3n de cuentas en el manejo de los recursos p\u00fablicos.<\/p>\n\n\n\n<p>Durante la sesi\u00f3n ordinaria de Cabildo convocada para este mi\u00e9rcoles y al presentar el corte de caja correspondiente al mes de mayo del 2022, el tesorero municipal, Javier Arozarena Salazar, explic\u00f3 que mientras en este mismo periodo del a\u00f1o 2021 se obtuvieron ingresos por 83 millones 406 mil pesos y se ejercieron 109 millones 871 mil pesos, en la presente anualidad los ingresos fueron por 170 millones 918 mil pesos, y los egresos 115 millones 250 mil pesos.<\/p>\n\n\n\n<p>Precis\u00f3 que a diciembre del a\u00f1o 2021 la deuda p\u00fablica registrada era de mil 46 millones de pesos, en tanto al mes de mayo fue por la cantidad de 807 millones de pesos, lo cual significa una disminuci\u00f3n de 239 millones de pesos; en este mismo per\u00edodo se pagaron 11.8 millones de pesos debido a que hubo dos bancos que les cobraron hasta principios de mayo, pagando, adem\u00e1s, alrededor de nueve millones de pesos en capital de intereses al mes.<\/p>\n\n\n\n<p>En este sentido, el presidente municipal, Jos\u00e9 Luis Uri\u00f3stegui Salgado, subray\u00f3 que a consecuencia de los trabajos de austeridad y de uso responsable de los recursos p\u00fablicos, teniendo un presupuesto similar al de a\u00f1os anteriores, se ha logrado reducir en un 20 por ciento la deuda registrada; reconociendo el esfuerzo, en particular, de la Comisi\u00f3n de Haciendo, Programaci\u00f3n y Presupuesto, quienes han sido minuciosos en la revisi\u00f3n, planteado inquietudes que se han resuelto por la Tesorer\u00eda Municipal y que hoy es la cuenta p\u00fablica que se presenta.<\/p>\n\n\n\n<p>Al respecto, el regidor presidente de la comisi\u00f3n, Adri\u00e1n Mart\u00ednez Terrazas, resalt\u00f3 que gracias a la aplicaci\u00f3n de los diversos est\u00edmulos fiscales aprobados por los integrantes del Cabildo se logr\u00f3 superar la estimaci\u00f3n de ingresos por el mes de mayo, que en su totalidad incluye las participaciones y aportaciones federales, ascendiendo a 170 millones 986 mil 958 pesos, lo que permite contar con flujo de efectivo para cubrir los gastos necesarios en materia de prestaci\u00f3n de los servicios p\u00fablicos.<\/p>\n\n\n\n<p>Confirm\u00f3 que el corte de caja fue integrado atendiendo lo que establece la Ley Org\u00e1nica Municipal del Estado de Morelos y la Ley General de Contabilidad Gubernamental y Normatividad Complementaria, emitida por el Consejo Nacional de Armonizaci\u00f3n Contable, mediante el cual se presentan tanto los estados financieros, como los estados presupuestales de ingresos y egresos en sus diferentes clasificaciones, as\u00ed como el estado anal\u00edtico de la deuda y otros pasivos, por lo cumpliendo con los procesos administrativos y contables.<\/p>\n\n\n\n<p>Finalmente, la regidora Wendi Salinas Ruiz, se\u00f1al\u00f3 que las modificaciones, principalmente en las reducciones en el mes de mayo, habla de un estado de austeridad en el que se encuentra el Gobierno Municipal y de eficientes recursos como los que se han aplicado; resaltando la transparencia con la que el cuerpo edilicio se ha destacado y manifestando su reconocimiento a los integrantes de la Comisi\u00f3n de Hacienda, Programaci\u00f3n y Presupuesto por el trabajo que est\u00e1n realizando en constatar que las<\/p>\n\n\n\n<figure class=\"wp-container-2 wp-block-gallery-1 wp-block-gallery has-nested-images columns-default is-cropped\">\n<figure class=\"wp-block-image size-large\"><img loading=\"lazy\" width=\"1024\" height=\"682\" data-id=\"16093\"  src=\"https:\/\/cuernavaca.gob.mx\/wp-content\/uploads\/2022\/07\/Cuernavaca-austero-y-transparente-01-1024x682.jpg\" alt=\"\" class=\"wp-image-16093\" srcset=\"https:\/\/cuernavaca.gob.mx\/wp-content\/uploads\/2022\/07\/Cuernavaca-austero-y-transparente-01-1024x682.jpg 1024w, https:\/\/cuernavaca.gob.mx\/wp-content\/uploads\/2022\/07\/Cuernavaca-austero-y-transparente-01-300x200.jpg 300w, https:\/\/cuernavaca.gob.mx\/wp-content\/uploads\/2022\/07\/Cuernavaca-austero-y-transparente-01-768x512.jpg 768w, https:\/\/cuernavaca.gob.mx\/wp-content\/uploads\/2022\/07\/Cuernavaca-austero-y-transparente-01-600x400.jpg 600w, https:\/\/cuernavaca.gob.mx\/wp-content\/uploads\/2022\/07\/Cuernavaca-austero-y-transparente-01-560x373.jpg 560w, https:\/\/cuernavaca.gob.mx\/wp-content\/uploads\/2022\/07\/Cuernavaca-austero-y-transparente-01.jpg 1280w\" sizes=\"(max-width: 1024px) 100vw, 1024px\" \/><\/figure>\n\n\n\n<figure class=\"wp-block-image size-large\"><img loading=\"lazy\" width=\"1024\" height=\"682\" data-id=\"16094\"  src=\"https:\/\/cuernavaca.gob.mx\/wp-content\/uploads\/2022\/07\/Cuernavaca-austero-y-transparente-02-1024x682.jpg\" alt=\"\" class=\"wp-image-16094\" srcset=\"https:\/\/cuernavaca.gob.mx\/wp-content\/uploads\/2022\/07\/Cuernavaca-austero-y-transparente-02-1024x682.jpg 1024w, https:\/\/cuernavaca.gob.mx\/wp-content\/uploads\/2022\/07\/Cuernavaca-austero-y-transparente-02-300x200.jpg 300w, https:\/\/cuernavaca.gob.mx\/wp-content\/uploads\/2022\/07\/Cuernavaca-austero-y-transparente-02-768x512.jpg 768w, https:\/\/cuernavaca.gob.mx\/wp-content\/uploads\/2022\/07\/Cuernavaca-austero-y-transparente-02-600x400.jpg 600w, https:\/\/cuernavaca.gob.mx\/wp-content\/uploads\/2022\/07\/Cuernavaca-austero-y-transparente-02-560x373.jpg 560w, https:\/\/cuernavaca.gob.mx\/wp-content\/uploads\/2022\/07\/Cuernavaca-austero-y-transparente-02.jpg 1280w\" sizes=\"(max-width: 1024px) 100vw, 1024px\" \/><\/figure>\n\n\n\n<figure class=\"wp-block-image size-large\"><img loading=\"lazy\" width=\"1024\" height=\"682\" data-id=\"16096\"  src=\"https:\/\/cuernavaca.gob.mx\/wp-content\/uploads\/2022\/07\/Cuernavaca-austero-y-transparente-03-1024x682.jpg\" alt=\"\" class=\"wp-image-16096\" srcset=\"https:\/\/cuernavaca.gob.mx\/wp-content\/uploads\/2022\/07\/Cuernavaca-austero-y-transparente-03-1024x682.jpg 1024w, https:\/\/cuernavaca.gob.mx\/wp-content\/uploads\/2022\/07\/Cuernavaca-austero-y-transparente-03-300x200.jpg 300w, https:\/\/cuernavaca.gob.mx\/wp-content\/uploads\/2022\/07\/Cuernavaca-austero-y-transparente-03-768x512.jpg 768w, https:\/\/cuernavaca.gob.mx\/wp-content\/uploads\/2022\/07\/Cuernavaca-austero-y-transparente-03-600x400.jpg 600w, https:\/\/cuernavaca.gob.mx\/wp-content\/uploads\/2022\/07\/Cuernavaca-austero-y-transparente-03-560x373.jpg 560w, https:\/\/cuernavaca.gob.mx\/wp-content\/uploads\/2022\/07\/Cuernavaca-austero-y-transparente-03.jpg 1280w\" sizes=\"(max-width: 1024px) 100vw, 1024px\" \/><\/figure>\n\n\n\n<figure class=\"wp-block-image size-large\"><img loading=\"lazy\" width=\"1024\" height=\"682\" data-id=\"16095\"  src=\"https:\/\/cuernavaca.gob.mx\/wp-content\/uploads\/2022\/07\/Cuernavaca-austero-y-transparente-04-1024x682.jpg\" alt=\"\" class=\"wp-image-16095\" srcset=\"https:\/\/cuernavaca.gob.mx\/wp-content\/uploads\/2022\/07\/Cuernavaca-austero-y-transparente-04-1024x682.jpg 1024w, https:\/\/cuernavaca.gob.mx\/wp-content\/uploads\/2022\/07\/Cuernavaca-austero-y-transparente-04-300x200.jpg 300w, https:\/\/cuernavaca.gob.mx\/wp-content\/uploads\/2022\/07\/Cuernavaca-austero-y-transparente-04-768x512.jpg 768w, https:\/\/cuernavaca.gob.mx\/wp-content\/uploads\/2022\/07\/Cuernavaca-austero-y-transparente-04-600x400.jpg 600w, https:\/\/cuernavaca.gob.mx\/wp-content\/uploads\/2022\/07\/Cuernavaca-austero-y-transparente-04-560x373.jpg 560w, https:\/\/cuernavaca.gob.mx\/wp-content\/uploads\/2022\/07\/Cuernavaca-austero-y-transparente-04.jpg 1280w\" sizes=\"(max-width: 1024px) 100vw, 1024px\" \/><\/figure>\n<\/figure>\n","protected":false},"excerpt":{"rendered":"<p>En solo cuatro meses el Gobierno Municipal logr\u00f3 disminuir la deuda bancaria heredada por anteriores administraciones en un 20 por ciento Los ingresos del municipio fueron mayores a los registrados en mayo del 2021 debido a los est\u00edmulos fiscales que el Cabildo a autorizado en beneficio de la poblaci\u00f3n En tan solo cuatro meses y [&hellip;]<\/p>\n","protected":false},"author":1,"featured_media":16095,"comment_status":"closed","ping_status":"closed","sticky":false,"template":"","format":"standard","meta":[],"categories":[20],"tags":[1454,158,121,1821,1820,120,1819,1727],"aioseo_notices":[],"_links":{"self":[{"href":"https:\/\/cuernavaca.gob.mx\/index.php?rest_route=\/wp\/v2\/posts\/16092"}],"collection":[{"href":"https:\/\/cuernavaca.gob.mx\/index.php?rest_route=\/wp\/v2\/posts"}],"about":[{"href":"https:\/\/cuernavaca.gob.mx\/index.php?rest_route=\/wp\/v2\/types\/post"}],"author":[{"embeddable":true,"href":"https:\/\/cuernavaca.gob.mx\/index.php?rest_route=\/wp\/v2\/users\/1"}],"replies":[{"embeddable":true,"href":"https:\/\/cuernavaca.gob.mx\/index.php?rest_route=%2Fwp%2Fv2%2Fcomments&post=16092"}],"version-history":[{"count":1,"href":"https:\/\/cuernavaca.gob.mx\/index.php?rest_route=\/wp\/v2\/posts\/16092\/revisions"}],"predecessor-version":[{"id":16097,"href":"https:\/\/cuernavaca.gob.mx\/index.php?rest_route=\/wp\/v2\/posts\/16092\/revisions\/16097"}],"wp:featuredmedia":[{"embeddable":true,"href":"https:\/\/cuernavaca.gob.mx\/index.php?rest_route=\/wp\/v2\/media\/16095"}],"wp:attachment":[{"href":"https:\/\/cuernavaca.gob.mx\/index.php?rest_route=%2Fwp%2Fv2%2Fmedia&parent=16092"}],"wp:term":[{"taxonomy":"category","embeddable":true,"href":"https:\/\/cuernavaca.gob.mx\/index.php?rest_route=%2Fwp%2Fv2%2Fcategories&post=16092"},{"taxonomy":"post_tag","embeddable":true,"href":"https:\/\/cuernavaca.gob.mx\/index.php?rest_route=%2Fwp%2Fv2%2Ftags&post=16092"}],"curies":[{"name":"wp","href":"https:\/\/api.w.org\/{rel}","templated":true}]}}