{"id":16110,"date":"2022-07-14T09:00:00","date_gmt":"2022-07-14T14:00:00","guid":{"rendered":"https:\/\/cuernavaca.gob.mx\/?p=16110"},"modified":"2025-05-06T11:28:15","modified_gmt":"2025-05-06T17:28:15","slug":"b506-14-07-22-cabildo-de-cuernavaca-hace-exhorto-a-expedir-una-ley-estatal-para-prevenir-el-feminicidio","status":"publish","type":"post","link":"https:\/\/cuernavaca.gob.mx\/?p=16110","title":{"rendered":"B506 14\/07\/22 CABILDO DE CUERNAVACA HACE EXHORTO A EXPEDIR UNA LEY ESTATAL PARA PREVENIR EL FEMINICIDIO"},"content":{"rendered":"\n<p><strong>El presidente municipal, Jos\u00e9 Luis Uri\u00f3stegui asever\u00f3 que la prioridad del Gobierno Municipal es que Cuernavaca salga de este espiral de violencia<\/strong><\/p>\n\n\n\n<p><strong>El Cabildo capitalino convoc\u00f3 al Congreso del Estado y al Instituto de la Mujer del Estado a realizar actividades de parlamento abierto para emitir la norma<\/strong><\/p>\n\n\n\n<p>Como parte del compromiso que tiene el Ayuntamiento de Cuernavaca para contar con una ciudad libre de violencias, el presidente municipal, Jos\u00e9 Luis Uri\u00f3stegui Salgado, se sum\u00f3 al exhorto dirigido al Congreso del Estado de Morelos para que, a trav\u00e9s de las Comisiones Unidas de Igualdad de G\u00e9nero, Justicia y Derechos Humanos, Seguridad P\u00fablica y Protecci\u00f3n Civil, as\u00ed como las dem\u00e1s correspondientes, convoquen a actividades de parlamento abierto para preparar una Ley Estatal para Prevenir, Investigar, Sancionar y Reparar el Feminicidio.<\/p>\n\n\n\n<p>A propuesta de la regidora Wendi Salinas Ruiz, el Cabildo conmin\u00f3 tambi\u00e9n al Instituto de la Mujer para el Estado de Morelos a establecer un mecanismo de coordinaci\u00f3n y deliberaci\u00f3n, que permita homologar acciones para la erradicaci\u00f3n de la violencia feminicida en la entidad con la participaci\u00f3n del Congreso, el Tribunal Superior de Justicia (TSJ), el Centro de Justicia para las Mujeres, la Fiscal\u00eda General y los 36 municipios.<\/p>\n\n\n\n<p>En este sentido, el alcalde capitalino destac\u00f3 el inter\u00e9s de los integrantes del Cabildo porque las pol\u00edticas, acciones y programas de gobierno sean eficaces, expresando que a pesar de que en el pa\u00eds y el estado se tengan muchas leyes, pero ninguna da resultados, es necesario llevar a cabo acciones de las personas para lograr el fin m\u00e1ximo, que es evitar cualquier tipo de violencia en contra de las mujeres.<\/p>\n\n\n\n<p>Precis\u00f3 que, s\u00ed bien existen distintos criterios entre s\u00ed en las diferentes Legislaturas de M\u00e9xico sobre el feminicidio, no se debe olvidar que el feminicidio es el homicidio intencional de una mujer a manos de un hombre por el simple hecho de ser mujer y existen muchos delitos de privaci\u00f3n de la vida que no son considerados feminicidios, pero no por eso son menos graves.<\/p>\n\n\n\n<p>Jos\u00e9 Luis Uri\u00f3stegui puntualiz\u00f3 que la prioridad del Gobierno Municipal es que Cuernavaca salga de este espiral de violencia y que las pol\u00edticas p\u00fablicas y acciones que se realizan desde el \u00e1mbito local generen consciencia para evitar que la violencia sea una constante que siga vi\u00e9ndose como algo normal en la vida p\u00fablica y al interior de los hogares.<\/p>\n\n\n\n<p>&#8220;Tenemos que visibilizar la violencia para dejarla de ver como algo cotidiano y empezar a generar conductas distintas y as\u00ed propiciar que la violencia en contra de la mujer se vaya erradicando y est\u00e1 es una forma de prevenirla&#8221;, acentu\u00f3.<\/p>\n\n\n\n<p>En la exposici\u00f3n de motivos, la regidora integrante de la Comisi\u00f3n de Igualdad de G\u00e9nero, Wendi Salina Ruiz, afirm\u00f3 que las violencias contra las mujeres son un problema sistem\u00e1tico que requieren de la acci\u00f3n coordinada de las instituciones mexicanas de los tres \u00e1mbitos de gobierno, pero tambi\u00e9n de un andamiaje jur\u00eddico que permita una coordinaci\u00f3n eficiente entre ellas.<\/p>\n\n\n\n<p>Por ello, tomando como base el proyecto presentado por el minisitro de la Suprema Corte de Justicia (SCJN), Arturo Zald\u00edvar Lelo de Larrea, a la Comisi\u00f3n Permanente del Congreso de la Uni\u00f3n, el Ayuntamiento capitalino impulsa este exhorto para expedir una Ley Estatal para Prevenir, Investigar, Sancionar y Reparar el Feminicidio, bajo la tesitura que uno de los problemas estructurales del feminicidio es que no est\u00e1 definido de manera uniforme, el tipo penal, puesto que cada entidad federativa lo hace de manera diferente.<\/p>\n\n\n\n<p>Wendi Salinas mencion\u00f3 que de acuerdo al Secretariado Ejecutivo del Sistema Nacional de Seguridad P\u00fablica, el pa\u00eds ha mantenido un promedio mensual de 78 feminicidios, mientras que la entidad morelense ocupa el segundo lugar por tasa de delito, esto es el n\u00famero de feminicidios por cada cien mil mujeres. En tanto, en el periodo de diciembre de 2018 a abril del 2022, las autoridades registraron tres mil 386 v\u00edctimas de feminicidio, lo que representa el 26.25 por ciento, mientras que nueve mil 511 homicidios dolosos, que representar\u00eda el 73.75 por ciento.<\/p>\n\n\n\n<p>&#8220;Cuernavaca debe tener una participaci\u00f3n activa con el objeto de garantizar vidas libres de violencia hacia las mujeres y debe de contribuir a la coyuntura establecida por la SCJN y buscar la generaci\u00f3n de esfuerzos comunes entre instituciones del estado de Morelos&#8221;, subray\u00f3.<\/p>\n\n\n\n<figure class=\"wp-container-2 wp-block-gallery-1 wp-block-gallery has-nested-images columns-default is-cropped\">\n<figure class=\"wp-block-image size-large\"><img loading=\"lazy\" width=\"1024\" height=\"682\" data-id=\"16111\"  src=\"https:\/\/cuernavaca.gob.mx\/wp-content\/uploads\/2022\/07\/Ley-para-prevenir-Feminicidio-01-1024x682.jpg\" alt=\"\" class=\"wp-image-16111\" srcset=\"https:\/\/cuernavaca.gob.mx\/wp-content\/uploads\/2022\/07\/Ley-para-prevenir-Feminicidio-01-1024x682.jpg 1024w, https:\/\/cuernavaca.gob.mx\/wp-content\/uploads\/2022\/07\/Ley-para-prevenir-Feminicidio-01-300x200.jpg 300w, https:\/\/cuernavaca.gob.mx\/wp-content\/uploads\/2022\/07\/Ley-para-prevenir-Feminicidio-01-768x512.jpg 768w, https:\/\/cuernavaca.gob.mx\/wp-content\/uploads\/2022\/07\/Ley-para-prevenir-Feminicidio-01-600x400.jpg 600w, https:\/\/cuernavaca.gob.mx\/wp-content\/uploads\/2022\/07\/Ley-para-prevenir-Feminicidio-01-560x373.jpg 560w, https:\/\/cuernavaca.gob.mx\/wp-content\/uploads\/2022\/07\/Ley-para-prevenir-Feminicidio-01.jpg 1280w\" sizes=\"(max-width: 1024px) 100vw, 1024px\" \/><\/figure>\n\n\n\n<figure class=\"wp-block-image size-large\"><img loading=\"lazy\" width=\"1024\" height=\"682\" data-id=\"16112\"  src=\"https:\/\/cuernavaca.gob.mx\/wp-content\/uploads\/2022\/07\/Ley-para-prevenir-Feminicidio-02-1024x682.jpg\" alt=\"\" class=\"wp-image-16112\" srcset=\"https:\/\/cuernavaca.gob.mx\/wp-content\/uploads\/2022\/07\/Ley-para-prevenir-Feminicidio-02-1024x682.jpg 1024w, https:\/\/cuernavaca.gob.mx\/wp-content\/uploads\/2022\/07\/Ley-para-prevenir-Feminicidio-02-300x200.jpg 300w, https:\/\/cuernavaca.gob.mx\/wp-content\/uploads\/2022\/07\/Ley-para-prevenir-Feminicidio-02-768x512.jpg 768w, https:\/\/cuernavaca.gob.mx\/wp-content\/uploads\/2022\/07\/Ley-para-prevenir-Feminicidio-02-600x400.jpg 600w, https:\/\/cuernavaca.gob.mx\/wp-content\/uploads\/2022\/07\/Ley-para-prevenir-Feminicidio-02-560x373.jpg 560w, https:\/\/cuernavaca.gob.mx\/wp-content\/uploads\/2022\/07\/Ley-para-prevenir-Feminicidio-02.jpg 1280w\" sizes=\"(max-width: 1024px) 100vw, 1024px\" \/><\/figure>\n\n\n\n<figure class=\"wp-block-image size-large\"><img loading=\"lazy\" width=\"1024\" height=\"682\" data-id=\"16113\"  src=\"https:\/\/cuernavaca.gob.mx\/wp-content\/uploads\/2022\/07\/Ley-para-prevenir-Feminicidio-03-1024x682.jpg\" alt=\"\" class=\"wp-image-16113\" srcset=\"https:\/\/cuernavaca.gob.mx\/wp-content\/uploads\/2022\/07\/Ley-para-prevenir-Feminicidio-03-1024x682.jpg 1024w, https:\/\/cuernavaca.gob.mx\/wp-content\/uploads\/2022\/07\/Ley-para-prevenir-Feminicidio-03-300x200.jpg 300w, https:\/\/cuernavaca.gob.mx\/wp-content\/uploads\/2022\/07\/Ley-para-prevenir-Feminicidio-03-768x512.jpg 768w, https:\/\/cuernavaca.gob.mx\/wp-content\/uploads\/2022\/07\/Ley-para-prevenir-Feminicidio-03-600x400.jpg 600w, https:\/\/cuernavaca.gob.mx\/wp-content\/uploads\/2022\/07\/Ley-para-prevenir-Feminicidio-03-560x373.jpg 560w, https:\/\/cuernavaca.gob.mx\/wp-content\/uploads\/2022\/07\/Ley-para-prevenir-Feminicidio-03.jpg 1280w\" sizes=\"(max-width: 1024px) 100vw, 1024px\" \/><\/figure>\n<\/figure>\n","protected":false},"excerpt":{"rendered":"<p>El presidente municipal, Jos\u00e9 Luis Uri\u00f3stegui asever\u00f3 que la prioridad del Gobierno Municipal es que Cuernavaca salga de este espiral de violencia El Cabildo capitalino convoc\u00f3 al Congreso del Estado y al Instituto de la Mujer del Estado a realizar actividades de parlamento abierto para emitir la norma Como parte del compromiso que tiene el [&hellip;]<\/p>\n","protected":false},"author":1,"featured_media":16113,"comment_status":"closed","ping_status":"closed","sticky":false,"template":"","format":"standard","meta":[],"categories":[20,280],"tags":[400,121,120,646,434,125,252,1823],"aioseo_notices":[],"_links":{"self":[{"href":"https:\/\/cuernavaca.gob.mx\/index.php?rest_route=\/wp\/v2\/posts\/16110"}],"collection":[{"href":"https:\/\/cuernavaca.gob.mx\/index.php?rest_route=\/wp\/v2\/posts"}],"about":[{"href":"https:\/\/cuernavaca.gob.mx\/index.php?rest_route=\/wp\/v2\/types\/post"}],"author":[{"embeddable":true,"href":"https:\/\/cuernavaca.gob.mx\/index.php?rest_route=\/wp\/v2\/users\/1"}],"replies":[{"embeddable":true,"href":"https:\/\/cuernavaca.gob.mx\/index.php?rest_route=%2Fwp%2Fv2%2Fcomments&post=16110"}],"version-history":[{"count":1,"href":"https:\/\/cuernavaca.gob.mx\/index.php?rest_route=\/wp\/v2\/posts\/16110\/revisions"}],"predecessor-version":[{"id":16114,"href":"https:\/\/cuernavaca.gob.mx\/index.php?rest_route=\/wp\/v2\/posts\/16110\/revisions\/16114"}],"wp:featuredmedia":[{"embeddable":true,"href":"https:\/\/cuernavaca.gob.mx\/index.php?rest_route=\/wp\/v2\/media\/16113"}],"wp:attachment":[{"href":"https:\/\/cuernavaca.gob.mx\/index.php?rest_route=%2Fwp%2Fv2%2Fmedia&parent=16110"}],"wp:term":[{"taxonomy":"category","embeddable":true,"href":"https:\/\/cuernavaca.gob.mx\/index.php?rest_route=%2Fwp%2Fv2%2Fcategories&post=16110"},{"taxonomy":"post_tag","embeddable":true,"href":"https:\/\/cuernavaca.gob.mx\/index.php?rest_route=%2Fwp%2Fv2%2Ftags&post=16110"}],"curies":[{"name":"wp","href":"https:\/\/api.w.org\/{rel}","templated":true}]}}