{"id":16272,"date":"2022-07-19T13:00:00","date_gmt":"2022-07-19T18:00:00","guid":{"rendered":"https:\/\/cuernavaca.gob.mx\/?p=16272"},"modified":"2025-05-06T11:28:11","modified_gmt":"2025-05-06T17:28:11","slug":"f123-19-07-22-recibe-el-ayuntamiento-de-cuernavaca-de-la-propaem-plantas-ornamentales-para-la-intervencion-de-espacios-publicos","status":"publish","type":"post","link":"https:\/\/cuernavaca.gob.mx\/?p=16272","title":{"rendered":"F123 19\/07\/22 RECIBE EL AYUNTAMIENTO DE CUERNAVACA DE LA PROPAEM PLANTAS ORNAMENTALES PARA LA INTERVENCI\u00d3N DE ESPACIOS P\u00daBLICOS"},"content":{"rendered":"\n<p>El presidente municipal de Cuernavaca, Jos\u00e9 Luis Uri\u00f3stegui Salgado, recibi\u00f3 del procurador de Protecci\u00f3n al Medio Ambiente en Morelos (PROPAEM) Carlos Sald\u00edvar Salazar, la entrega simb\u00f3lica de 300 plantas de ornato del tipo velo de novia, que se sumaran a las tareas de intervenci\u00f3n de las jardineras p\u00fablicas con las que cuenta la ciudad.<\/p>\n\n\n\n<p>Esta entrega es resultado del trabajo institucional de la Fiscal\u00eda Ambiental de Cuernavaca a cargo de Laura Elizabeth Garc\u00eda Mena con su hom\u00f3logo el titular de la PROPAEM, y con la Secretar\u00eda de Desarrollo Sustentable y Servicios P\u00fablicos del municipio a cargo de Alfredo Rodr\u00edguez San Ciprian, quienes dan continuidad al proceso de rescate de espacios p\u00fablicos que el Ayuntamiento ha emprendido desde el inicio de la presente administraci\u00f3n.<\/p>\n\n\n\n<figure class=\"wp-container-2 wp-block-gallery-1 wp-block-gallery has-nested-images columns-default is-cropped\">\n<figure class=\"wp-block-image size-large\"><img loading=\"lazy\" width=\"1024\" height=\"683\" data-id=\"16274\"  src=\"https:\/\/cuernavaca.gob.mx\/wp-content\/uploads\/2022\/07\/Donacio\u0301n-plantas-PROPAEM-01-1024x683.jpg\" alt=\"\" class=\"wp-image-16274\" srcset=\"https:\/\/cuernavaca.gob.mx\/wp-content\/uploads\/2022\/07\/Donacio\u0301n-plantas-PROPAEM-01-1024x683.jpg 1024w, https:\/\/cuernavaca.gob.mx\/wp-content\/uploads\/2022\/07\/Donacio\u0301n-plantas-PROPAEM-01-300x200.jpg 300w, https:\/\/cuernavaca.gob.mx\/wp-content\/uploads\/2022\/07\/Donacio\u0301n-plantas-PROPAEM-01-768x512.jpg 768w, https:\/\/cuernavaca.gob.mx\/wp-content\/uploads\/2022\/07\/Donacio\u0301n-plantas-PROPAEM-01-1536x1024.jpg 1536w, https:\/\/cuernavaca.gob.mx\/wp-content\/uploads\/2022\/07\/Donacio\u0301n-plantas-PROPAEM-01-600x400.jpg 600w, https:\/\/cuernavaca.gob.mx\/wp-content\/uploads\/2022\/07\/Donacio\u0301n-plantas-PROPAEM-01-560x373.jpg 560w, https:\/\/cuernavaca.gob.mx\/wp-content\/uploads\/2022\/07\/Donacio\u0301n-plantas-PROPAEM-01.jpg 1599w\" sizes=\"(max-width: 1024px) 100vw, 1024px\" \/><\/figure>\n\n\n\n<figure class=\"wp-block-image size-large\"><img loading=\"lazy\" width=\"1024\" height=\"683\" data-id=\"16273\"  src=\"https:\/\/cuernavaca.gob.mx\/wp-content\/uploads\/2022\/07\/Donacio\u0301n-plantas-PROPAEM-02-1024x683.jpg\" alt=\"\" class=\"wp-image-16273\" srcset=\"https:\/\/cuernavaca.gob.mx\/wp-content\/uploads\/2022\/07\/Donacio\u0301n-plantas-PROPAEM-02-1024x683.jpg 1024w, https:\/\/cuernavaca.gob.mx\/wp-content\/uploads\/2022\/07\/Donacio\u0301n-plantas-PROPAEM-02-300x200.jpg 300w, https:\/\/cuernavaca.gob.mx\/wp-content\/uploads\/2022\/07\/Donacio\u0301n-plantas-PROPAEM-02-768x512.jpg 768w, https:\/\/cuernavaca.gob.mx\/wp-content\/uploads\/2022\/07\/Donacio\u0301n-plantas-PROPAEM-02-1536x1024.jpg 1536w, https:\/\/cuernavaca.gob.mx\/wp-content\/uploads\/2022\/07\/Donacio\u0301n-plantas-PROPAEM-02-600x400.jpg 600w, https:\/\/cuernavaca.gob.mx\/wp-content\/uploads\/2022\/07\/Donacio\u0301n-plantas-PROPAEM-02-560x373.jpg 560w, https:\/\/cuernavaca.gob.mx\/wp-content\/uploads\/2022\/07\/Donacio\u0301n-plantas-PROPAEM-02.jpg 1599w\" sizes=\"(max-width: 1024px) 100vw, 1024px\" \/><\/figure>\n<\/figure>\n","protected":false},"excerpt":{"rendered":"<p>El presidente municipal de Cuernavaca, Jos\u00e9 Luis Uri\u00f3stegui Salgado, recibi\u00f3 del procurador de Protecci\u00f3n al Medio Ambiente en Morelos (PROPAEM) Carlos Sald\u00edvar Salazar, la entrega simb\u00f3lica de 300 plantas de ornato del tipo velo de novia, que se sumaran a las tareas de intervenci\u00f3n de las jardineras p\u00fablicas con las que cuenta la ciudad. Esta [&hellip;]<\/p>\n","protected":false},"author":1,"featured_media":16273,"comment_status":"closed","ping_status":"closed","sticky":false,"template":"","format":"standard","meta":[],"categories":[20,208],"tags":[121,1089,499,1873,120,1871,992,1872],"aioseo_notices":[],"_links":{"self":[{"href":"https:\/\/cuernavaca.gob.mx\/index.php?rest_route=\/wp\/v2\/posts\/16272"}],"collection":[{"href":"https:\/\/cuernavaca.gob.mx\/index.php?rest_route=\/wp\/v2\/posts"}],"about":[{"href":"https:\/\/cuernavaca.gob.mx\/index.php?rest_route=\/wp\/v2\/types\/post"}],"author":[{"embeddable":true,"href":"https:\/\/cuernavaca.gob.mx\/index.php?rest_route=\/wp\/v2\/users\/1"}],"replies":[{"embeddable":true,"href":"https:\/\/cuernavaca.gob.mx\/index.php?rest_route=%2Fwp%2Fv2%2Fcomments&post=16272"}],"version-history":[{"count":1,"href":"https:\/\/cuernavaca.gob.mx\/index.php?rest_route=\/wp\/v2\/posts\/16272\/revisions"}],"predecessor-version":[{"id":16275,"href":"https:\/\/cuernavaca.gob.mx\/index.php?rest_route=\/wp\/v2\/posts\/16272\/revisions\/16275"}],"wp:featuredmedia":[{"embeddable":true,"href":"https:\/\/cuernavaca.gob.mx\/index.php?rest_route=\/wp\/v2\/media\/16273"}],"wp:attachment":[{"href":"https:\/\/cuernavaca.gob.mx\/index.php?rest_route=%2Fwp%2Fv2%2Fmedia&parent=16272"}],"wp:term":[{"taxonomy":"category","embeddable":true,"href":"https:\/\/cuernavaca.gob.mx\/index.php?rest_route=%2Fwp%2Fv2%2Fcategories&post=16272"},{"taxonomy":"post_tag","embeddable":true,"href":"https:\/\/cuernavaca.gob.mx\/index.php?rest_route=%2Fwp%2Fv2%2Ftags&post=16272"}],"curies":[{"name":"wp","href":"https:\/\/api.w.org\/{rel}","templated":true}]}}