{"id":16398,"date":"2022-07-22T11:00:00","date_gmt":"2022-07-22T16:00:00","guid":{"rendered":"https:\/\/cuernavaca.gob.mx\/?p=16398"},"modified":"2025-05-06T11:28:56","modified_gmt":"2025-05-06T17:28:56","slug":"b521-22-07-22-cumple-el-ayuntamiento-de-cuernavaca-con-la-entrega-de-nuevas-herramientas-de-trabajo-para-el-gremio-sindical","status":"publish","type":"post","link":"https:\/\/cuernavaca.gob.mx\/?p=16398","title":{"rendered":"B521 22\/07\/22 CUMPLE EL AYUNTAMIENTO DE CUERNAVACA CON LA ENTREGA DE NUEVAS HERRAMIENTAS DE TRABAJO PARA EL GREMIO SINDICAL"},"content":{"rendered":"\n<p><strong>El alcalde Jos\u00e9 Luis Uri\u00f3stegui e integrantes del Cabildo dotaron de uniformes, guantes, fajas y lentes a trabajadores de los 5 sindicatos<\/strong><\/p>\n\n\n\n<p><strong>Esto se suma a otros beneficios otorgados como incremento salarial, aumento en vales de despensa y una nivelaci\u00f3n salarial<\/strong><\/p>\n\n\n\n<p>El Ayuntamiento de Cuernavaca comprometido con avanzar en el proceso de dignificaci\u00f3n en las condiciones laborales de sus trabajadores, aun y con las limitantes presupuestales que a\u00fan enfrenta, hizo entrega de uniformes y lentes para personal que esta agremiado en los 5 sindicatos con los que cuenta el Gobierno municipal.<\/p>\n\n\n\n<p>En una entrega simb\u00f3lica de estos apoyos, el presidente municipal Jos\u00e9 Luis Uri\u00f3stegui Salgado, ante integrantes del Cabildo y los dirigentes de las organizaciones sindicales, manifest\u00f3 que uno de los temas prioritarios es resolver los rezagos que fueron heredados y seguir apoyando a la base trabajadora, que desde el inicio de este Gobierno ha sido una constante, desde el pago de quincenas y aguinaldo retrasados por el anterior administraci\u00f3n, revisi\u00f3n y aceptaci\u00f3n de los contratos colectivos de trabajo, y ahora la entrega de elementos esenciales para el desempe\u00f1o de sus funciones.<\/p>\n\n\n\n<p>\u201cTengan la certeza de que quienes estamos aqu\u00ed, integrantes del Cabildo, somos los m\u00e1s preocupados y los que tenemos la mayor disposici\u00f3n para que se les entreguen los uniformes a la brevedad, porque cada vez que alguien en la calle lleva un uniforme del Ayuntamiento, descolorido, roto, o con zapatos inservibles, es una verg\u00fcenza para nosotros y eso nos est\u00e1 impulsando hacer cambios de fondo que hagan que la administraci\u00f3n sea funcional, que cada \u00e1rea den el m\u00e1ximo de su capacidad para que la ciudad se transforme\u201d, resalto el alcalde.<\/p>\n\n\n\n<p>La entrega de m\u00e1s de 50 uniformes fue para trabajadores de servicios generales y servicios auxiliares, junto con fajas y guantes, as\u00ed como 950 lentes para personal sindicalizado que est\u00e1n asignados a diferentes \u00e1reas de la administraci\u00f3n municipal, se suma a lo que con anterioridad se ha conseguido, como es el incremento salarial directo del tres por ciento, aumento en sus vales de despensa y una nivelaci\u00f3n salarial de m\u00e1s de 260 trabajadores que ten\u00edan un ingreso menor al salario m\u00ednimo.<\/p>\n\n\n\n<p>A nombre de los sindicalizados beneficiados, Juan Carlos Garc\u00eda Ruiz, adscrito a Servicios Auxiliares, expres\u00f3 su agradecimiento por las herramientas de trabajo que se entregaron, reiterando su disposici\u00f3n para participando en las obras y diferentes proyectos que impulsa el Cabildo y se alcance el cometido de esta administraci\u00f3n, lograr que Cuernavaca Renazca con la participaci\u00f3n de los trabajadores municipales.<\/p>\n\n\n\n<p>En este acto participaron el secretario de Administraci\u00f3n, Israel Yudico Herrera, la Sindica municipal Ver\u00f3nica Atenco P\u00e9rez, los regidores V\u00edctor Hugo Manzo God\u00ednez y Debendrenath Salazar Solorio, Liliana N\u00e1jera Castillo, secretaria general del Sindicato de Trabajadores y Empleados al Servicio del Ayuntamiento; Eliseo Torres Duque, de Servidores P\u00fablicos Municipales y Organismos Descentralizados; Guillermo S\u00e1nchez V\u00e9lez del Sindicato del Centro de Abastecimiento, Mercados y Empleados; Edgar Garc\u00eda Montesinos, del Sindicato Democr\u00e1tico de Trabajadores y Empleados al Servicio del municipio y as\u00ed como Ra\u00fal Galv\u00e1n, en representaci\u00f3n de Otilia Reyes Soto, del Sindicato Autentico de Trabajadores.<\/p>\n\n\n\n<figure class=\"wp-container-2 wp-block-gallery-1 wp-block-gallery has-nested-images columns-default is-cropped\">\n<figure class=\"wp-block-image size-large\"><img loading=\"lazy\" width=\"1024\" height=\"575\" data-id=\"16404\"  src=\"https:\/\/cuernavaca.gob.mx\/wp-content\/uploads\/2022\/07\/Herramientas-trabajo-sindicato-01-1024x575.jpg\" alt=\"\" class=\"wp-image-16404\" srcset=\"https:\/\/cuernavaca.gob.mx\/wp-content\/uploads\/2022\/07\/Herramientas-trabajo-sindicato-01-1024x575.jpg 1024w, https:\/\/cuernavaca.gob.mx\/wp-content\/uploads\/2022\/07\/Herramientas-trabajo-sindicato-01-300x169.jpg 300w, https:\/\/cuernavaca.gob.mx\/wp-content\/uploads\/2022\/07\/Herramientas-trabajo-sindicato-01-768x431.jpg 768w, https:\/\/cuernavaca.gob.mx\/wp-content\/uploads\/2022\/07\/Herramientas-trabajo-sindicato-01-600x337.jpg 600w, https:\/\/cuernavaca.gob.mx\/wp-content\/uploads\/2022\/07\/Herramientas-trabajo-sindicato-01-560x315.jpg 560w, https:\/\/cuernavaca.gob.mx\/wp-content\/uploads\/2022\/07\/Herramientas-trabajo-sindicato-01.jpg 1280w\" sizes=\"(max-width: 1024px) 100vw, 1024px\" \/><\/figure>\n\n\n\n<figure class=\"wp-block-image size-large\"><img loading=\"lazy\" width=\"682\" height=\"1024\" data-id=\"16401\"  src=\"https:\/\/cuernavaca.gob.mx\/wp-content\/uploads\/2022\/07\/Herramientas-trabajo-sindicato-02-682x1024.jpg\" alt=\"\" class=\"wp-image-16401\" srcset=\"https:\/\/cuernavaca.gob.mx\/wp-content\/uploads\/2022\/07\/Herramientas-trabajo-sindicato-02-682x1024.jpg 682w, https:\/\/cuernavaca.gob.mx\/wp-content\/uploads\/2022\/07\/Herramientas-trabajo-sindicato-02-200x300.jpg 200w, https:\/\/cuernavaca.gob.mx\/wp-content\/uploads\/2022\/07\/Herramientas-trabajo-sindicato-02-768x1152.jpg 768w, https:\/\/cuernavaca.gob.mx\/wp-content\/uploads\/2022\/07\/Herramientas-trabajo-sindicato-02-400x600.jpg 400w, https:\/\/cuernavaca.gob.mx\/wp-content\/uploads\/2022\/07\/Herramientas-trabajo-sindicato-02-373x560.jpg 373w, https:\/\/cuernavaca.gob.mx\/wp-content\/uploads\/2022\/07\/Herramientas-trabajo-sindicato-02.jpg 853w\" sizes=\"(max-width: 682px) 100vw, 682px\" \/><\/figure>\n\n\n\n<figure class=\"wp-block-image size-large\"><img loading=\"lazy\" width=\"1024\" height=\"682\" data-id=\"16403\"  src=\"https:\/\/cuernavaca.gob.mx\/wp-content\/uploads\/2022\/07\/Herramientas-trabajo-sindicato-03-1024x682.jpg\" alt=\"\" class=\"wp-image-16403\" srcset=\"https:\/\/cuernavaca.gob.mx\/wp-content\/uploads\/2022\/07\/Herramientas-trabajo-sindicato-03-1024x682.jpg 1024w, https:\/\/cuernavaca.gob.mx\/wp-content\/uploads\/2022\/07\/Herramientas-trabajo-sindicato-03-300x200.jpg 300w, https:\/\/cuernavaca.gob.mx\/wp-content\/uploads\/2022\/07\/Herramientas-trabajo-sindicato-03-768x512.jpg 768w, https:\/\/cuernavaca.gob.mx\/wp-content\/uploads\/2022\/07\/Herramientas-trabajo-sindicato-03-600x400.jpg 600w, https:\/\/cuernavaca.gob.mx\/wp-content\/uploads\/2022\/07\/Herramientas-trabajo-sindicato-03-560x373.jpg 560w, https:\/\/cuernavaca.gob.mx\/wp-content\/uploads\/2022\/07\/Herramientas-trabajo-sindicato-03.jpg 1280w\" sizes=\"(max-width: 1024px) 100vw, 1024px\" \/><\/figure>\n\n\n\n<figure class=\"wp-block-image size-large\"><img loading=\"lazy\" width=\"1024\" height=\"682\" data-id=\"16402\"  src=\"https:\/\/cuernavaca.gob.mx\/wp-content\/uploads\/2022\/07\/Herramientas-trabajo-sindicato-04-1024x682.jpg\" alt=\"\" class=\"wp-image-16402\" srcset=\"https:\/\/cuernavaca.gob.mx\/wp-content\/uploads\/2022\/07\/Herramientas-trabajo-sindicato-04-1024x682.jpg 1024w, https:\/\/cuernavaca.gob.mx\/wp-content\/uploads\/2022\/07\/Herramientas-trabajo-sindicato-04-300x200.jpg 300w, https:\/\/cuernavaca.gob.mx\/wp-content\/uploads\/2022\/07\/Herramientas-trabajo-sindicato-04-768x512.jpg 768w, https:\/\/cuernavaca.gob.mx\/wp-content\/uploads\/2022\/07\/Herramientas-trabajo-sindicato-04-600x400.jpg 600w, https:\/\/cuernavaca.gob.mx\/wp-content\/uploads\/2022\/07\/Herramientas-trabajo-sindicato-04-560x373.jpg 560w, https:\/\/cuernavaca.gob.mx\/wp-content\/uploads\/2022\/07\/Herramientas-trabajo-sindicato-04.jpg 1280w\" sizes=\"(max-width: 1024px) 100vw, 1024px\" \/><\/figure>\n\n\n\n<figure class=\"wp-block-image size-large\"><img loading=\"lazy\" width=\"1024\" height=\"682\" data-id=\"16399\"  src=\"https:\/\/cuernavaca.gob.mx\/wp-content\/uploads\/2022\/07\/Herramientas-trabajo-sindicato-05-1024x682.jpg\" alt=\"\" class=\"wp-image-16399\" srcset=\"https:\/\/cuernavaca.gob.mx\/wp-content\/uploads\/2022\/07\/Herramientas-trabajo-sindicato-05-1024x682.jpg 1024w, https:\/\/cuernavaca.gob.mx\/wp-content\/uploads\/2022\/07\/Herramientas-trabajo-sindicato-05-300x200.jpg 300w, https:\/\/cuernavaca.gob.mx\/wp-content\/uploads\/2022\/07\/Herramientas-trabajo-sindicato-05-768x512.jpg 768w, https:\/\/cuernavaca.gob.mx\/wp-content\/uploads\/2022\/07\/Herramientas-trabajo-sindicato-05-600x400.jpg 600w, https:\/\/cuernavaca.gob.mx\/wp-content\/uploads\/2022\/07\/Herramientas-trabajo-sindicato-05-560x373.jpg 560w, https:\/\/cuernavaca.gob.mx\/wp-content\/uploads\/2022\/07\/Herramientas-trabajo-sindicato-05.jpg 1280w\" sizes=\"(max-width: 1024px) 100vw, 1024px\" \/><\/figure>\n\n\n\n<figure class=\"wp-block-image size-large\"><img loading=\"lazy\" width=\"682\" height=\"1024\" data-id=\"16400\"  src=\"https:\/\/cuernavaca.gob.mx\/wp-content\/uploads\/2022\/07\/Herramientas-trabajo-sindicato-06-682x1024.jpg\" alt=\"\" class=\"wp-image-16400\" srcset=\"https:\/\/cuernavaca.gob.mx\/wp-content\/uploads\/2022\/07\/Herramientas-trabajo-sindicato-06-682x1024.jpg 682w, https:\/\/cuernavaca.gob.mx\/wp-content\/uploads\/2022\/07\/Herramientas-trabajo-sindicato-06-200x300.jpg 200w, https:\/\/cuernavaca.gob.mx\/wp-content\/uploads\/2022\/07\/Herramientas-trabajo-sindicato-06-768x1152.jpg 768w, https:\/\/cuernavaca.gob.mx\/wp-content\/uploads\/2022\/07\/Herramientas-trabajo-sindicato-06-400x600.jpg 400w, https:\/\/cuernavaca.gob.mx\/wp-content\/uploads\/2022\/07\/Herramientas-trabajo-sindicato-06-373x560.jpg 373w, https:\/\/cuernavaca.gob.mx\/wp-content\/uploads\/2022\/07\/Herramientas-trabajo-sindicato-06.jpg 853w\" sizes=\"(max-width: 682px) 100vw, 682px\" \/><\/figure>\n\n\n\n<figure class=\"wp-block-image size-large\"><img loading=\"lazy\" width=\"1024\" height=\"682\" data-id=\"16405\"  src=\"https:\/\/cuernavaca.gob.mx\/wp-content\/uploads\/2022\/07\/Herramientas-trabajo-sindicato-07-1024x682.jpg\" alt=\"\" class=\"wp-image-16405\" srcset=\"https:\/\/cuernavaca.gob.mx\/wp-content\/uploads\/2022\/07\/Herramientas-trabajo-sindicato-07-1024x682.jpg 1024w, https:\/\/cuernavaca.gob.mx\/wp-content\/uploads\/2022\/07\/Herramientas-trabajo-sindicato-07-300x200.jpg 300w, https:\/\/cuernavaca.gob.mx\/wp-content\/uploads\/2022\/07\/Herramientas-trabajo-sindicato-07-768x512.jpg 768w, https:\/\/cuernavaca.gob.mx\/wp-content\/uploads\/2022\/07\/Herramientas-trabajo-sindicato-07-600x400.jpg 600w, https:\/\/cuernavaca.gob.mx\/wp-content\/uploads\/2022\/07\/Herramientas-trabajo-sindicato-07-560x373.jpg 560w, https:\/\/cuernavaca.gob.mx\/wp-content\/uploads\/2022\/07\/Herramientas-trabajo-sindicato-07.jpg 1280w\" sizes=\"(max-width: 1024px) 100vw, 1024px\" \/><\/figure>\n\n\n\n<figure class=\"wp-block-image size-large\"><img loading=\"lazy\" width=\"1024\" height=\"682\" data-id=\"16406\"  src=\"https:\/\/cuernavaca.gob.mx\/wp-content\/uploads\/2022\/07\/Herramientas-trabajo-sindicato-08-1024x682.jpg\" alt=\"\" class=\"wp-image-16406\" srcset=\"https:\/\/cuernavaca.gob.mx\/wp-content\/uploads\/2022\/07\/Herramientas-trabajo-sindicato-08-1024x682.jpg 1024w, https:\/\/cuernavaca.gob.mx\/wp-content\/uploads\/2022\/07\/Herramientas-trabajo-sindicato-08-300x200.jpg 300w, https:\/\/cuernavaca.gob.mx\/wp-content\/uploads\/2022\/07\/Herramientas-trabajo-sindicato-08-768x512.jpg 768w, https:\/\/cuernavaca.gob.mx\/wp-content\/uploads\/2022\/07\/Herramientas-trabajo-sindicato-08-600x400.jpg 600w, https:\/\/cuernavaca.gob.mx\/wp-content\/uploads\/2022\/07\/Herramientas-trabajo-sindicato-08-560x373.jpg 560w, https:\/\/cuernavaca.gob.mx\/wp-content\/uploads\/2022\/07\/Herramientas-trabajo-sindicato-08.jpg 1280w\" sizes=\"(max-width: 1024px) 100vw, 1024px\" \/><\/figure>\n<\/figure>\n","protected":false},"excerpt":{"rendered":"<p>El alcalde Jos\u00e9 Luis Uri\u00f3stegui e integrantes del Cabildo dotaron de uniformes, guantes, fajas y lentes a trabajadores de los 5 sindicatos Esto se suma a otros beneficios otorgados como incremento salarial, aumento en vales de despensa y una nivelaci\u00f3n salarial El Ayuntamiento de Cuernavaca comprometido con avanzar en el proceso de dignificaci\u00f3n en las [&hellip;]<\/p>\n","protected":false},"author":1,"featured_media":16405,"comment_status":"closed","ping_status":"closed","sticky":false,"template":"","format":"standard","meta":[],"categories":[20],"tags":[158,121,1898,1897,120,946,573,1899],"aioseo_notices":[],"_links":{"self":[{"href":"https:\/\/cuernavaca.gob.mx\/index.php?rest_route=\/wp\/v2\/posts\/16398"}],"collection":[{"href":"https:\/\/cuernavaca.gob.mx\/index.php?rest_route=\/wp\/v2\/posts"}],"about":[{"href":"https:\/\/cuernavaca.gob.mx\/index.php?rest_route=\/wp\/v2\/types\/post"}],"author":[{"embeddable":true,"href":"https:\/\/cuernavaca.gob.mx\/index.php?rest_route=\/wp\/v2\/users\/1"}],"replies":[{"embeddable":true,"href":"https:\/\/cuernavaca.gob.mx\/index.php?rest_route=%2Fwp%2Fv2%2Fcomments&post=16398"}],"version-history":[{"count":1,"href":"https:\/\/cuernavaca.gob.mx\/index.php?rest_route=\/wp\/v2\/posts\/16398\/revisions"}],"predecessor-version":[{"id":16407,"href":"https:\/\/cuernavaca.gob.mx\/index.php?rest_route=\/wp\/v2\/posts\/16398\/revisions\/16407"}],"wp:featuredmedia":[{"embeddable":true,"href":"https:\/\/cuernavaca.gob.mx\/index.php?rest_route=\/wp\/v2\/media\/16405"}],"wp:attachment":[{"href":"https:\/\/cuernavaca.gob.mx\/index.php?rest_route=%2Fwp%2Fv2%2Fmedia&parent=16398"}],"wp:term":[{"taxonomy":"category","embeddable":true,"href":"https:\/\/cuernavaca.gob.mx\/index.php?rest_route=%2Fwp%2Fv2%2Fcategories&post=16398"},{"taxonomy":"post_tag","embeddable":true,"href":"https:\/\/cuernavaca.gob.mx\/index.php?rest_route=%2Fwp%2Fv2%2Ftags&post=16398"}],"curies":[{"name":"wp","href":"https:\/\/api.w.org\/{rel}","templated":true}]}}