{"id":16678,"date":"2022-07-30T13:00:00","date_gmt":"2022-07-30T18:00:00","guid":{"rendered":"https:\/\/cuernavaca.gob.mx\/?p=16678"},"modified":"2025-05-06T12:03:49","modified_gmt":"2025-05-06T18:03:49","slug":"b548-30-07-22-leyendas-y-folclor-en-el-festival-cultural-de-verano-cuernavaca-2022","status":"publish","type":"post","link":"https:\/\/cuernavaca.gob.mx\/?p=16678","title":{"rendered":"B548 30\/07\/22 LEYENDAS Y FOLCLOR EN EL FESTIVAL CULTURAL DE VERANO CUERNAVACA 2022"},"content":{"rendered":"\n<p><strong>Historias, misticismo y fantas\u00eda en el recorrido de leyendas en el Centro Hist\u00f3rico<\/strong><\/p>\n\n\n\n<p>Este fin de semana contin\u00faan las actividades para toda la familia y visitantes a la capital del estado, que el Festival Cultural de Verano Cuernavaca 2022 ofrece en sus diferentes sedes y de manera gratuita.<\/p>\n\n\n\n<p>Tras una ausencia obligada por la pandemia, regres\u00f3 el recorrido de Leyendas de Cuernavaca, llena de fantas\u00eda y misticismo, con personajes vistosamente caracterizados que relatan historias y an\u00e9cdotas populares de lo que se cuenta, despertando el inter\u00e9s a preservar ancestrales tradiciones.<\/p>\n\n\n\n<p>Este recorrido organizado por el Instituto de Cultura de Cuernavaca y la Secretar\u00eda de Desarrollo Humano y Participaci\u00f3n Social del Ayuntamiento de Cuernavaca, logr\u00f3 la atenci\u00f3n de familias y turistas que acompa\u00f1aron los puntos del trayecto que parti\u00f3 de la calle Jorge C\u00e1zares, pasando por Nezahualc\u00f3yotl, Hidalgo, avenida Morelos, Callejon Borda, \u00c1lvaro Obreg\u00f3n y regresar a Jorge Cazares.<\/p>\n\n\n\n<p>En el paseo se contaron historias tomadas en su mayor\u00eda, del libro \u201cLeyendas y relatos de Cuernavaca\u201d, del autor Roberto Bustos, as\u00ed como del libro de \u201cLeyendas\u201d del cronista de la Ciudad de Cuernavaca, Juan Jos\u00e9 Landa.<\/p>\n\n\n\n<p>Entre las leyendas contadas destacaron:<br>Una Noche de Lluvia;<br>La Ni\u00f1a del Pante\u00f3n;<br>El Anima Confesa; La Bruja de Cuernavaca;<br>La Dama de Blanco;<br>La Novia del Diablo; La Monja de Cuernavaca;<br>La Dama Enlutada;<br>La Procesi\u00f3n de los Fantasmas;<br>La Casa de la Esquina y La Llorona.<\/p>\n\n\n\n<p>El recorrido y caracterizaciones fueron una producci\u00f3n original de<br>\u201cMorelos Imagen Tur\u00edstica\u201d, conformando por un grupo de j\u00f3venes actores, en apoyo de la Escuela de Ciencia y Artes que tiene en su haber diferentes presentaciones hist\u00f3ricas y culturales.<\/p>\n\n\n\n<p>Para este s\u00e1bado, en otra de las sedes del Festival Cultural de Verano Cuernavaca 2022, el Museo de la Ciudad, una gran asistencia se registr\u00f3 para disfrutar de la Feria del libro &#8220;Las voces de la Ciudad, lectura en voz de sus autores&#8221;; la presentaci\u00f3n del Ensamble Coral y el colorido y r\u00edtmico Festival de la danza.<\/p>\n\n\n\n<p>Es de recordar que el gran cierre del Festival Cultural de Verano Cuernavaca 2022 ser\u00e1 este domingo 31 de julio, con un vasto cartel a partir de las 11:00 horas en diferentes sedes, para concluir en la calle de Leyva detr\u00e1s de Palacio de Cort\u00e9s, con un espect\u00e1culo musical que realizar\u00e1n la Compa\u00f1\u00eda de Danza Cuauhn\u00e1huac; Guante Blanco; Rey Costa y La Bolonchona.<\/p>\n\n\n\n<p>La cartelera con horarios y sedes se puede consultar en las redes sociales del Municipio de Cuernavaca, de la Secretar\u00eda de Desarrollo Humano y Participaci\u00f3n Social y del Instituto de Cultura de Cuernavaca.<\/p>\n\n\n\n<figure class=\"wp-container-2 wp-block-gallery-1 wp-block-gallery has-nested-images columns-default is-cropped\">\n<figure class=\"wp-block-image size-large\"><img loading=\"lazy\" width=\"1024\" height=\"576\" data-id=\"16679\"  src=\"https:\/\/cuernavaca.gob.mx\/wp-content\/uploads\/2022\/07\/Leyendas-y-folclor-01-1024x576.jpg\" alt=\"\" class=\"wp-image-16679\" srcset=\"https:\/\/cuernavaca.gob.mx\/wp-content\/uploads\/2022\/07\/Leyendas-y-folclor-01-1024x576.jpg 1024w, https:\/\/cuernavaca.gob.mx\/wp-content\/uploads\/2022\/07\/Leyendas-y-folclor-01-300x169.jpg 300w, https:\/\/cuernavaca.gob.mx\/wp-content\/uploads\/2022\/07\/Leyendas-y-folclor-01-768x432.jpg 768w, https:\/\/cuernavaca.gob.mx\/wp-content\/uploads\/2022\/07\/Leyendas-y-folclor-01-1536x864.jpg 1536w, https:\/\/cuernavaca.gob.mx\/wp-content\/uploads\/2022\/07\/Leyendas-y-folclor-01-600x337.jpg 600w, https:\/\/cuernavaca.gob.mx\/wp-content\/uploads\/2022\/07\/Leyendas-y-folclor-01-560x315.jpg 560w, https:\/\/cuernavaca.gob.mx\/wp-content\/uploads\/2022\/07\/Leyendas-y-folclor-01.jpg 1599w\" sizes=\"(max-width: 1024px) 100vw, 1024px\" \/><\/figure>\n\n\n\n<figure class=\"wp-block-image size-large\"><img loading=\"lazy\" width=\"1024\" height=\"576\" data-id=\"16680\"  src=\"https:\/\/cuernavaca.gob.mx\/wp-content\/uploads\/2022\/07\/Leyendas-y-folclor-02-1024x576.jpg\" alt=\"\" class=\"wp-image-16680\" srcset=\"https:\/\/cuernavaca.gob.mx\/wp-content\/uploads\/2022\/07\/Leyendas-y-folclor-02-1024x576.jpg 1024w, https:\/\/cuernavaca.gob.mx\/wp-content\/uploads\/2022\/07\/Leyendas-y-folclor-02-300x169.jpg 300w, https:\/\/cuernavaca.gob.mx\/wp-content\/uploads\/2022\/07\/Leyendas-y-folclor-02-768x432.jpg 768w, https:\/\/cuernavaca.gob.mx\/wp-content\/uploads\/2022\/07\/Leyendas-y-folclor-02-1536x864.jpg 1536w, https:\/\/cuernavaca.gob.mx\/wp-content\/uploads\/2022\/07\/Leyendas-y-folclor-02-600x337.jpg 600w, https:\/\/cuernavaca.gob.mx\/wp-content\/uploads\/2022\/07\/Leyendas-y-folclor-02-560x315.jpg 560w, https:\/\/cuernavaca.gob.mx\/wp-content\/uploads\/2022\/07\/Leyendas-y-folclor-02.jpg 1599w\" sizes=\"(max-width: 1024px) 100vw, 1024px\" \/><\/figure>\n\n\n\n<figure class=\"wp-block-image size-large\"><img loading=\"lazy\" width=\"1024\" height=\"576\" data-id=\"16681\"  src=\"https:\/\/cuernavaca.gob.mx\/wp-content\/uploads\/2022\/07\/Leyendas-y-folclor-03-1024x576.jpg\" alt=\"\" class=\"wp-image-16681\" srcset=\"https:\/\/cuernavaca.gob.mx\/wp-content\/uploads\/2022\/07\/Leyendas-y-folclor-03-1024x576.jpg 1024w, https:\/\/cuernavaca.gob.mx\/wp-content\/uploads\/2022\/07\/Leyendas-y-folclor-03-300x169.jpg 300w, https:\/\/cuernavaca.gob.mx\/wp-content\/uploads\/2022\/07\/Leyendas-y-folclor-03-768x432.jpg 768w, https:\/\/cuernavaca.gob.mx\/wp-content\/uploads\/2022\/07\/Leyendas-y-folclor-03-1536x864.jpg 1536w, https:\/\/cuernavaca.gob.mx\/wp-content\/uploads\/2022\/07\/Leyendas-y-folclor-03-600x337.jpg 600w, https:\/\/cuernavaca.gob.mx\/wp-content\/uploads\/2022\/07\/Leyendas-y-folclor-03-560x315.jpg 560w, https:\/\/cuernavaca.gob.mx\/wp-content\/uploads\/2022\/07\/Leyendas-y-folclor-03.jpg 1599w\" sizes=\"(max-width: 1024px) 100vw, 1024px\" \/><\/figure>\n\n\n\n<figure class=\"wp-block-image size-large\"><img loading=\"lazy\" width=\"1024\" height=\"576\" data-id=\"16682\"  src=\"https:\/\/cuernavaca.gob.mx\/wp-content\/uploads\/2022\/07\/Leyendas-y-folclor-04-1024x576.jpg\" alt=\"\" class=\"wp-image-16682\" srcset=\"https:\/\/cuernavaca.gob.mx\/wp-content\/uploads\/2022\/07\/Leyendas-y-folclor-04-1024x576.jpg 1024w, https:\/\/cuernavaca.gob.mx\/wp-content\/uploads\/2022\/07\/Leyendas-y-folclor-04-300x169.jpg 300w, https:\/\/cuernavaca.gob.mx\/wp-content\/uploads\/2022\/07\/Leyendas-y-folclor-04-768x432.jpg 768w, https:\/\/cuernavaca.gob.mx\/wp-content\/uploads\/2022\/07\/Leyendas-y-folclor-04-1536x864.jpg 1536w, https:\/\/cuernavaca.gob.mx\/wp-content\/uploads\/2022\/07\/Leyendas-y-folclor-04-600x337.jpg 600w, https:\/\/cuernavaca.gob.mx\/wp-content\/uploads\/2022\/07\/Leyendas-y-folclor-04-560x315.jpg 560w, https:\/\/cuernavaca.gob.mx\/wp-content\/uploads\/2022\/07\/Leyendas-y-folclor-04.jpg 1599w\" sizes=\"(max-width: 1024px) 100vw, 1024px\" \/><\/figure>\n\n\n\n<figure class=\"wp-block-image size-large\"><img loading=\"lazy\" width=\"1024\" height=\"769\" data-id=\"16684\"  src=\"https:\/\/cuernavaca.gob.mx\/wp-content\/uploads\/2022\/07\/Leyendas-y-folclor-05-1024x769.jpg\" alt=\"\" class=\"wp-image-16684\" srcset=\"https:\/\/cuernavaca.gob.mx\/wp-content\/uploads\/2022\/07\/Leyendas-y-folclor-05-1024x769.jpg 1024w, https:\/\/cuernavaca.gob.mx\/wp-content\/uploads\/2022\/07\/Leyendas-y-folclor-05-300x225.jpg 300w, https:\/\/cuernavaca.gob.mx\/wp-content\/uploads\/2022\/07\/Leyendas-y-folclor-05-768x577.jpg 768w, https:\/\/cuernavaca.gob.mx\/wp-content\/uploads\/2022\/07\/Leyendas-y-folclor-05-600x451.jpg 600w, https:\/\/cuernavaca.gob.mx\/wp-content\/uploads\/2022\/07\/Leyendas-y-folclor-05-560x420.jpg 560w, https:\/\/cuernavaca.gob.mx\/wp-content\/uploads\/2022\/07\/Leyendas-y-folclor-05.jpg 1156w\" sizes=\"(max-width: 1024px) 100vw, 1024px\" \/><\/figure>\n\n\n\n<figure class=\"wp-block-image size-large\"><img loading=\"lazy\" width=\"1024\" height=\"769\" data-id=\"16683\"  src=\"https:\/\/cuernavaca.gob.mx\/wp-content\/uploads\/2022\/07\/Leyendas-y-folclor-06-1024x769.jpg\" alt=\"\" class=\"wp-image-16683\" srcset=\"https:\/\/cuernavaca.gob.mx\/wp-content\/uploads\/2022\/07\/Leyendas-y-folclor-06-1024x769.jpg 1024w, https:\/\/cuernavaca.gob.mx\/wp-content\/uploads\/2022\/07\/Leyendas-y-folclor-06-300x225.jpg 300w, https:\/\/cuernavaca.gob.mx\/wp-content\/uploads\/2022\/07\/Leyendas-y-folclor-06-768x577.jpg 768w, https:\/\/cuernavaca.gob.mx\/wp-content\/uploads\/2022\/07\/Leyendas-y-folclor-06-600x451.jpg 600w, https:\/\/cuernavaca.gob.mx\/wp-content\/uploads\/2022\/07\/Leyendas-y-folclor-06-560x420.jpg 560w, https:\/\/cuernavaca.gob.mx\/wp-content\/uploads\/2022\/07\/Leyendas-y-folclor-06.jpg 1156w\" sizes=\"(max-width: 1024px) 100vw, 1024px\" \/><\/figure>\n\n\n\n<figure class=\"wp-block-image size-large\"><img loading=\"lazy\" width=\"769\" height=\"1024\" data-id=\"16686\"  src=\"https:\/\/cuernavaca.gob.mx\/wp-content\/uploads\/2022\/07\/Leyendas-y-folclor-07-769x1024.jpg\" alt=\"\" class=\"wp-image-16686\" srcset=\"https:\/\/cuernavaca.gob.mx\/wp-content\/uploads\/2022\/07\/Leyendas-y-folclor-07-769x1024.jpg 769w, https:\/\/cuernavaca.gob.mx\/wp-content\/uploads\/2022\/07\/Leyendas-y-folclor-07-225x300.jpg 225w, https:\/\/cuernavaca.gob.mx\/wp-content\/uploads\/2022\/07\/Leyendas-y-folclor-07-768x1023.jpg 768w, https:\/\/cuernavaca.gob.mx\/wp-content\/uploads\/2022\/07\/Leyendas-y-folclor-07-451x600.jpg 451w, https:\/\/cuernavaca.gob.mx\/wp-content\/uploads\/2022\/07\/Leyendas-y-folclor-07-420x560.jpg 420w, https:\/\/cuernavaca.gob.mx\/wp-content\/uploads\/2022\/07\/Leyendas-y-folclor-07.jpg 868w\" sizes=\"(max-width: 769px) 100vw, 769px\" \/><\/figure>\n\n\n\n<figure class=\"wp-block-image size-large\"><img loading=\"lazy\" width=\"1024\" height=\"769\" data-id=\"16687\"  src=\"https:\/\/cuernavaca.gob.mx\/wp-content\/uploads\/2022\/07\/Leyendas-y-folclor-08-1024x769.jpg\" alt=\"\" class=\"wp-image-16687\" srcset=\"https:\/\/cuernavaca.gob.mx\/wp-content\/uploads\/2022\/07\/Leyendas-y-folclor-08-1024x769.jpg 1024w, https:\/\/cuernavaca.gob.mx\/wp-content\/uploads\/2022\/07\/Leyendas-y-folclor-08-300x225.jpg 300w, https:\/\/cuernavaca.gob.mx\/wp-content\/uploads\/2022\/07\/Leyendas-y-folclor-08-768x577.jpg 768w, https:\/\/cuernavaca.gob.mx\/wp-content\/uploads\/2022\/07\/Leyendas-y-folclor-08-600x451.jpg 600w, https:\/\/cuernavaca.gob.mx\/wp-content\/uploads\/2022\/07\/Leyendas-y-folclor-08-560x420.jpg 560w, https:\/\/cuernavaca.gob.mx\/wp-content\/uploads\/2022\/07\/Leyendas-y-folclor-08.jpg 1156w\" sizes=\"(max-width: 1024px) 100vw, 1024px\" \/><\/figure>\n\n\n\n<figure class=\"wp-block-image size-large\"><img loading=\"lazy\" width=\"1024\" height=\"682\" data-id=\"16685\"  src=\"https:\/\/cuernavaca.gob.mx\/wp-content\/uploads\/2022\/07\/Leyendas-y-folclor-09-1024x682.jpg\" alt=\"\" class=\"wp-image-16685\" srcset=\"https:\/\/cuernavaca.gob.mx\/wp-content\/uploads\/2022\/07\/Leyendas-y-folclor-09-1024x682.jpg 1024w, https:\/\/cuernavaca.gob.mx\/wp-content\/uploads\/2022\/07\/Leyendas-y-folclor-09-300x200.jpg 300w, https:\/\/cuernavaca.gob.mx\/wp-content\/uploads\/2022\/07\/Leyendas-y-folclor-09-768x512.jpg 768w, https:\/\/cuernavaca.gob.mx\/wp-content\/uploads\/2022\/07\/Leyendas-y-folclor-09-600x400.jpg 600w, https:\/\/cuernavaca.gob.mx\/wp-content\/uploads\/2022\/07\/Leyendas-y-folclor-09-560x373.jpg 560w, https:\/\/cuernavaca.gob.mx\/wp-content\/uploads\/2022\/07\/Leyendas-y-folclor-09.jpg 1280w\" sizes=\"(max-width: 1024px) 100vw, 1024px\" \/><\/figure>\n\n\n\n<figure class=\"wp-block-image size-large\"><img loading=\"lazy\" width=\"1024\" height=\"682\" data-id=\"16688\"  src=\"https:\/\/cuernavaca.gob.mx\/wp-content\/uploads\/2022\/07\/Leyendas-y-folclor-10-1024x682.jpg\" alt=\"\" class=\"wp-image-16688\" srcset=\"https:\/\/cuernavaca.gob.mx\/wp-content\/uploads\/2022\/07\/Leyendas-y-folclor-10-1024x682.jpg 1024w, https:\/\/cuernavaca.gob.mx\/wp-content\/uploads\/2022\/07\/Leyendas-y-folclor-10-300x200.jpg 300w, https:\/\/cuernavaca.gob.mx\/wp-content\/uploads\/2022\/07\/Leyendas-y-folclor-10-768x512.jpg 768w, https:\/\/cuernavaca.gob.mx\/wp-content\/uploads\/2022\/07\/Leyendas-y-folclor-10-600x400.jpg 600w, https:\/\/cuernavaca.gob.mx\/wp-content\/uploads\/2022\/07\/Leyendas-y-folclor-10-560x373.jpg 560w, https:\/\/cuernavaca.gob.mx\/wp-content\/uploads\/2022\/07\/Leyendas-y-folclor-10.jpg 1280w\" sizes=\"(max-width: 1024px) 100vw, 1024px\" \/><\/figure>\n\n\n\n<figure class=\"wp-block-image size-large\"><img loading=\"lazy\" width=\"1024\" height=\"682\" data-id=\"16689\"  src=\"https:\/\/cuernavaca.gob.mx\/wp-content\/uploads\/2022\/07\/Leyendas-y-folclor-11-1024x682.jpg\" alt=\"\" class=\"wp-image-16689\" srcset=\"https:\/\/cuernavaca.gob.mx\/wp-content\/uploads\/2022\/07\/Leyendas-y-folclor-11-1024x682.jpg 1024w, https:\/\/cuernavaca.gob.mx\/wp-content\/uploads\/2022\/07\/Leyendas-y-folclor-11-300x200.jpg 300w, https:\/\/cuernavaca.gob.mx\/wp-content\/uploads\/2022\/07\/Leyendas-y-folclor-11-768x512.jpg 768w, https:\/\/cuernavaca.gob.mx\/wp-content\/uploads\/2022\/07\/Leyendas-y-folclor-11-600x400.jpg 600w, https:\/\/cuernavaca.gob.mx\/wp-content\/uploads\/2022\/07\/Leyendas-y-folclor-11-560x373.jpg 560w, https:\/\/cuernavaca.gob.mx\/wp-content\/uploads\/2022\/07\/Leyendas-y-folclor-11.jpg 1280w\" sizes=\"(max-width: 1024px) 100vw, 1024px\" \/><\/figure>\n\n\n\n<figure class=\"wp-block-image size-large\"><img loading=\"lazy\" width=\"1024\" height=\"682\" data-id=\"16690\"  src=\"https:\/\/cuernavaca.gob.mx\/wp-content\/uploads\/2022\/07\/Leyendas-y-folclor-12-1024x682.jpg\" alt=\"\" class=\"wp-image-16690\" srcset=\"https:\/\/cuernavaca.gob.mx\/wp-content\/uploads\/2022\/07\/Leyendas-y-folclor-12-1024x682.jpg 1024w, https:\/\/cuernavaca.gob.mx\/wp-content\/uploads\/2022\/07\/Leyendas-y-folclor-12-300x200.jpg 300w, https:\/\/cuernavaca.gob.mx\/wp-content\/uploads\/2022\/07\/Leyendas-y-folclor-12-768x512.jpg 768w, https:\/\/cuernavaca.gob.mx\/wp-content\/uploads\/2022\/07\/Leyendas-y-folclor-12-600x400.jpg 600w, https:\/\/cuernavaca.gob.mx\/wp-content\/uploads\/2022\/07\/Leyendas-y-folclor-12-560x373.jpg 560w, https:\/\/cuernavaca.gob.mx\/wp-content\/uploads\/2022\/07\/Leyendas-y-folclor-12.jpg 1280w\" sizes=\"(max-width: 1024px) 100vw, 1024px\" \/><\/figure>\n\n\n\n<figure class=\"wp-block-image size-large\"><img loading=\"lazy\" width=\"1024\" height=\"682\" data-id=\"16691\"  src=\"https:\/\/cuernavaca.gob.mx\/wp-content\/uploads\/2022\/07\/Leyendas-y-folclor-13-1024x682.jpg\" alt=\"\" class=\"wp-image-16691\" srcset=\"https:\/\/cuernavaca.gob.mx\/wp-content\/uploads\/2022\/07\/Leyendas-y-folclor-13-1024x682.jpg 1024w, https:\/\/cuernavaca.gob.mx\/wp-content\/uploads\/2022\/07\/Leyendas-y-folclor-13-300x200.jpg 300w, https:\/\/cuernavaca.gob.mx\/wp-content\/uploads\/2022\/07\/Leyendas-y-folclor-13-768x512.jpg 768w, https:\/\/cuernavaca.gob.mx\/wp-content\/uploads\/2022\/07\/Leyendas-y-folclor-13-600x400.jpg 600w, https:\/\/cuernavaca.gob.mx\/wp-content\/uploads\/2022\/07\/Leyendas-y-folclor-13-560x373.jpg 560w, https:\/\/cuernavaca.gob.mx\/wp-content\/uploads\/2022\/07\/Leyendas-y-folclor-13.jpg 1280w\" sizes=\"(max-width: 1024px) 100vw, 1024px\" \/><\/figure>\n\n\n\n<figure class=\"wp-block-image size-large\"><img loading=\"lazy\" width=\"1024\" height=\"682\" data-id=\"16692\"  src=\"https:\/\/cuernavaca.gob.mx\/wp-content\/uploads\/2022\/07\/Leyendas-y-folclor-14-1024x682.jpg\" alt=\"\" class=\"wp-image-16692\" srcset=\"https:\/\/cuernavaca.gob.mx\/wp-content\/uploads\/2022\/07\/Leyendas-y-folclor-14-1024x682.jpg 1024w, https:\/\/cuernavaca.gob.mx\/wp-content\/uploads\/2022\/07\/Leyendas-y-folclor-14-300x200.jpg 300w, https:\/\/cuernavaca.gob.mx\/wp-content\/uploads\/2022\/07\/Leyendas-y-folclor-14-768x512.jpg 768w, https:\/\/cuernavaca.gob.mx\/wp-content\/uploads\/2022\/07\/Leyendas-y-folclor-14-600x400.jpg 600w, https:\/\/cuernavaca.gob.mx\/wp-content\/uploads\/2022\/07\/Leyendas-y-folclor-14-560x373.jpg 560w, https:\/\/cuernavaca.gob.mx\/wp-content\/uploads\/2022\/07\/Leyendas-y-folclor-14.jpg 1280w\" sizes=\"(max-width: 1024px) 100vw, 1024px\" \/><\/figure>\n\n\n\n<figure class=\"wp-block-image size-large\"><img loading=\"lazy\" width=\"1024\" height=\"682\" data-id=\"16693\"  src=\"https:\/\/cuernavaca.gob.mx\/wp-content\/uploads\/2022\/07\/Leyendas-y-folclor-15-1024x682.jpg\" alt=\"\" class=\"wp-image-16693\" srcset=\"https:\/\/cuernavaca.gob.mx\/wp-content\/uploads\/2022\/07\/Leyendas-y-folclor-15-1024x682.jpg 1024w, https:\/\/cuernavaca.gob.mx\/wp-content\/uploads\/2022\/07\/Leyendas-y-folclor-15-300x200.jpg 300w, https:\/\/cuernavaca.gob.mx\/wp-content\/uploads\/2022\/07\/Leyendas-y-folclor-15-768x512.jpg 768w, https:\/\/cuernavaca.gob.mx\/wp-content\/uploads\/2022\/07\/Leyendas-y-folclor-15-600x400.jpg 600w, https:\/\/cuernavaca.gob.mx\/wp-content\/uploads\/2022\/07\/Leyendas-y-folclor-15-560x373.jpg 560w, https:\/\/cuernavaca.gob.mx\/wp-content\/uploads\/2022\/07\/Leyendas-y-folclor-15.jpg 1280w\" sizes=\"(max-width: 1024px) 100vw, 1024px\" \/><\/figure>\n<\/figure>\n","protected":false},"excerpt":{"rendered":"<p>Historias, misticismo y fantas\u00eda en el recorrido de leyendas en el Centro Hist\u00f3rico Este fin de semana contin\u00faan las actividades para toda la familia y visitantes a la capital del estado, que el Festival Cultural de Verano Cuernavaca 2022 ofrece en sus diferentes sedes y de manera gratuita. Tras una ausencia obligada por la pandemia, [&hellip;]<\/p>\n","protected":false},"author":1,"featured_media":16693,"comment_status":"closed","ping_status":"closed","sticky":false,"template":"","format":"standard","meta":[],"categories":[20,21],"tags":[121,190,1922,1882,1944,120,1943],"aioseo_notices":[],"_links":{"self":[{"href":"https:\/\/cuernavaca.gob.mx\/index.php?rest_route=\/wp\/v2\/posts\/16678"}],"collection":[{"href":"https:\/\/cuernavaca.gob.mx\/index.php?rest_route=\/wp\/v2\/posts"}],"about":[{"href":"https:\/\/cuernavaca.gob.mx\/index.php?rest_route=\/wp\/v2\/types\/post"}],"author":[{"embeddable":true,"href":"https:\/\/cuernavaca.gob.mx\/index.php?rest_route=\/wp\/v2\/users\/1"}],"replies":[{"embeddable":true,"href":"https:\/\/cuernavaca.gob.mx\/index.php?rest_route=%2Fwp%2Fv2%2Fcomments&post=16678"}],"version-history":[{"count":1,"href":"https:\/\/cuernavaca.gob.mx\/index.php?rest_route=\/wp\/v2\/posts\/16678\/revisions"}],"predecessor-version":[{"id":16694,"href":"https:\/\/cuernavaca.gob.mx\/index.php?rest_route=\/wp\/v2\/posts\/16678\/revisions\/16694"}],"wp:featuredmedia":[{"embeddable":true,"href":"https:\/\/cuernavaca.gob.mx\/index.php?rest_route=\/wp\/v2\/media\/16693"}],"wp:attachment":[{"href":"https:\/\/cuernavaca.gob.mx\/index.php?rest_route=%2Fwp%2Fv2%2Fmedia&parent=16678"}],"wp:term":[{"taxonomy":"category","embeddable":true,"href":"https:\/\/cuernavaca.gob.mx\/index.php?rest_route=%2Fwp%2Fv2%2Fcategories&post=16678"},{"taxonomy":"post_tag","embeddable":true,"href":"https:\/\/cuernavaca.gob.mx\/index.php?rest_route=%2Fwp%2Fv2%2Ftags&post=16678"}],"curies":[{"name":"wp","href":"https:\/\/api.w.org\/{rel}","templated":true}]}}