{"id":16695,"date":"2022-07-30T15:00:00","date_gmt":"2022-07-30T20:00:00","guid":{"rendered":"https:\/\/cuernavaca.gob.mx\/?p=16695"},"modified":"2025-05-06T12:03:49","modified_gmt":"2025-05-06T18:03:49","slug":"f128-30-07-22-reconoce-gobierno-municipal-participacion-del-grupo-morelos-cuauhnahuac-a-favor-de-cuernavaca","status":"publish","type":"post","link":"https:\/\/cuernavaca.gob.mx\/?p=16695","title":{"rendered":"F128 30\/07\/22 RECONOCE GOBIERNO MUNICIPAL PARTICIPACI\u00d3N DEL GRUPO MORELOS CUAUHN\u00c1HUAC A FAVOR DE CUERNAVACA"},"content":{"rendered":"\n<p>En la celebraci\u00f3n del 31 aniversario de creaci\u00f3n del Grupo Morelos Cuauhn\u00e1huac, el Gobierno Municipal de Cuernavaca hizo un reconocimiento a las aportaciones que a lo largo de estos a\u00f1os, han hecho sus integrantes a favor del desarrollo y rescate de la capital del estado.<\/p>\n\n\n\n<p>En representaci\u00f3n del alcalde de Cuernavaca, Jos\u00e9 Luis Uri\u00f3stegui Salgado, el secretario particular de Presidencia, Demetrio Chavira de la Torre, junto con el director del Instituto Municipal de Planeaci\u00f3n (IMPLAN), Carlos Hern\u00e1ndez Ad\u00e1n y el regidor Debendrenath Salazar Solorio, se destac\u00f3 por parte del Ayuntamiento la labor que en diferentes disciplinas las y los que conforman al Grupo Morelos Cuauhn\u00e1huac han realizado, permitiendo a diferentes administraciones el respaldo ciudadano para obras y proyectos que requiere el municipio.<\/p>\n\n\n\n<p>En esta celebraci\u00f3n por su 31 Aniversario, se tom\u00f3 protesta a la nueva mesa directiva del Grupo Morelos Cuauhn\u00e1huac que a partir de este s\u00e1bado preside Cesar Salgado Casta\u00f1eda, como vicepresidente Roberto \u00c1lvarez Sandoval y como secretario ejecutivo Pablo Rub\u00e9n Villalobos Hern\u00e1ndez.<\/p>\n\n\n\n<figure class=\"wp-container-2 wp-block-gallery-1 wp-block-gallery has-nested-images columns-default is-cropped\">\n<figure class=\"wp-block-image size-large\"><img loading=\"lazy\" width=\"1024\" height=\"682\" data-id=\"16699\"  src=\"https:\/\/cuernavaca.gob.mx\/wp-content\/uploads\/2022\/07\/Grupo-Morelos-Cuauhnahuac-01-1024x682.jpg\" alt=\"\" class=\"wp-image-16699\" srcset=\"https:\/\/cuernavaca.gob.mx\/wp-content\/uploads\/2022\/07\/Grupo-Morelos-Cuauhnahuac-01-1024x682.jpg 1024w, https:\/\/cuernavaca.gob.mx\/wp-content\/uploads\/2022\/07\/Grupo-Morelos-Cuauhnahuac-01-300x200.jpg 300w, https:\/\/cuernavaca.gob.mx\/wp-content\/uploads\/2022\/07\/Grupo-Morelos-Cuauhnahuac-01-768x512.jpg 768w, https:\/\/cuernavaca.gob.mx\/wp-content\/uploads\/2022\/07\/Grupo-Morelos-Cuauhnahuac-01-600x400.jpg 600w, https:\/\/cuernavaca.gob.mx\/wp-content\/uploads\/2022\/07\/Grupo-Morelos-Cuauhnahuac-01-560x373.jpg 560w, https:\/\/cuernavaca.gob.mx\/wp-content\/uploads\/2022\/07\/Grupo-Morelos-Cuauhnahuac-01.jpg 1280w\" sizes=\"(max-width: 1024px) 100vw, 1024px\" \/><\/figure>\n\n\n\n<figure class=\"wp-block-image size-large\"><img loading=\"lazy\" width=\"1024\" height=\"682\" data-id=\"16697\"  src=\"https:\/\/cuernavaca.gob.mx\/wp-content\/uploads\/2022\/07\/Grupo-Morelos-Cuauhnahuac-02-1024x682.jpg\" alt=\"\" class=\"wp-image-16697\" srcset=\"https:\/\/cuernavaca.gob.mx\/wp-content\/uploads\/2022\/07\/Grupo-Morelos-Cuauhnahuac-02-1024x682.jpg 1024w, https:\/\/cuernavaca.gob.mx\/wp-content\/uploads\/2022\/07\/Grupo-Morelos-Cuauhnahuac-02-300x200.jpg 300w, https:\/\/cuernavaca.gob.mx\/wp-content\/uploads\/2022\/07\/Grupo-Morelos-Cuauhnahuac-02-768x512.jpg 768w, https:\/\/cuernavaca.gob.mx\/wp-content\/uploads\/2022\/07\/Grupo-Morelos-Cuauhnahuac-02-600x400.jpg 600w, https:\/\/cuernavaca.gob.mx\/wp-content\/uploads\/2022\/07\/Grupo-Morelos-Cuauhnahuac-02-560x373.jpg 560w, https:\/\/cuernavaca.gob.mx\/wp-content\/uploads\/2022\/07\/Grupo-Morelos-Cuauhnahuac-02.jpg 1280w\" sizes=\"(max-width: 1024px) 100vw, 1024px\" \/><\/figure>\n\n\n\n<figure class=\"wp-block-image size-large\"><img loading=\"lazy\" width=\"1024\" height=\"682\" data-id=\"16700\"  src=\"https:\/\/cuernavaca.gob.mx\/wp-content\/uploads\/2022\/07\/Grupo-Morelos-Cuauhnahuac-03-1024x682.jpg\" alt=\"\" class=\"wp-image-16700\" srcset=\"https:\/\/cuernavaca.gob.mx\/wp-content\/uploads\/2022\/07\/Grupo-Morelos-Cuauhnahuac-03-1024x682.jpg 1024w, https:\/\/cuernavaca.gob.mx\/wp-content\/uploads\/2022\/07\/Grupo-Morelos-Cuauhnahuac-03-300x200.jpg 300w, https:\/\/cuernavaca.gob.mx\/wp-content\/uploads\/2022\/07\/Grupo-Morelos-Cuauhnahuac-03-768x512.jpg 768w, https:\/\/cuernavaca.gob.mx\/wp-content\/uploads\/2022\/07\/Grupo-Morelos-Cuauhnahuac-03-600x400.jpg 600w, https:\/\/cuernavaca.gob.mx\/wp-content\/uploads\/2022\/07\/Grupo-Morelos-Cuauhnahuac-03-560x373.jpg 560w, https:\/\/cuernavaca.gob.mx\/wp-content\/uploads\/2022\/07\/Grupo-Morelos-Cuauhnahuac-03.jpg 1280w\" sizes=\"(max-width: 1024px) 100vw, 1024px\" \/><\/figure>\n\n\n\n<figure class=\"wp-block-image size-large\"><img loading=\"lazy\" width=\"1024\" height=\"682\" data-id=\"16698\"  src=\"https:\/\/cuernavaca.gob.mx\/wp-content\/uploads\/2022\/07\/Grupo-Morelos-Cuauhnahuac-04-1024x682.jpg\" alt=\"\" class=\"wp-image-16698\" srcset=\"https:\/\/cuernavaca.gob.mx\/wp-content\/uploads\/2022\/07\/Grupo-Morelos-Cuauhnahuac-04-1024x682.jpg 1024w, https:\/\/cuernavaca.gob.mx\/wp-content\/uploads\/2022\/07\/Grupo-Morelos-Cuauhnahuac-04-300x200.jpg 300w, https:\/\/cuernavaca.gob.mx\/wp-content\/uploads\/2022\/07\/Grupo-Morelos-Cuauhnahuac-04-768x512.jpg 768w, https:\/\/cuernavaca.gob.mx\/wp-content\/uploads\/2022\/07\/Grupo-Morelos-Cuauhnahuac-04-600x400.jpg 600w, https:\/\/cuernavaca.gob.mx\/wp-content\/uploads\/2022\/07\/Grupo-Morelos-Cuauhnahuac-04-560x373.jpg 560w, https:\/\/cuernavaca.gob.mx\/wp-content\/uploads\/2022\/07\/Grupo-Morelos-Cuauhnahuac-04.jpg 1280w\" sizes=\"(max-width: 1024px) 100vw, 1024px\" \/><\/figure>\n\n\n\n<figure class=\"wp-block-image size-large\"><img loading=\"lazy\" width=\"1024\" height=\"576\" data-id=\"16696\"  src=\"https:\/\/cuernavaca.gob.mx\/wp-content\/uploads\/2022\/07\/Grupo-Morelos-Cuauhnahuac-05-1024x576.jpg\" alt=\"\" class=\"wp-image-16696\" srcset=\"https:\/\/cuernavaca.gob.mx\/wp-content\/uploads\/2022\/07\/Grupo-Morelos-Cuauhnahuac-05-1024x576.jpg 1024w, https:\/\/cuernavaca.gob.mx\/wp-content\/uploads\/2022\/07\/Grupo-Morelos-Cuauhnahuac-05-300x169.jpg 300w, https:\/\/cuernavaca.gob.mx\/wp-content\/uploads\/2022\/07\/Grupo-Morelos-Cuauhnahuac-05-768x432.jpg 768w, https:\/\/cuernavaca.gob.mx\/wp-content\/uploads\/2022\/07\/Grupo-Morelos-Cuauhnahuac-05-600x338.jpg 600w, https:\/\/cuernavaca.gob.mx\/wp-content\/uploads\/2022\/07\/Grupo-Morelos-Cuauhnahuac-05-560x315.jpg 560w, https:\/\/cuernavaca.gob.mx\/wp-content\/uploads\/2022\/07\/Grupo-Morelos-Cuauhnahuac-05.jpg 1280w\" sizes=\"(max-width: 1024px) 100vw, 1024px\" \/><\/figure>\n\n\n\n<figure class=\"wp-block-image size-large\"><img loading=\"lazy\" width=\"1024\" height=\"682\" data-id=\"16701\"  src=\"https:\/\/cuernavaca.gob.mx\/wp-content\/uploads\/2022\/07\/Grupo-Morelos-Cuauhnahuac-06-1024x682.jpg\" alt=\"\" class=\"wp-image-16701\" srcset=\"https:\/\/cuernavaca.gob.mx\/wp-content\/uploads\/2022\/07\/Grupo-Morelos-Cuauhnahuac-06-1024x682.jpg 1024w, https:\/\/cuernavaca.gob.mx\/wp-content\/uploads\/2022\/07\/Grupo-Morelos-Cuauhnahuac-06-300x200.jpg 300w, https:\/\/cuernavaca.gob.mx\/wp-content\/uploads\/2022\/07\/Grupo-Morelos-Cuauhnahuac-06-768x512.jpg 768w, https:\/\/cuernavaca.gob.mx\/wp-content\/uploads\/2022\/07\/Grupo-Morelos-Cuauhnahuac-06-600x400.jpg 600w, https:\/\/cuernavaca.gob.mx\/wp-content\/uploads\/2022\/07\/Grupo-Morelos-Cuauhnahuac-06-560x373.jpg 560w, https:\/\/cuernavaca.gob.mx\/wp-content\/uploads\/2022\/07\/Grupo-Morelos-Cuauhnahuac-06.jpg 1280w\" sizes=\"(max-width: 1024px) 100vw, 1024px\" \/><\/figure>\n\n\n\n<figure class=\"wp-block-image size-large\"><img loading=\"lazy\" width=\"1024\" height=\"682\" data-id=\"16703\"  src=\"https:\/\/cuernavaca.gob.mx\/wp-content\/uploads\/2022\/07\/Grupo-Morelos-Cuauhnahuac-07-1024x682.jpg\" alt=\"\" class=\"wp-image-16703\" srcset=\"https:\/\/cuernavaca.gob.mx\/wp-content\/uploads\/2022\/07\/Grupo-Morelos-Cuauhnahuac-07-1024x682.jpg 1024w, https:\/\/cuernavaca.gob.mx\/wp-content\/uploads\/2022\/07\/Grupo-Morelos-Cuauhnahuac-07-300x200.jpg 300w, https:\/\/cuernavaca.gob.mx\/wp-content\/uploads\/2022\/07\/Grupo-Morelos-Cuauhnahuac-07-768x512.jpg 768w, https:\/\/cuernavaca.gob.mx\/wp-content\/uploads\/2022\/07\/Grupo-Morelos-Cuauhnahuac-07-600x400.jpg 600w, https:\/\/cuernavaca.gob.mx\/wp-content\/uploads\/2022\/07\/Grupo-Morelos-Cuauhnahuac-07-560x373.jpg 560w, https:\/\/cuernavaca.gob.mx\/wp-content\/uploads\/2022\/07\/Grupo-Morelos-Cuauhnahuac-07.jpg 1280w\" sizes=\"(max-width: 1024px) 100vw, 1024px\" \/><\/figure>\n\n\n\n<figure class=\"wp-block-image size-large\"><img loading=\"lazy\" width=\"1024\" height=\"682\" data-id=\"16702\"  src=\"https:\/\/cuernavaca.gob.mx\/wp-content\/uploads\/2022\/07\/Grupo-Morelos-Cuauhnahuac-08-1024x682.jpg\" alt=\"\" class=\"wp-image-16702\" srcset=\"https:\/\/cuernavaca.gob.mx\/wp-content\/uploads\/2022\/07\/Grupo-Morelos-Cuauhnahuac-08-1024x682.jpg 1024w, https:\/\/cuernavaca.gob.mx\/wp-content\/uploads\/2022\/07\/Grupo-Morelos-Cuauhnahuac-08-300x200.jpg 300w, https:\/\/cuernavaca.gob.mx\/wp-content\/uploads\/2022\/07\/Grupo-Morelos-Cuauhnahuac-08-768x512.jpg 768w, https:\/\/cuernavaca.gob.mx\/wp-content\/uploads\/2022\/07\/Grupo-Morelos-Cuauhnahuac-08-600x400.jpg 600w, https:\/\/cuernavaca.gob.mx\/wp-content\/uploads\/2022\/07\/Grupo-Morelos-Cuauhnahuac-08-560x373.jpg 560w, https:\/\/cuernavaca.gob.mx\/wp-content\/uploads\/2022\/07\/Grupo-Morelos-Cuauhnahuac-08.jpg 1280w\" sizes=\"(max-width: 1024px) 100vw, 1024px\" \/><\/figure>\n\n\n\n<figure class=\"wp-block-image size-large\"><img loading=\"lazy\" width=\"1024\" height=\"682\" data-id=\"16704\"  src=\"https:\/\/cuernavaca.gob.mx\/wp-content\/uploads\/2022\/07\/Grupo-Morelos-Cuauhnahuac-09-1024x682.jpg\" alt=\"\" class=\"wp-image-16704\" srcset=\"https:\/\/cuernavaca.gob.mx\/wp-content\/uploads\/2022\/07\/Grupo-Morelos-Cuauhnahuac-09-1024x682.jpg 1024w, https:\/\/cuernavaca.gob.mx\/wp-content\/uploads\/2022\/07\/Grupo-Morelos-Cuauhnahuac-09-300x200.jpg 300w, https:\/\/cuernavaca.gob.mx\/wp-content\/uploads\/2022\/07\/Grupo-Morelos-Cuauhnahuac-09-768x512.jpg 768w, https:\/\/cuernavaca.gob.mx\/wp-content\/uploads\/2022\/07\/Grupo-Morelos-Cuauhnahuac-09-600x400.jpg 600w, https:\/\/cuernavaca.gob.mx\/wp-content\/uploads\/2022\/07\/Grupo-Morelos-Cuauhnahuac-09-560x373.jpg 560w, https:\/\/cuernavaca.gob.mx\/wp-content\/uploads\/2022\/07\/Grupo-Morelos-Cuauhnahuac-09.jpg 1280w\" sizes=\"(max-width: 1024px) 100vw, 1024px\" \/><\/figure>\n\n\n\n<figure class=\"wp-block-image size-large\"><img loading=\"lazy\" width=\"1024\" height=\"682\" data-id=\"16706\"  src=\"https:\/\/cuernavaca.gob.mx\/wp-content\/uploads\/2022\/07\/Grupo-Morelos-Cuauhnahuac-10-1024x682.jpg\" alt=\"\" class=\"wp-image-16706\" srcset=\"https:\/\/cuernavaca.gob.mx\/wp-content\/uploads\/2022\/07\/Grupo-Morelos-Cuauhnahuac-10-1024x682.jpg 1024w, https:\/\/cuernavaca.gob.mx\/wp-content\/uploads\/2022\/07\/Grupo-Morelos-Cuauhnahuac-10-300x200.jpg 300w, https:\/\/cuernavaca.gob.mx\/wp-content\/uploads\/2022\/07\/Grupo-Morelos-Cuauhnahuac-10-768x512.jpg 768w, https:\/\/cuernavaca.gob.mx\/wp-content\/uploads\/2022\/07\/Grupo-Morelos-Cuauhnahuac-10-600x400.jpg 600w, https:\/\/cuernavaca.gob.mx\/wp-content\/uploads\/2022\/07\/Grupo-Morelos-Cuauhnahuac-10-560x373.jpg 560w, https:\/\/cuernavaca.gob.mx\/wp-content\/uploads\/2022\/07\/Grupo-Morelos-Cuauhnahuac-10.jpg 1280w\" sizes=\"(max-width: 1024px) 100vw, 1024px\" \/><\/figure>\n\n\n\n<figure class=\"wp-block-image size-large\"><img loading=\"lazy\" width=\"1024\" height=\"682\" data-id=\"16705\"  src=\"https:\/\/cuernavaca.gob.mx\/wp-content\/uploads\/2022\/07\/Grupo-Morelos-Cuauhnahuac-11-1024x682.jpg\" alt=\"\" class=\"wp-image-16705\" srcset=\"https:\/\/cuernavaca.gob.mx\/wp-content\/uploads\/2022\/07\/Grupo-Morelos-Cuauhnahuac-11-1024x682.jpg 1024w, https:\/\/cuernavaca.gob.mx\/wp-content\/uploads\/2022\/07\/Grupo-Morelos-Cuauhnahuac-11-300x200.jpg 300w, https:\/\/cuernavaca.gob.mx\/wp-content\/uploads\/2022\/07\/Grupo-Morelos-Cuauhnahuac-11-768x512.jpg 768w, https:\/\/cuernavaca.gob.mx\/wp-content\/uploads\/2022\/07\/Grupo-Morelos-Cuauhnahuac-11-600x400.jpg 600w, https:\/\/cuernavaca.gob.mx\/wp-content\/uploads\/2022\/07\/Grupo-Morelos-Cuauhnahuac-11-560x373.jpg 560w, https:\/\/cuernavaca.gob.mx\/wp-content\/uploads\/2022\/07\/Grupo-Morelos-Cuauhnahuac-11.jpg 1280w\" sizes=\"(max-width: 1024px) 100vw, 1024px\" \/><\/figure>\n<\/figure>\n","protected":false},"excerpt":{"rendered":"<p>En la celebraci\u00f3n del 31 aniversario de creaci\u00f3n del Grupo Morelos Cuauhn\u00e1huac, el Gobierno Municipal de Cuernavaca hizo un reconocimiento a las aportaciones que a lo largo de estos a\u00f1os, han hecho sus integrantes a favor del desarrollo y rescate de la capital del estado. En representaci\u00f3n del alcalde de Cuernavaca, Jos\u00e9 Luis Uri\u00f3stegui Salgado, [&hellip;]<\/p>\n","protected":false},"author":1,"featured_media":16696,"comment_status":"closed","ping_status":"closed","sticky":false,"template":"","format":"standard","meta":[],"categories":[20],"tags":[1948,1671,121,1946,318,120,1947],"aioseo_notices":[],"_links":{"self":[{"href":"https:\/\/cuernavaca.gob.mx\/index.php?rest_route=\/wp\/v2\/posts\/16695"}],"collection":[{"href":"https:\/\/cuernavaca.gob.mx\/index.php?rest_route=\/wp\/v2\/posts"}],"about":[{"href":"https:\/\/cuernavaca.gob.mx\/index.php?rest_route=\/wp\/v2\/types\/post"}],"author":[{"embeddable":true,"href":"https:\/\/cuernavaca.gob.mx\/index.php?rest_route=\/wp\/v2\/users\/1"}],"replies":[{"embeddable":true,"href":"https:\/\/cuernavaca.gob.mx\/index.php?rest_route=%2Fwp%2Fv2%2Fcomments&post=16695"}],"version-history":[{"count":1,"href":"https:\/\/cuernavaca.gob.mx\/index.php?rest_route=\/wp\/v2\/posts\/16695\/revisions"}],"predecessor-version":[{"id":16707,"href":"https:\/\/cuernavaca.gob.mx\/index.php?rest_route=\/wp\/v2\/posts\/16695\/revisions\/16707"}],"wp:featuredmedia":[{"embeddable":true,"href":"https:\/\/cuernavaca.gob.mx\/index.php?rest_route=\/wp\/v2\/media\/16696"}],"wp:attachment":[{"href":"https:\/\/cuernavaca.gob.mx\/index.php?rest_route=%2Fwp%2Fv2%2Fmedia&parent=16695"}],"wp:term":[{"taxonomy":"category","embeddable":true,"href":"https:\/\/cuernavaca.gob.mx\/index.php?rest_route=%2Fwp%2Fv2%2Fcategories&post=16695"},{"taxonomy":"post_tag","embeddable":true,"href":"https:\/\/cuernavaca.gob.mx\/index.php?rest_route=%2Fwp%2Fv2%2Ftags&post=16695"}],"curies":[{"name":"wp","href":"https:\/\/api.w.org\/{rel}","templated":true}]}}