{"id":16782,"date":"2022-08-01T17:00:00","date_gmt":"2022-08-01T22:00:00","guid":{"rendered":"https:\/\/cuernavaca.gob.mx\/?p=16782"},"modified":"2025-05-06T12:03:47","modified_gmt":"2025-05-06T18:03:47","slug":"b454-01-08-22-entrega-gobierno-municipal-una-vialidad-mas-rehabilitada-para-uso-de-los-habitantes-y-visitantes-de-cuernavaca","status":"publish","type":"post","link":"https:\/\/cuernavaca.gob.mx\/?p=16782","title":{"rendered":"B454 01\/08\/22 ENTREGA GOBIERNO MUNICIPAL UNA VIALIDAD M\u00c1S REHABILITADA PARA USO DE LOS HABITANTES Y VISITANTES DE CUERNAVACA"},"content":{"rendered":"\n<p><strong>Como parte del programa de \u201cVialidades Seguras\u201d, la Secretar\u00eda de Desarrollo Urbano y Obras P\u00fablicas coordin\u00f3 los trabajos de mantenimiento y reparaci\u00f3n de la avenida \u00c1lvaro Obreg\u00f3n<\/strong><\/p>\n\n\n\n<p><strong>El presidente municipal, Jos\u00e9 Luis Uri\u00f3stegui inform\u00f3 que en breve se iniciar\u00e1n trabajos de mejora de las vialidades en los accesos a la colonia La Lagunilla y avenida M\u00e9xico<\/strong><\/p>\n\n\n\n<p>Con el prop\u00f3sito de seguir atendiendo las necesidades m\u00e1s apremiantes de la sociedad, el Gobierno y Cabildo de Cuernavaca entregaron este lunes la s\u00e9ptima obra del programa de \u201cVialidades Seguras\u201d, mantenimiento y reparaci\u00f3n con pavimento de concreto asf\u00e1ltico en eje nueve, sub tramo de la avenida \u00c1lvaro Obreg\u00f3n, que con una inversi\u00f3n de seis millones 173 mil 868.64 pesos beneficiar\u00e1 a tres mil 120 habitantes directos y 19 mil 950 indirectos, siendo \u00e9sta una de las v\u00edas m\u00e1s importantes para la conexi\u00f3n de la ciudad.<\/p>\n\n\n\n<p>Al explicar los aspectos t\u00e9cnicos de la obra, el secretario de Desarrollo Urbano y Obras P\u00fablicas, Alejandro Rosas L\u00f3pez, destac\u00f3 que se llev\u00f3 a cabo la pavimentaci\u00f3n con carpeta asf\u00e1ltica en 11 mil 050 metros cuadrados en tramos aislados a lo largo de toda la longitud que es de 3.13 kil\u00f3metros, as\u00ed como un bacheo en 550 metros cuadrados en zonas aisladas donde la superficie estaba m\u00e1s deteriorada, con un proceso de construcci\u00f3n relacionado a un fresado de la carpeta para posteriormente realizar un barrido de la superficie, un riego de liga y la reposici\u00f3n de la carpeta asf\u00e1ltica.<\/p>\n\n\n\n<p>Se\u00f1al\u00f3 que adem\u00e1s se implementaron labores de balizamiento en 10 mil metros lineales; resaltando que como parte de este programa integral, que se ha ejecutado con recursos propios que ascienden a 60 millones de pesos, trabajaron de manera coordinada con el Sistema de Agua Potable y Alcantarillado de Cuernavaca (SAPAC), la direcci\u00f3n de Servicios P\u00fablicos y Polic\u00eda Vial.<\/p>\n\n\n\n<p>En su intervenci\u00f3n, el presidente municipal, Jos\u00e9 Luis Uri\u00f3stegui Salgado, acent\u00fao que esta obra representa un gran impacto para la transformaci\u00f3n en la imagen de la ciudad, siendo una muestra de los puntos de vista concretos que tiene la presente administraci\u00f3n en cuanto a la movilidad, poniendo \u00e9nfasis en las vialidades que comunican a las personas dentro del municipio, que van de una colonia a otra, de un pueblo a otro, procurando que las vialidades tengan las divisiones correctas y los se\u00f1alamientos en las orillas pensando tambi\u00e9n en quienes caminan, andan en bicicleta o motocicleta.<\/p>\n\n\n\n<p>En este contexto, Jos\u00e9 Luis Uri\u00f3stegui record\u00f3 que en base al trabajo de determinar cu\u00e1les eran las vialidades que se ten\u00edan que atender, el Cabildo entonces electo de Cuernavaca empez\u00f3 a definirlas desde el mes de septiembre a trav\u00e9s de foros de consulta, aprobando desde el inicio de la administraci\u00f3n, el Programa Anual de Obra, para el cual destinaron 60 millones de pesos provenientes del pago del impuesto predial, cantidad que no se hab\u00eda obtenido durante m\u00e1s de 10 a\u00f1os ni siquiera sumando los recursos propios.<\/p>\n\n\n\n<p>\u201cLa gente que est\u00e1 pagando predial hoy tiene obras, en las cuales puede ver la inversi\u00f3n a partir del dinero que recaudamos y les invitamos a que sigan cumpliendo con sus deberes, con las obligaciones constitucionales y tengan la certeza que nosotros vamos a aplicar los recursos recaudados en las obras que causen un mayor beneficio para toda la poblaci\u00f3n\u201d, reiter\u00f3.<\/p>\n\n\n\n<p>Acompa\u00f1ado de la s\u00edndica municipal, Ver\u00f3nica Atenco P\u00e9rez; los regidores Paz Hern\u00e1ndez Pardo, Lucero Cuenca Noria, Wendi Salinas Ruiz, Fernando Carrillo Alvarado y Christian Mishell P\u00e9rez Jaimes; la directora general de SAPAC, Evelia Flores Hern\u00e1ndez; y el encargado de despacho de la Secretar\u00eda de Desarrollo Sustentable y Servicios P\u00fablicos, Jos\u00e9 Alfredo Rodr\u00edguez San Ciprian, el presidente municipal adelant\u00f3 que en breve se iniciar\u00e1n trabajos de mejora de las vialidades, iniciando con calle Laurel hacia la colonia La Lagunilla y avenida M\u00e9xico que comunica a parte de la colonia Antonio Barona, Bosques de Cuernavaca, Ahuehuetitla y Lomas de Cort\u00e9s con la parte norponiente de la ciudad, mejorando la comunicaci\u00f3n entre zonas y disminuyendo los tiempos de traslado de las personas.<\/p>\n\n\n\n<p>Al uso de la palabra, los regidores Wendi Salinas Ruiz y Fernando Carrillo Alvarado, coincidieron en la importancia del programa de \u201cVialidades Seguras\u201d para la ciudad que mejorar\u00e1 la calidad de vida de la poblaci\u00f3n y es el resultado de un Cabildo que m\u00e1s all\u00e1 de colores y partidos, se ha puesto la camiseta por el renacer de Cuernavaca.<\/p>\n\n\n\n<p>En representaci\u00f3n de los vecinos y usuarios beneficiados, la se\u00f1ora Laura Josefina Rom\u00e1n Flores, agradeci\u00f3 al Gobierno Municipal la intenci\u00f3n y disposici\u00f3n de tener como prioridad las necesidades de la ciudadan\u00eda, \u201cpor tomarse el tiempo de ver cu\u00e1les son y agradecer que siempre est\u00e1 con toda la amabilidad y disponibilidad\u201d.<\/p>\n\n\n\n<figure class=\"wp-container-2 wp-block-gallery-1 wp-block-gallery has-nested-images columns-default is-cropped\">\n<figure class=\"wp-block-image size-large\"><img loading=\"lazy\" width=\"1024\" height=\"682\" data-id=\"16785\"  src=\"https:\/\/cuernavaca.gob.mx\/wp-content\/uploads\/2022\/08\/Vialidades-seguras-Alvaro-Obrego\u0301n-01-1024x682.jpg\" alt=\"\" class=\"wp-image-16785\" srcset=\"https:\/\/cuernavaca.gob.mx\/wp-content\/uploads\/2022\/08\/Vialidades-seguras-Alvaro-Obrego\u0301n-01-1024x682.jpg 1024w, https:\/\/cuernavaca.gob.mx\/wp-content\/uploads\/2022\/08\/Vialidades-seguras-Alvaro-Obrego\u0301n-01-300x200.jpg 300w, https:\/\/cuernavaca.gob.mx\/wp-content\/uploads\/2022\/08\/Vialidades-seguras-Alvaro-Obrego\u0301n-01-768x512.jpg 768w, https:\/\/cuernavaca.gob.mx\/wp-content\/uploads\/2022\/08\/Vialidades-seguras-Alvaro-Obrego\u0301n-01-600x400.jpg 600w, https:\/\/cuernavaca.gob.mx\/wp-content\/uploads\/2022\/08\/Vialidades-seguras-Alvaro-Obrego\u0301n-01-560x373.jpg 560w, https:\/\/cuernavaca.gob.mx\/wp-content\/uploads\/2022\/08\/Vialidades-seguras-Alvaro-Obrego\u0301n-01.jpg 1280w\" sizes=\"(max-width: 1024px) 100vw, 1024px\" \/><\/figure>\n\n\n\n<figure class=\"wp-block-image size-large\"><img loading=\"lazy\" width=\"1024\" height=\"682\" data-id=\"16787\"  src=\"https:\/\/cuernavaca.gob.mx\/wp-content\/uploads\/2022\/08\/Vialidades-seguras-Alvaro-Obrego\u0301n-02-1024x682.jpg\" alt=\"\" class=\"wp-image-16787\" srcset=\"https:\/\/cuernavaca.gob.mx\/wp-content\/uploads\/2022\/08\/Vialidades-seguras-Alvaro-Obrego\u0301n-02-1024x682.jpg 1024w, https:\/\/cuernavaca.gob.mx\/wp-content\/uploads\/2022\/08\/Vialidades-seguras-Alvaro-Obrego\u0301n-02-300x200.jpg 300w, https:\/\/cuernavaca.gob.mx\/wp-content\/uploads\/2022\/08\/Vialidades-seguras-Alvaro-Obrego\u0301n-02-768x512.jpg 768w, https:\/\/cuernavaca.gob.mx\/wp-content\/uploads\/2022\/08\/Vialidades-seguras-Alvaro-Obrego\u0301n-02-600x400.jpg 600w, https:\/\/cuernavaca.gob.mx\/wp-content\/uploads\/2022\/08\/Vialidades-seguras-Alvaro-Obrego\u0301n-02-560x373.jpg 560w, https:\/\/cuernavaca.gob.mx\/wp-content\/uploads\/2022\/08\/Vialidades-seguras-Alvaro-Obrego\u0301n-02.jpg 1280w\" sizes=\"(max-width: 1024px) 100vw, 1024px\" \/><\/figure>\n\n\n\n<figure class=\"wp-block-image size-large\"><img loading=\"lazy\" width=\"1024\" height=\"682\" data-id=\"16784\"  src=\"https:\/\/cuernavaca.gob.mx\/wp-content\/uploads\/2022\/08\/Vialidades-seguras-Alvaro-Obrego\u0301n-03-1024x682.jpg\" alt=\"\" class=\"wp-image-16784\" srcset=\"https:\/\/cuernavaca.gob.mx\/wp-content\/uploads\/2022\/08\/Vialidades-seguras-Alvaro-Obrego\u0301n-03-1024x682.jpg 1024w, https:\/\/cuernavaca.gob.mx\/wp-content\/uploads\/2022\/08\/Vialidades-seguras-Alvaro-Obrego\u0301n-03-300x200.jpg 300w, https:\/\/cuernavaca.gob.mx\/wp-content\/uploads\/2022\/08\/Vialidades-seguras-Alvaro-Obrego\u0301n-03-768x512.jpg 768w, https:\/\/cuernavaca.gob.mx\/wp-content\/uploads\/2022\/08\/Vialidades-seguras-Alvaro-Obrego\u0301n-03-600x400.jpg 600w, https:\/\/cuernavaca.gob.mx\/wp-content\/uploads\/2022\/08\/Vialidades-seguras-Alvaro-Obrego\u0301n-03-560x373.jpg 560w, https:\/\/cuernavaca.gob.mx\/wp-content\/uploads\/2022\/08\/Vialidades-seguras-Alvaro-Obrego\u0301n-03.jpg 1280w\" sizes=\"(max-width: 1024px) 100vw, 1024px\" \/><\/figure>\n\n\n\n<figure class=\"wp-block-image size-large\"><img loading=\"lazy\" width=\"1024\" height=\"682\" data-id=\"16786\"  src=\"https:\/\/cuernavaca.gob.mx\/wp-content\/uploads\/2022\/08\/Vialidades-seguras-Alvaro-Obrego\u0301n-04-1024x682.jpg\" alt=\"\" class=\"wp-image-16786\" srcset=\"https:\/\/cuernavaca.gob.mx\/wp-content\/uploads\/2022\/08\/Vialidades-seguras-Alvaro-Obrego\u0301n-04-1024x682.jpg 1024w, https:\/\/cuernavaca.gob.mx\/wp-content\/uploads\/2022\/08\/Vialidades-seguras-Alvaro-Obrego\u0301n-04-300x200.jpg 300w, https:\/\/cuernavaca.gob.mx\/wp-content\/uploads\/2022\/08\/Vialidades-seguras-Alvaro-Obrego\u0301n-04-768x512.jpg 768w, https:\/\/cuernavaca.gob.mx\/wp-content\/uploads\/2022\/08\/Vialidades-seguras-Alvaro-Obrego\u0301n-04-600x400.jpg 600w, https:\/\/cuernavaca.gob.mx\/wp-content\/uploads\/2022\/08\/Vialidades-seguras-Alvaro-Obrego\u0301n-04-560x373.jpg 560w, https:\/\/cuernavaca.gob.mx\/wp-content\/uploads\/2022\/08\/Vialidades-seguras-Alvaro-Obrego\u0301n-04.jpg 1280w\" sizes=\"(max-width: 1024px) 100vw, 1024px\" \/><\/figure>\n\n\n\n<figure class=\"wp-block-image size-large\"><img loading=\"lazy\" width=\"1024\" height=\"682\" data-id=\"16783\"  src=\"https:\/\/cuernavaca.gob.mx\/wp-content\/uploads\/2022\/08\/Vialidades-seguras-Alvaro-Obrego\u0301n-05-1024x682.jpg\" alt=\"\" class=\"wp-image-16783\" srcset=\"https:\/\/cuernavaca.gob.mx\/wp-content\/uploads\/2022\/08\/Vialidades-seguras-Alvaro-Obrego\u0301n-05-1024x682.jpg 1024w, https:\/\/cuernavaca.gob.mx\/wp-content\/uploads\/2022\/08\/Vialidades-seguras-Alvaro-Obrego\u0301n-05-300x200.jpg 300w, https:\/\/cuernavaca.gob.mx\/wp-content\/uploads\/2022\/08\/Vialidades-seguras-Alvaro-Obrego\u0301n-05-768x512.jpg 768w, https:\/\/cuernavaca.gob.mx\/wp-content\/uploads\/2022\/08\/Vialidades-seguras-Alvaro-Obrego\u0301n-05-600x400.jpg 600w, https:\/\/cuernavaca.gob.mx\/wp-content\/uploads\/2022\/08\/Vialidades-seguras-Alvaro-Obrego\u0301n-05-560x373.jpg 560w, https:\/\/cuernavaca.gob.mx\/wp-content\/uploads\/2022\/08\/Vialidades-seguras-Alvaro-Obrego\u0301n-05.jpg 1280w\" sizes=\"(max-width: 1024px) 100vw, 1024px\" \/><\/figure>\n\n\n\n<figure class=\"wp-block-image size-large\"><img loading=\"lazy\" width=\"1024\" height=\"682\" data-id=\"16788\"  src=\"https:\/\/cuernavaca.gob.mx\/wp-content\/uploads\/2022\/08\/Vialidades-seguras-Alvaro-Obrego\u0301n-06-1024x682.jpg\" alt=\"\" class=\"wp-image-16788\" srcset=\"https:\/\/cuernavaca.gob.mx\/wp-content\/uploads\/2022\/08\/Vialidades-seguras-Alvaro-Obrego\u0301n-06-1024x682.jpg 1024w, https:\/\/cuernavaca.gob.mx\/wp-content\/uploads\/2022\/08\/Vialidades-seguras-Alvaro-Obrego\u0301n-06-300x200.jpg 300w, https:\/\/cuernavaca.gob.mx\/wp-content\/uploads\/2022\/08\/Vialidades-seguras-Alvaro-Obrego\u0301n-06-768x512.jpg 768w, https:\/\/cuernavaca.gob.mx\/wp-content\/uploads\/2022\/08\/Vialidades-seguras-Alvaro-Obrego\u0301n-06-600x400.jpg 600w, https:\/\/cuernavaca.gob.mx\/wp-content\/uploads\/2022\/08\/Vialidades-seguras-Alvaro-Obrego\u0301n-06-560x373.jpg 560w, https:\/\/cuernavaca.gob.mx\/wp-content\/uploads\/2022\/08\/Vialidades-seguras-Alvaro-Obrego\u0301n-06.jpg 1280w\" sizes=\"(max-width: 1024px) 100vw, 1024px\" \/><\/figure>\n\n\n\n<figure class=\"wp-block-image size-large\"><img loading=\"lazy\" width=\"1024\" height=\"682\" data-id=\"16789\"  src=\"https:\/\/cuernavaca.gob.mx\/wp-content\/uploads\/2022\/08\/Vialidades-seguras-Alvaro-Obrego\u0301n-07-1024x682.jpg\" alt=\"\" class=\"wp-image-16789\" srcset=\"https:\/\/cuernavaca.gob.mx\/wp-content\/uploads\/2022\/08\/Vialidades-seguras-Alvaro-Obrego\u0301n-07-1024x682.jpg 1024w, https:\/\/cuernavaca.gob.mx\/wp-content\/uploads\/2022\/08\/Vialidades-seguras-Alvaro-Obrego\u0301n-07-300x200.jpg 300w, https:\/\/cuernavaca.gob.mx\/wp-content\/uploads\/2022\/08\/Vialidades-seguras-Alvaro-Obrego\u0301n-07-768x512.jpg 768w, https:\/\/cuernavaca.gob.mx\/wp-content\/uploads\/2022\/08\/Vialidades-seguras-Alvaro-Obrego\u0301n-07-600x400.jpg 600w, https:\/\/cuernavaca.gob.mx\/wp-content\/uploads\/2022\/08\/Vialidades-seguras-Alvaro-Obrego\u0301n-07-560x373.jpg 560w, https:\/\/cuernavaca.gob.mx\/wp-content\/uploads\/2022\/08\/Vialidades-seguras-Alvaro-Obrego\u0301n-07.jpg 1280w\" sizes=\"(max-width: 1024px) 100vw, 1024px\" \/><\/figure>\n\n\n\n<figure class=\"wp-block-image size-large\"><img loading=\"lazy\" width=\"1024\" height=\"575\" data-id=\"16790\"  src=\"https:\/\/cuernavaca.gob.mx\/wp-content\/uploads\/2022\/08\/Vialidades-seguras-Alvaro-Obrego\u0301n-08-1024x575.jpg\" alt=\"\" class=\"wp-image-16790\" srcset=\"https:\/\/cuernavaca.gob.mx\/wp-content\/uploads\/2022\/08\/Vialidades-seguras-Alvaro-Obrego\u0301n-08-1024x575.jpg 1024w, https:\/\/cuernavaca.gob.mx\/wp-content\/uploads\/2022\/08\/Vialidades-seguras-Alvaro-Obrego\u0301n-08-300x169.jpg 300w, https:\/\/cuernavaca.gob.mx\/wp-content\/uploads\/2022\/08\/Vialidades-seguras-Alvaro-Obrego\u0301n-08-768x431.jpg 768w, https:\/\/cuernavaca.gob.mx\/wp-content\/uploads\/2022\/08\/Vialidades-seguras-Alvaro-Obrego\u0301n-08-600x337.jpg 600w, https:\/\/cuernavaca.gob.mx\/wp-content\/uploads\/2022\/08\/Vialidades-seguras-Alvaro-Obrego\u0301n-08-560x315.jpg 560w, https:\/\/cuernavaca.gob.mx\/wp-content\/uploads\/2022\/08\/Vialidades-seguras-Alvaro-Obrego\u0301n-08.jpg 1280w\" sizes=\"(max-width: 1024px) 100vw, 1024px\" \/><\/figure>\n\n\n\n<figure class=\"wp-block-image size-large\"><img loading=\"lazy\" width=\"1024\" height=\"682\" data-id=\"16791\"  src=\"https:\/\/cuernavaca.gob.mx\/wp-content\/uploads\/2022\/08\/Vialidades-seguras-Alvaro-Obrego\u0301n-09-1024x682.jpg\" alt=\"\" class=\"wp-image-16791\" srcset=\"https:\/\/cuernavaca.gob.mx\/wp-content\/uploads\/2022\/08\/Vialidades-seguras-Alvaro-Obrego\u0301n-09-1024x682.jpg 1024w, https:\/\/cuernavaca.gob.mx\/wp-content\/uploads\/2022\/08\/Vialidades-seguras-Alvaro-Obrego\u0301n-09-300x200.jpg 300w, https:\/\/cuernavaca.gob.mx\/wp-content\/uploads\/2022\/08\/Vialidades-seguras-Alvaro-Obrego\u0301n-09-768x512.jpg 768w, https:\/\/cuernavaca.gob.mx\/wp-content\/uploads\/2022\/08\/Vialidades-seguras-Alvaro-Obrego\u0301n-09-600x400.jpg 600w, https:\/\/cuernavaca.gob.mx\/wp-content\/uploads\/2022\/08\/Vialidades-seguras-Alvaro-Obrego\u0301n-09-560x373.jpg 560w, https:\/\/cuernavaca.gob.mx\/wp-content\/uploads\/2022\/08\/Vialidades-seguras-Alvaro-Obrego\u0301n-09.jpg 1280w\" sizes=\"(max-width: 1024px) 100vw, 1024px\" \/><\/figure>\n\n\n\n<figure class=\"wp-block-image size-large\"><img loading=\"lazy\" width=\"1024\" height=\"682\" data-id=\"16793\"  src=\"https:\/\/cuernavaca.gob.mx\/wp-content\/uploads\/2022\/08\/Vialidades-seguras-Alvaro-Obrego\u0301n-10-1024x682.jpg\" alt=\"\" class=\"wp-image-16793\" srcset=\"https:\/\/cuernavaca.gob.mx\/wp-content\/uploads\/2022\/08\/Vialidades-seguras-Alvaro-Obrego\u0301n-10-1024x682.jpg 1024w, https:\/\/cuernavaca.gob.mx\/wp-content\/uploads\/2022\/08\/Vialidades-seguras-Alvaro-Obrego\u0301n-10-300x200.jpg 300w, https:\/\/cuernavaca.gob.mx\/wp-content\/uploads\/2022\/08\/Vialidades-seguras-Alvaro-Obrego\u0301n-10-768x512.jpg 768w, https:\/\/cuernavaca.gob.mx\/wp-content\/uploads\/2022\/08\/Vialidades-seguras-Alvaro-Obrego\u0301n-10-600x400.jpg 600w, https:\/\/cuernavaca.gob.mx\/wp-content\/uploads\/2022\/08\/Vialidades-seguras-Alvaro-Obrego\u0301n-10-560x373.jpg 560w, https:\/\/cuernavaca.gob.mx\/wp-content\/uploads\/2022\/08\/Vialidades-seguras-Alvaro-Obrego\u0301n-10.jpg 1280w\" sizes=\"(max-width: 1024px) 100vw, 1024px\" \/><\/figure>\n\n\n\n<figure class=\"wp-block-image size-large\"><img loading=\"lazy\" width=\"1024\" height=\"682\" data-id=\"16792\"  src=\"https:\/\/cuernavaca.gob.mx\/wp-content\/uploads\/2022\/08\/Vialidades-seguras-Alvaro-Obrego\u0301n-11-1024x682.jpg\" alt=\"\" class=\"wp-image-16792\" srcset=\"https:\/\/cuernavaca.gob.mx\/wp-content\/uploads\/2022\/08\/Vialidades-seguras-Alvaro-Obrego\u0301n-11-1024x682.jpg 1024w, https:\/\/cuernavaca.gob.mx\/wp-content\/uploads\/2022\/08\/Vialidades-seguras-Alvaro-Obrego\u0301n-11-300x200.jpg 300w, https:\/\/cuernavaca.gob.mx\/wp-content\/uploads\/2022\/08\/Vialidades-seguras-Alvaro-Obrego\u0301n-11-768x512.jpg 768w, https:\/\/cuernavaca.gob.mx\/wp-content\/uploads\/2022\/08\/Vialidades-seguras-Alvaro-Obrego\u0301n-11-600x400.jpg 600w, https:\/\/cuernavaca.gob.mx\/wp-content\/uploads\/2022\/08\/Vialidades-seguras-Alvaro-Obrego\u0301n-11-560x373.jpg 560w, https:\/\/cuernavaca.gob.mx\/wp-content\/uploads\/2022\/08\/Vialidades-seguras-Alvaro-Obrego\u0301n-11.jpg 1280w\" sizes=\"(max-width: 1024px) 100vw, 1024px\" \/><\/figure>\n<\/figure>\n","protected":false},"excerpt":{"rendered":"<p>Como parte del programa de \u201cVialidades Seguras\u201d, la Secretar\u00eda de Desarrollo Urbano y Obras P\u00fablicas coordin\u00f3 los trabajos de mantenimiento y reparaci\u00f3n de la avenida \u00c1lvaro Obreg\u00f3n El presidente municipal, Jos\u00e9 Luis Uri\u00f3stegui inform\u00f3 que en breve se iniciar\u00e1n trabajos de mejora de las vialidades en los accesos a la colonia La Lagunilla y avenida [&hellip;]<\/p>\n","protected":false},"author":1,"featured_media":16786,"comment_status":"closed","ping_status":"closed","sticky":false,"template":"","format":"standard","meta":[],"categories":[20,18],"tags":[534,1982,121,515,120,1236,232,125,535],"aioseo_notices":[],"_links":{"self":[{"href":"https:\/\/cuernavaca.gob.mx\/index.php?rest_route=\/wp\/v2\/posts\/16782"}],"collection":[{"href":"https:\/\/cuernavaca.gob.mx\/index.php?rest_route=\/wp\/v2\/posts"}],"about":[{"href":"https:\/\/cuernavaca.gob.mx\/index.php?rest_route=\/wp\/v2\/types\/post"}],"author":[{"embeddable":true,"href":"https:\/\/cuernavaca.gob.mx\/index.php?rest_route=\/wp\/v2\/users\/1"}],"replies":[{"embeddable":true,"href":"https:\/\/cuernavaca.gob.mx\/index.php?rest_route=%2Fwp%2Fv2%2Fcomments&post=16782"}],"version-history":[{"count":1,"href":"https:\/\/cuernavaca.gob.mx\/index.php?rest_route=\/wp\/v2\/posts\/16782\/revisions"}],"predecessor-version":[{"id":16794,"href":"https:\/\/cuernavaca.gob.mx\/index.php?rest_route=\/wp\/v2\/posts\/16782\/revisions\/16794"}],"wp:featuredmedia":[{"embeddable":true,"href":"https:\/\/cuernavaca.gob.mx\/index.php?rest_route=\/wp\/v2\/media\/16786"}],"wp:attachment":[{"href":"https:\/\/cuernavaca.gob.mx\/index.php?rest_route=%2Fwp%2Fv2%2Fmedia&parent=16782"}],"wp:term":[{"taxonomy":"category","embeddable":true,"href":"https:\/\/cuernavaca.gob.mx\/index.php?rest_route=%2Fwp%2Fv2%2Fcategories&post=16782"},{"taxonomy":"post_tag","embeddable":true,"href":"https:\/\/cuernavaca.gob.mx\/index.php?rest_route=%2Fwp%2Fv2%2Ftags&post=16782"}],"curies":[{"name":"wp","href":"https:\/\/api.w.org\/{rel}","templated":true}]}}