{"id":16795,"date":"2022-08-01T18:00:00","date_gmt":"2022-08-01T23:00:00","guid":{"rendered":"https:\/\/cuernavaca.gob.mx\/?p=16795"},"modified":"2025-05-06T12:03:46","modified_gmt":"2025-05-06T18:03:46","slug":"b455-01-08-22-da-inicio-con-gran-asistencia-de-ninas-y-ninos-curso-de-verano-convocado-por-con-exito-seprac","status":"publish","type":"post","link":"https:\/\/cuernavaca.gob.mx\/?p=16795","title":{"rendered":"B455 01\/08\/22 DA INICIO CON GRAN ASISTENCIA DE NI\u00d1AS Y NI\u00d1OS CURSO DE VERANO CONVOCADO POR CON \u00c9XITO SEPRAC"},"content":{"rendered":"\n<p><strong>Infantes de 6 a 14 a\u00f1os participar\u00e1n por dos semanas en talleres desde educaci\u00f3n vial hasta primeros auxilios, actividades deportivas y art\u00edsticas.<\/strong><\/p>\n\n\n\n<p><strong>Con todas las medidas de seguridad las actividades se realizan en el Parque Ecotur\u00edstico San Lorenzo Chamilpan<\/strong><\/p>\n\n\n\n<p>Con una alta participaci\u00f3n de ni\u00f1as, ni\u00f1os y adolescentes, la Secretar\u00eda de Protecci\u00f3n y Auxilio Ciudadano (SEPRAC), a trav\u00e9s de la Direcci\u00f3n General de Prevenci\u00f3n Social de la Violencia del Ayuntamiento de Cuernavaca, puso en marcha este lunes el Curso de Verano 2022 donde las infancias podr\u00e1n aprender sobre la cultura de la prevenci\u00f3n de accidentes, al recibir conocimientos en educaci\u00f3n vial y primeros auxilios, mientras realizan actividades deportivas y art\u00edsticas.<\/p>\n\n\n\n<p>En el Parque Ecotur\u00edstico San Lorenzo Chamilpan, la directora general de Prevenci\u00f3n Social de la Violencia de SEPRAC, Dulce Arely G\u00f3mez Esquivel, indic\u00f3 que durante dos semanas, bajo todas las medidas de seguridad, ni\u00f1as y ni\u00f1os de seis a 14 a\u00f1os participaran en distintos talleres, mediante los cuales aprender\u00e1n y se divertir\u00e1n, adquiriendo conocimientos que les permitan responder de manera adecuada a las distintas eventualidades que puedan surgir en su entorno.<\/p>\n\n\n\n<p>Se\u00f1al\u00f3 que este a\u00f1o el curso de verano fue organizado junto con el equipo de Bomberos, que anualmente realiza el propio, inculc\u00e1ndoles a los menores el respeto, los valores y la disciplina de manera interactiva, forjando en ellas y ellos la confianza hacia los elementos policiacos, que sepan que est\u00e1n para ayudarles y cuidarlos, as\u00ed como los bomberos y personal de Protecci\u00f3n Civil, con quienes convivir\u00e1n y trabajar\u00e1n en conjunto.<\/p>\n\n\n\n<p>Agreg\u00f3 que habr\u00e1 tambi\u00e9n diferentes invitados como luchadores, Teporingo y Teporinga, el Consejo Ciudadano de Seguridad, entre otros, fomentando las actividades al aire libre y el cuidado de los espacios ambientales y p\u00fablicos, concluyendo el pr\u00f3ximo 13 de agosto con una convivencia familiar donde los padres y madres de familia conocer\u00e1n las actividades y el aprendizaje obtenido.<\/p>\n\n\n\n<p>Las inscripciones al curso ya est\u00e1n cerradas; sin embargo, Dulce Arely G\u00f3mez l, invit\u00f3 a los padres y madres de familia y ciudadan\u00eda en general a seguir la p\u00e1gina oficial de la SEPRAC donde podr\u00e1n conocer las pr\u00f3ximas actividades a realizar, involucrando a ni\u00f1as, ni\u00f1os y adolescentes de Cuernavaca.<\/p>\n\n\n\n<figure class=\"wp-container-2 wp-block-gallery-1 wp-block-gallery has-nested-images columns-default is-cropped\">\n<figure class=\"wp-block-image size-large\"><img loading=\"lazy\" width=\"1024\" height=\"682\" data-id=\"16799\"  src=\"https:\/\/cuernavaca.gob.mx\/wp-content\/uploads\/2022\/08\/Curso-de-verano-SEPRAC-01-1024x682.jpg\" alt=\"\" class=\"wp-image-16799\" srcset=\"https:\/\/cuernavaca.gob.mx\/wp-content\/uploads\/2022\/08\/Curso-de-verano-SEPRAC-01-1024x682.jpg 1024w, https:\/\/cuernavaca.gob.mx\/wp-content\/uploads\/2022\/08\/Curso-de-verano-SEPRAC-01-300x200.jpg 300w, https:\/\/cuernavaca.gob.mx\/wp-content\/uploads\/2022\/08\/Curso-de-verano-SEPRAC-01-768x512.jpg 768w, https:\/\/cuernavaca.gob.mx\/wp-content\/uploads\/2022\/08\/Curso-de-verano-SEPRAC-01-600x400.jpg 600w, https:\/\/cuernavaca.gob.mx\/wp-content\/uploads\/2022\/08\/Curso-de-verano-SEPRAC-01-560x373.jpg 560w, https:\/\/cuernavaca.gob.mx\/wp-content\/uploads\/2022\/08\/Curso-de-verano-SEPRAC-01.jpg 1280w\" sizes=\"(max-width: 1024px) 100vw, 1024px\" \/><\/figure>\n\n\n\n<figure class=\"wp-block-image size-large\"><img loading=\"lazy\" width=\"1024\" height=\"682\" data-id=\"16798\"  src=\"https:\/\/cuernavaca.gob.mx\/wp-content\/uploads\/2022\/08\/Curso-de-verano-SEPRAC-02-1024x682.jpg\" alt=\"\" class=\"wp-image-16798\" srcset=\"https:\/\/cuernavaca.gob.mx\/wp-content\/uploads\/2022\/08\/Curso-de-verano-SEPRAC-02-1024x682.jpg 1024w, https:\/\/cuernavaca.gob.mx\/wp-content\/uploads\/2022\/08\/Curso-de-verano-SEPRAC-02-300x200.jpg 300w, https:\/\/cuernavaca.gob.mx\/wp-content\/uploads\/2022\/08\/Curso-de-verano-SEPRAC-02-768x512.jpg 768w, https:\/\/cuernavaca.gob.mx\/wp-content\/uploads\/2022\/08\/Curso-de-verano-SEPRAC-02-600x400.jpg 600w, https:\/\/cuernavaca.gob.mx\/wp-content\/uploads\/2022\/08\/Curso-de-verano-SEPRAC-02-560x373.jpg 560w, https:\/\/cuernavaca.gob.mx\/wp-content\/uploads\/2022\/08\/Curso-de-verano-SEPRAC-02.jpg 1280w\" sizes=\"(max-width: 1024px) 100vw, 1024px\" \/><\/figure>\n\n\n\n<figure class=\"wp-block-image size-large\"><img loading=\"lazy\" width=\"1024\" height=\"682\" data-id=\"16800\"  src=\"https:\/\/cuernavaca.gob.mx\/wp-content\/uploads\/2022\/08\/Curso-de-verano-SEPRAC-03-1024x682.jpg\" alt=\"\" class=\"wp-image-16800\" srcset=\"https:\/\/cuernavaca.gob.mx\/wp-content\/uploads\/2022\/08\/Curso-de-verano-SEPRAC-03-1024x682.jpg 1024w, https:\/\/cuernavaca.gob.mx\/wp-content\/uploads\/2022\/08\/Curso-de-verano-SEPRAC-03-300x200.jpg 300w, https:\/\/cuernavaca.gob.mx\/wp-content\/uploads\/2022\/08\/Curso-de-verano-SEPRAC-03-768x512.jpg 768w, https:\/\/cuernavaca.gob.mx\/wp-content\/uploads\/2022\/08\/Curso-de-verano-SEPRAC-03-600x400.jpg 600w, https:\/\/cuernavaca.gob.mx\/wp-content\/uploads\/2022\/08\/Curso-de-verano-SEPRAC-03-560x373.jpg 560w, https:\/\/cuernavaca.gob.mx\/wp-content\/uploads\/2022\/08\/Curso-de-verano-SEPRAC-03.jpg 1280w\" sizes=\"(max-width: 1024px) 100vw, 1024px\" \/><\/figure>\n\n\n\n<figure class=\"wp-block-image size-large\"><img loading=\"lazy\" width=\"1024\" height=\"682\" data-id=\"16797\"  src=\"https:\/\/cuernavaca.gob.mx\/wp-content\/uploads\/2022\/08\/Curso-de-verano-SEPRAC-04-1024x682.jpg\" alt=\"\" class=\"wp-image-16797\" srcset=\"https:\/\/cuernavaca.gob.mx\/wp-content\/uploads\/2022\/08\/Curso-de-verano-SEPRAC-04-1024x682.jpg 1024w, https:\/\/cuernavaca.gob.mx\/wp-content\/uploads\/2022\/08\/Curso-de-verano-SEPRAC-04-300x200.jpg 300w, https:\/\/cuernavaca.gob.mx\/wp-content\/uploads\/2022\/08\/Curso-de-verano-SEPRAC-04-768x512.jpg 768w, https:\/\/cuernavaca.gob.mx\/wp-content\/uploads\/2022\/08\/Curso-de-verano-SEPRAC-04-600x400.jpg 600w, https:\/\/cuernavaca.gob.mx\/wp-content\/uploads\/2022\/08\/Curso-de-verano-SEPRAC-04-560x373.jpg 560w, https:\/\/cuernavaca.gob.mx\/wp-content\/uploads\/2022\/08\/Curso-de-verano-SEPRAC-04.jpg 1280w\" sizes=\"(max-width: 1024px) 100vw, 1024px\" \/><\/figure>\n\n\n\n<figure class=\"wp-block-image size-large\"><img loading=\"lazy\" width=\"1024\" height=\"682\" data-id=\"16796\"  src=\"https:\/\/cuernavaca.gob.mx\/wp-content\/uploads\/2022\/08\/Curso-de-verano-SEPRAC-05-1024x682.jpg\" alt=\"\" class=\"wp-image-16796\" srcset=\"https:\/\/cuernavaca.gob.mx\/wp-content\/uploads\/2022\/08\/Curso-de-verano-SEPRAC-05-1024x682.jpg 1024w, https:\/\/cuernavaca.gob.mx\/wp-content\/uploads\/2022\/08\/Curso-de-verano-SEPRAC-05-300x200.jpg 300w, https:\/\/cuernavaca.gob.mx\/wp-content\/uploads\/2022\/08\/Curso-de-verano-SEPRAC-05-768x512.jpg 768w, https:\/\/cuernavaca.gob.mx\/wp-content\/uploads\/2022\/08\/Curso-de-verano-SEPRAC-05-600x400.jpg 600w, https:\/\/cuernavaca.gob.mx\/wp-content\/uploads\/2022\/08\/Curso-de-verano-SEPRAC-05-560x373.jpg 560w, https:\/\/cuernavaca.gob.mx\/wp-content\/uploads\/2022\/08\/Curso-de-verano-SEPRAC-05.jpg 1280w\" sizes=\"(max-width: 1024px) 100vw, 1024px\" \/><\/figure>\n\n\n\n<figure class=\"wp-block-image size-large\"><img loading=\"lazy\" width=\"1024\" height=\"682\" data-id=\"16801\"  src=\"https:\/\/cuernavaca.gob.mx\/wp-content\/uploads\/2022\/08\/Curso-de-verano-SEPRAC-06-1024x682.jpg\" alt=\"\" class=\"wp-image-16801\" srcset=\"https:\/\/cuernavaca.gob.mx\/wp-content\/uploads\/2022\/08\/Curso-de-verano-SEPRAC-06-1024x682.jpg 1024w, https:\/\/cuernavaca.gob.mx\/wp-content\/uploads\/2022\/08\/Curso-de-verano-SEPRAC-06-300x200.jpg 300w, https:\/\/cuernavaca.gob.mx\/wp-content\/uploads\/2022\/08\/Curso-de-verano-SEPRAC-06-768x512.jpg 768w, https:\/\/cuernavaca.gob.mx\/wp-content\/uploads\/2022\/08\/Curso-de-verano-SEPRAC-06-600x400.jpg 600w, https:\/\/cuernavaca.gob.mx\/wp-content\/uploads\/2022\/08\/Curso-de-verano-SEPRAC-06-560x373.jpg 560w, https:\/\/cuernavaca.gob.mx\/wp-content\/uploads\/2022\/08\/Curso-de-verano-SEPRAC-06.jpg 1280w\" sizes=\"(max-width: 1024px) 100vw, 1024px\" \/><\/figure>\n<\/figure>\n","protected":false},"excerpt":{"rendered":"<p>Infantes de 6 a 14 a\u00f1os participar\u00e1n por dos semanas en talleres desde educaci\u00f3n vial hasta primeros auxilios, actividades deportivas y art\u00edsticas. Con todas las medidas de seguridad las actividades se realizan en el Parque Ecotur\u00edstico San Lorenzo Chamilpan Con una alta participaci\u00f3n de ni\u00f1as, ni\u00f1os y adolescentes, la Secretar\u00eda de Protecci\u00f3n y Auxilio Ciudadano [&hellip;]<\/p>\n","protected":false},"author":1,"featured_media":16796,"comment_status":"closed","ping_status":"closed","sticky":false,"template":"","format":"standard","meta":[],"categories":[20,17],"tags":[1985,1984,121,313,1983,120,380,1732,125,252],"aioseo_notices":[],"_links":{"self":[{"href":"https:\/\/cuernavaca.gob.mx\/index.php?rest_route=\/wp\/v2\/posts\/16795"}],"collection":[{"href":"https:\/\/cuernavaca.gob.mx\/index.php?rest_route=\/wp\/v2\/posts"}],"about":[{"href":"https:\/\/cuernavaca.gob.mx\/index.php?rest_route=\/wp\/v2\/types\/post"}],"author":[{"embeddable":true,"href":"https:\/\/cuernavaca.gob.mx\/index.php?rest_route=\/wp\/v2\/users\/1"}],"replies":[{"embeddable":true,"href":"https:\/\/cuernavaca.gob.mx\/index.php?rest_route=%2Fwp%2Fv2%2Fcomments&post=16795"}],"version-history":[{"count":1,"href":"https:\/\/cuernavaca.gob.mx\/index.php?rest_route=\/wp\/v2\/posts\/16795\/revisions"}],"predecessor-version":[{"id":16802,"href":"https:\/\/cuernavaca.gob.mx\/index.php?rest_route=\/wp\/v2\/posts\/16795\/revisions\/16802"}],"wp:featuredmedia":[{"embeddable":true,"href":"https:\/\/cuernavaca.gob.mx\/index.php?rest_route=\/wp\/v2\/media\/16796"}],"wp:attachment":[{"href":"https:\/\/cuernavaca.gob.mx\/index.php?rest_route=%2Fwp%2Fv2%2Fmedia&parent=16795"}],"wp:term":[{"taxonomy":"category","embeddable":true,"href":"https:\/\/cuernavaca.gob.mx\/index.php?rest_route=%2Fwp%2Fv2%2Fcategories&post=16795"},{"taxonomy":"post_tag","embeddable":true,"href":"https:\/\/cuernavaca.gob.mx\/index.php?rest_route=%2Fwp%2Fv2%2Ftags&post=16795"}],"curies":[{"name":"wp","href":"https:\/\/api.w.org\/{rel}","templated":true}]}}