{"id":16905,"date":"2022-08-05T11:00:00","date_gmt":"2022-08-05T16:00:00","guid":{"rendered":"https:\/\/cuernavaca.gob.mx\/?p=16905"},"modified":"2025-05-06T12:06:11","modified_gmt":"2025-05-06T18:06:11","slug":"f136-05-08-22-repone-sapac-tuberia-robada-que-causo-falta-de-agua-en-instalaciones-de-la-guardia-nacional","status":"publish","type":"post","link":"https:\/\/cuernavaca.gob.mx\/?p=16905","title":{"rendered":"F136 05\/08\/22 REPONE SAPAC TUBER\u00cdA ROBADA QUE CAUS\u00d3 FALTA DE AGUA EN INSTALACIONES DE LA GUARDIA NACIONAL"},"content":{"rendered":"\n<p>Tras el robo de tuber\u00eda de agua potable en Paseo Cuauhn\u00e1huac de la colonia Jacarandas, personal de conservaci\u00f3n del Sistema de Agua Potable y Alcantarillado de Cuernavaca (SAPAC) respondi\u00f3 oportunamente a la reposici\u00f3n de la misma a fin, de restablecer el servicio del vital l\u00edquido en las instalaciones de la Guardia Nacional.<\/p>\n\n\n\n<p>La Directora General del SAPAC, Evelia Flores Hern\u00e1ndez, explic\u00f3 que, tras los recorridos realizados por parte del personal de operaci\u00f3n, se percataron que hab\u00eda sido sustra\u00edda la tuber\u00eda de agua potable ubicada en Paseo Cuauhn\u00e1huac de la colonia Jacarandas, a la altura de SODIMAC, misma que suministra del servicio a las oficinas de la Guardia Nacional.<\/p>\n\n\n\n<p>Ante esta situaci\u00f3n, coment\u00f3 que el presidente municipal Jos\u00e9 Luis Uri\u00f3stegui Salgado, instruy\u00f3 a realizar la pronta atenci\u00f3n a este hecho por lo que personal de conservaci\u00f3n, acudi\u00f3 al punto afectado, conocer el grado de afectaci\u00f3n, dotarse del material necesario para la reposici\u00f3n y dar paso con las labores correspondientes.<\/p>\n\n\n\n<p>Cabe se\u00f1alar que los trabajos consistieron en la reposici\u00f3n de 18 metros de tuber\u00eda de 2 pulgadas galvanizada en trabajos que tuvieron una duraci\u00f3n aproximada de 3 horas, debido al grado de dificultad, ya que la l\u00ednea se encuentra empotrada en el puente que atraviesa a lo largo de la barranca.<\/p>\n\n\n\n<p>Ante esta situaci\u00f3n, Evelia Flores, reprob\u00f3 este tipo de actos delictivos que perjudican tanto al sistema operador como a la propia ciudadan\u00eda, que se quedan sin el servicio de dotaci\u00f3n de agua hasta que se concluyen los trabajos para reestablecerlo.<\/p>\n\n\n\n<figure class=\"wp-container-2 wp-block-gallery-1 wp-block-gallery has-nested-images columns-default is-cropped\">\n<figure class=\"wp-block-image size-large\"><img loading=\"lazy\" width=\"768\" height=\"1024\" data-id=\"16906\"  src=\"https:\/\/cuernavaca.gob.mx\/wp-content\/uploads\/2022\/08\/Sapac-Guardia-Nacional-01-768x1024.jpg\" alt=\"\" class=\"wp-image-16906\" srcset=\"https:\/\/cuernavaca.gob.mx\/wp-content\/uploads\/2022\/08\/Sapac-Guardia-Nacional-01-768x1024.jpg 768w, https:\/\/cuernavaca.gob.mx\/wp-content\/uploads\/2022\/08\/Sapac-Guardia-Nacional-01-225x300.jpg 225w, https:\/\/cuernavaca.gob.mx\/wp-content\/uploads\/2022\/08\/Sapac-Guardia-Nacional-01-1152x1536.jpg 1152w, https:\/\/cuernavaca.gob.mx\/wp-content\/uploads\/2022\/08\/Sapac-Guardia-Nacional-01-450x600.jpg 450w, https:\/\/cuernavaca.gob.mx\/wp-content\/uploads\/2022\/08\/Sapac-Guardia-Nacional-01-420x560.jpg 420w, https:\/\/cuernavaca.gob.mx\/wp-content\/uploads\/2022\/08\/Sapac-Guardia-Nacional-01.jpg 1200w\" sizes=\"(max-width: 768px) 100vw, 768px\" \/><\/figure>\n\n\n\n<figure class=\"wp-block-image size-large\"><img loading=\"lazy\" width=\"1024\" height=\"834\" data-id=\"16907\"  src=\"https:\/\/cuernavaca.gob.mx\/wp-content\/uploads\/2022\/08\/Sapac-Guardia-Nacional-02-1024x834.jpg\" alt=\"\" class=\"wp-image-16907\" srcset=\"https:\/\/cuernavaca.gob.mx\/wp-content\/uploads\/2022\/08\/Sapac-Guardia-Nacional-02-1024x834.jpg 1024w, https:\/\/cuernavaca.gob.mx\/wp-content\/uploads\/2022\/08\/Sapac-Guardia-Nacional-02-300x244.jpg 300w, https:\/\/cuernavaca.gob.mx\/wp-content\/uploads\/2022\/08\/Sapac-Guardia-Nacional-02-768x626.jpg 768w, https:\/\/cuernavaca.gob.mx\/wp-content\/uploads\/2022\/08\/Sapac-Guardia-Nacional-02-600x489.jpg 600w, https:\/\/cuernavaca.gob.mx\/wp-content\/uploads\/2022\/08\/Sapac-Guardia-Nacional-02-560x456.jpg 560w, https:\/\/cuernavaca.gob.mx\/wp-content\/uploads\/2022\/08\/Sapac-Guardia-Nacional-02.jpg 1280w\" sizes=\"(max-width: 1024px) 100vw, 1024px\" \/><\/figure>\n\n\n\n<figure class=\"wp-block-image size-large\"><img loading=\"lazy\" width=\"1024\" height=\"576\" data-id=\"16908\"  src=\"https:\/\/cuernavaca.gob.mx\/wp-content\/uploads\/2022\/08\/Sapac-Guardia-Nacional-03-1024x576.jpg\" alt=\"\" class=\"wp-image-16908\" srcset=\"https:\/\/cuernavaca.gob.mx\/wp-content\/uploads\/2022\/08\/Sapac-Guardia-Nacional-03-1024x576.jpg 1024w, https:\/\/cuernavaca.gob.mx\/wp-content\/uploads\/2022\/08\/Sapac-Guardia-Nacional-03-300x169.jpg 300w, https:\/\/cuernavaca.gob.mx\/wp-content\/uploads\/2022\/08\/Sapac-Guardia-Nacional-03-768x432.jpg 768w, https:\/\/cuernavaca.gob.mx\/wp-content\/uploads\/2022\/08\/Sapac-Guardia-Nacional-03-600x338.jpg 600w, https:\/\/cuernavaca.gob.mx\/wp-content\/uploads\/2022\/08\/Sapac-Guardia-Nacional-03-560x315.jpg 560w, https:\/\/cuernavaca.gob.mx\/wp-content\/uploads\/2022\/08\/Sapac-Guardia-Nacional-03.jpg 1280w\" sizes=\"(max-width: 1024px) 100vw, 1024px\" \/><\/figure>\n\n\n\n<figure class=\"wp-block-image size-large\"><img loading=\"lazy\" width=\"1024\" height=\"576\" data-id=\"16909\"  src=\"https:\/\/cuernavaca.gob.mx\/wp-content\/uploads\/2022\/08\/Sapac-Guardia-Nacional-04-1024x576.jpg\" alt=\"\" class=\"wp-image-16909\" srcset=\"https:\/\/cuernavaca.gob.mx\/wp-content\/uploads\/2022\/08\/Sapac-Guardia-Nacional-04-1024x576.jpg 1024w, https:\/\/cuernavaca.gob.mx\/wp-content\/uploads\/2022\/08\/Sapac-Guardia-Nacional-04-300x169.jpg 300w, https:\/\/cuernavaca.gob.mx\/wp-content\/uploads\/2022\/08\/Sapac-Guardia-Nacional-04-768x432.jpg 768w, https:\/\/cuernavaca.gob.mx\/wp-content\/uploads\/2022\/08\/Sapac-Guardia-Nacional-04-600x338.jpg 600w, https:\/\/cuernavaca.gob.mx\/wp-content\/uploads\/2022\/08\/Sapac-Guardia-Nacional-04-560x315.jpg 560w, https:\/\/cuernavaca.gob.mx\/wp-content\/uploads\/2022\/08\/Sapac-Guardia-Nacional-04.jpg 1280w\" sizes=\"(max-width: 1024px) 100vw, 1024px\" \/><\/figure>\n<\/figure>\n","protected":false},"excerpt":{"rendered":"<p>Tras el robo de tuber\u00eda de agua potable en Paseo Cuauhn\u00e1huac de la colonia Jacarandas, personal de conservaci\u00f3n del Sistema de Agua Potable y Alcantarillado de Cuernavaca (SAPAC) respondi\u00f3 oportunamente a la reposici\u00f3n de la misma a fin, de restablecer el servicio del vital l\u00edquido en las instalaciones de la Guardia Nacional. La Directora General [&hellip;]<\/p>\n","protected":false},"author":1,"featured_media":16907,"comment_status":"closed","ping_status":"closed","sticky":false,"template":"","format":"standard","meta":[],"categories":[20,145],"tags":[121,196,120,2013,124,1162],"aioseo_notices":[],"_links":{"self":[{"href":"https:\/\/cuernavaca.gob.mx\/index.php?rest_route=\/wp\/v2\/posts\/16905"}],"collection":[{"href":"https:\/\/cuernavaca.gob.mx\/index.php?rest_route=\/wp\/v2\/posts"}],"about":[{"href":"https:\/\/cuernavaca.gob.mx\/index.php?rest_route=\/wp\/v2\/types\/post"}],"author":[{"embeddable":true,"href":"https:\/\/cuernavaca.gob.mx\/index.php?rest_route=\/wp\/v2\/users\/1"}],"replies":[{"embeddable":true,"href":"https:\/\/cuernavaca.gob.mx\/index.php?rest_route=%2Fwp%2Fv2%2Fcomments&post=16905"}],"version-history":[{"count":1,"href":"https:\/\/cuernavaca.gob.mx\/index.php?rest_route=\/wp\/v2\/posts\/16905\/revisions"}],"predecessor-version":[{"id":16910,"href":"https:\/\/cuernavaca.gob.mx\/index.php?rest_route=\/wp\/v2\/posts\/16905\/revisions\/16910"}],"wp:featuredmedia":[{"embeddable":true,"href":"https:\/\/cuernavaca.gob.mx\/index.php?rest_route=\/wp\/v2\/media\/16907"}],"wp:attachment":[{"href":"https:\/\/cuernavaca.gob.mx\/index.php?rest_route=%2Fwp%2Fv2%2Fmedia&parent=16905"}],"wp:term":[{"taxonomy":"category","embeddable":true,"href":"https:\/\/cuernavaca.gob.mx\/index.php?rest_route=%2Fwp%2Fv2%2Fcategories&post=16905"},{"taxonomy":"post_tag","embeddable":true,"href":"https:\/\/cuernavaca.gob.mx\/index.php?rest_route=%2Fwp%2Fv2%2Ftags&post=16905"}],"curies":[{"name":"wp","href":"https:\/\/api.w.org\/{rel}","templated":true}]}}