{"id":16912,"date":"2022-08-05T13:00:25","date_gmt":"2022-08-05T18:00:25","guid":{"rendered":"https:\/\/cuernavaca.gob.mx\/?p=16912"},"modified":"2025-05-06T12:06:11","modified_gmt":"2025-05-06T18:06:11","slug":"b464-05-08-22-responde-ayuntamiento-de-cuernavaca-a-reporte-por-socavon-en-leandro-valle","status":"publish","type":"post","link":"https:\/\/cuernavaca.gob.mx\/?p=16912","title":{"rendered":"B464 05\/08\/22 RESPONDE AYUNTAMIENTO DE CUERNAVACA A REPORTE POR SOCAV\u00d3N EN LEANDRO VALLE"},"content":{"rendered":"\n<p>Se realiza trabajo coordinado con entre las Secretar\u00edas de Desarrollo Urbano y Obras P\u00fablicas, Desarrollo Sustentable y Servicios P\u00fablicos, SAPAC y Protecci\u00f3n Civil<\/p>\n\n\n\n<p>Ante los reportes ciudadanos de un socav\u00f3n en avenida Leandro Valle, personal de distintas \u00e1reas del Ayuntamiento de Cuernavaca por indicaci\u00f3n de presidente municipal, Jos\u00e9 Luis Uri\u00f3stegui Salgado, trabajan desde primera hora de manera coordinada para realizar las reparaciones correspondientes en esta vialidad.<\/p>\n\n\n\n<p>La ma\u00f1ana de este viernes fue recibido un reporte a las 08:10 horas de la formaci\u00f3n de un socav\u00f3n en avenida Leandro Valle, por lo que de inmediato personal de Protecci\u00f3n Civil de Cuernavaca acudi\u00f3 para realizar el acordonamiento de la zona para evitar que autom\u00f3viles particulares y transporte p\u00fablico de pasajeros se accidentaran.<\/p>\n\n\n\n<p>El secretario de Desarrollo Urbano y Obras P\u00fablicas, Alejandro Rosas L\u00f3pez, quien estuvo presente en la inspecci\u00f3n, explic\u00f3 que una cuadrilla del Sistema de Agua Potable y Alcantarillado de Cuernavaca (SAPAC), realiz\u00f3 una inspecci\u00f3n para detectar el origen de la fuga que caus\u00f3 el reblandecimiento de la tierra y que provoc\u00f3 afectaciones en una \u00e1rea de aproximadamente 20 metros cuadrados, determinando que se realizar\u00e1 un trabajo de sustituci\u00f3n de 6 metros de tuber\u00eda de drenaje sanitario de 12 pulgadas de di\u00e1metro.<\/p>\n\n\n\n<p>En este trabajo interinstitucional de las dependencias del Ayuntamiento de Cuernavaca, tambi\u00e9n particip\u00f3 la Secretar\u00eda de Desarrollo Sustentable y Servicios P\u00fablicos para realizar las labores de excavaci\u00f3n y retiro del escombro; una vez reparado el drenaje, Alejandro Rosas detall\u00f3 que se realizaran trabajos de relleno y compactaci\u00f3n de material mejorado, para posteriormente pavimentar con concreto asf\u00e1ltico de 5 cent\u00edmetros de espesor.<\/p>\n\n\n\n<p>El secretario de Desarrollo Urbano y Obras P\u00fablicas apel\u00f3 a la comprensi\u00f3n de la ciudadan\u00eda por las molestias causadas con estas labores y se\u00f1al\u00f3 que todas las \u00e1reas trabajan a marchas forzadas para poder concluir las reparaciones este fin de semana.<\/p>\n\n\n\n<p>El funcionario municipal asever\u00f3 que este tipo de incidentes son consecuencia de vialidades y tuber\u00edas que estuvieron abandonadas y sin mantenimiento durante varios a\u00f1os, por lo que dijo que por instrucciones del presidente municipal, Jos\u00e9 Luis Uri\u00f3stegui, las obras y reparaciones emergentes como estas, deben ser atendidas como prioridad para evitar accidentes y da\u00f1os a particulares.<\/p>\n\n\n\n<figure class=\"wp-container-2 wp-block-gallery-1 wp-block-gallery has-nested-images columns-default is-cropped\">\n<figure class=\"wp-block-image size-large\"><img loading=\"lazy\" width=\"1024\" height=\"768\" data-id=\"16913\"  src=\"https:\/\/cuernavaca.gob.mx\/wp-content\/uploads\/2022\/08\/Socavo\u0301n-Leandro-Valle-01-1024x768.jpg\" alt=\"\" class=\"wp-image-16913\" srcset=\"https:\/\/cuernavaca.gob.mx\/wp-content\/uploads\/2022\/08\/Socavo\u0301n-Leandro-Valle-01-1024x768.jpg 1024w, https:\/\/cuernavaca.gob.mx\/wp-content\/uploads\/2022\/08\/Socavo\u0301n-Leandro-Valle-01-300x225.jpg 300w, https:\/\/cuernavaca.gob.mx\/wp-content\/uploads\/2022\/08\/Socavo\u0301n-Leandro-Valle-01-768x576.jpg 768w, https:\/\/cuernavaca.gob.mx\/wp-content\/uploads\/2022\/08\/Socavo\u0301n-Leandro-Valle-01-600x450.jpg 600w, https:\/\/cuernavaca.gob.mx\/wp-content\/uploads\/2022\/08\/Socavo\u0301n-Leandro-Valle-01-560x420.jpg 560w, https:\/\/cuernavaca.gob.mx\/wp-content\/uploads\/2022\/08\/Socavo\u0301n-Leandro-Valle-01.jpg 1280w\" sizes=\"(max-width: 1024px) 100vw, 1024px\" \/><\/figure>\n\n\n\n<figure class=\"wp-block-image size-large\"><img loading=\"lazy\" width=\"1024\" height=\"576\" data-id=\"16914\"  src=\"https:\/\/cuernavaca.gob.mx\/wp-content\/uploads\/2022\/08\/Socavo\u0301n-Leandro-Valle-02-1024x576.jpg\" alt=\"\" class=\"wp-image-16914\" srcset=\"https:\/\/cuernavaca.gob.mx\/wp-content\/uploads\/2022\/08\/Socavo\u0301n-Leandro-Valle-02-1024x576.jpg 1024w, https:\/\/cuernavaca.gob.mx\/wp-content\/uploads\/2022\/08\/Socavo\u0301n-Leandro-Valle-02-300x169.jpg 300w, https:\/\/cuernavaca.gob.mx\/wp-content\/uploads\/2022\/08\/Socavo\u0301n-Leandro-Valle-02-768x432.jpg 768w, https:\/\/cuernavaca.gob.mx\/wp-content\/uploads\/2022\/08\/Socavo\u0301n-Leandro-Valle-02-600x338.jpg 600w, https:\/\/cuernavaca.gob.mx\/wp-content\/uploads\/2022\/08\/Socavo\u0301n-Leandro-Valle-02-560x315.jpg 560w, https:\/\/cuernavaca.gob.mx\/wp-content\/uploads\/2022\/08\/Socavo\u0301n-Leandro-Valle-02.jpg 1280w\" sizes=\"(max-width: 1024px) 100vw, 1024px\" \/><\/figure>\n\n\n\n<figure class=\"wp-block-image size-large\"><img loading=\"lazy\" width=\"1024\" height=\"768\" data-id=\"16917\"  src=\"https:\/\/cuernavaca.gob.mx\/wp-content\/uploads\/2022\/08\/Socavo\u0301n-Leandro-Valle-03-1024x768.jpg\" alt=\"\" class=\"wp-image-16917\" srcset=\"https:\/\/cuernavaca.gob.mx\/wp-content\/uploads\/2022\/08\/Socavo\u0301n-Leandro-Valle-03-1024x768.jpg 1024w, https:\/\/cuernavaca.gob.mx\/wp-content\/uploads\/2022\/08\/Socavo\u0301n-Leandro-Valle-03-300x225.jpg 300w, https:\/\/cuernavaca.gob.mx\/wp-content\/uploads\/2022\/08\/Socavo\u0301n-Leandro-Valle-03-768x576.jpg 768w, https:\/\/cuernavaca.gob.mx\/wp-content\/uploads\/2022\/08\/Socavo\u0301n-Leandro-Valle-03-600x450.jpg 600w, https:\/\/cuernavaca.gob.mx\/wp-content\/uploads\/2022\/08\/Socavo\u0301n-Leandro-Valle-03-560x420.jpg 560w, https:\/\/cuernavaca.gob.mx\/wp-content\/uploads\/2022\/08\/Socavo\u0301n-Leandro-Valle-03.jpg 1280w\" sizes=\"(max-width: 1024px) 100vw, 1024px\" \/><\/figure>\n\n\n\n<figure class=\"wp-block-image size-large\"><img loading=\"lazy\" width=\"1024\" height=\"576\" data-id=\"16918\"  src=\"https:\/\/cuernavaca.gob.mx\/wp-content\/uploads\/2022\/08\/Socavo\u0301n-Leandro-Valle-04-1024x576.jpg\" alt=\"\" class=\"wp-image-16918\" srcset=\"https:\/\/cuernavaca.gob.mx\/wp-content\/uploads\/2022\/08\/Socavo\u0301n-Leandro-Valle-04-1024x576.jpg 1024w, https:\/\/cuernavaca.gob.mx\/wp-content\/uploads\/2022\/08\/Socavo\u0301n-Leandro-Valle-04-300x169.jpg 300w, https:\/\/cuernavaca.gob.mx\/wp-content\/uploads\/2022\/08\/Socavo\u0301n-Leandro-Valle-04-768x432.jpg 768w, https:\/\/cuernavaca.gob.mx\/wp-content\/uploads\/2022\/08\/Socavo\u0301n-Leandro-Valle-04-600x338.jpg 600w, https:\/\/cuernavaca.gob.mx\/wp-content\/uploads\/2022\/08\/Socavo\u0301n-Leandro-Valle-04-560x315.jpg 560w, https:\/\/cuernavaca.gob.mx\/wp-content\/uploads\/2022\/08\/Socavo\u0301n-Leandro-Valle-04.jpg 1280w\" sizes=\"(max-width: 1024px) 100vw, 1024px\" \/><\/figure>\n\n\n\n<figure class=\"wp-block-image size-large\"><img loading=\"lazy\" width=\"1024\" height=\"576\" data-id=\"16916\"  src=\"https:\/\/cuernavaca.gob.mx\/wp-content\/uploads\/2022\/08\/Socavo\u0301n-Leandro-Valle-05-1024x576.jpg\" alt=\"\" class=\"wp-image-16916\" srcset=\"https:\/\/cuernavaca.gob.mx\/wp-content\/uploads\/2022\/08\/Socavo\u0301n-Leandro-Valle-05-1024x576.jpg 1024w, https:\/\/cuernavaca.gob.mx\/wp-content\/uploads\/2022\/08\/Socavo\u0301n-Leandro-Valle-05-300x169.jpg 300w, https:\/\/cuernavaca.gob.mx\/wp-content\/uploads\/2022\/08\/Socavo\u0301n-Leandro-Valle-05-768x432.jpg 768w, https:\/\/cuernavaca.gob.mx\/wp-content\/uploads\/2022\/08\/Socavo\u0301n-Leandro-Valle-05-600x338.jpg 600w, https:\/\/cuernavaca.gob.mx\/wp-content\/uploads\/2022\/08\/Socavo\u0301n-Leandro-Valle-05-560x315.jpg 560w, https:\/\/cuernavaca.gob.mx\/wp-content\/uploads\/2022\/08\/Socavo\u0301n-Leandro-Valle-05.jpg 1280w\" sizes=\"(max-width: 1024px) 100vw, 1024px\" \/><\/figure>\n\n\n\n<figure class=\"wp-block-image size-large\"><img loading=\"lazy\" width=\"1024\" height=\"576\" data-id=\"16915\"  src=\"https:\/\/cuernavaca.gob.mx\/wp-content\/uploads\/2022\/08\/Socavo\u0301n-Leandro-Valle-06-1024x576.jpg\" alt=\"\" class=\"wp-image-16915\" srcset=\"https:\/\/cuernavaca.gob.mx\/wp-content\/uploads\/2022\/08\/Socavo\u0301n-Leandro-Valle-06-1024x576.jpg 1024w, https:\/\/cuernavaca.gob.mx\/wp-content\/uploads\/2022\/08\/Socavo\u0301n-Leandro-Valle-06-300x169.jpg 300w, https:\/\/cuernavaca.gob.mx\/wp-content\/uploads\/2022\/08\/Socavo\u0301n-Leandro-Valle-06-768x432.jpg 768w, https:\/\/cuernavaca.gob.mx\/wp-content\/uploads\/2022\/08\/Socavo\u0301n-Leandro-Valle-06-600x338.jpg 600w, https:\/\/cuernavaca.gob.mx\/wp-content\/uploads\/2022\/08\/Socavo\u0301n-Leandro-Valle-06-560x315.jpg 560w, https:\/\/cuernavaca.gob.mx\/wp-content\/uploads\/2022\/08\/Socavo\u0301n-Leandro-Valle-06.jpg 1280w\" sizes=\"(max-width: 1024px) 100vw, 1024px\" \/><\/figure>\n\n\n\n<figure class=\"wp-block-image size-large\"><img loading=\"lazy\" width=\"1024\" height=\"576\" data-id=\"16919\"  src=\"https:\/\/cuernavaca.gob.mx\/wp-content\/uploads\/2022\/08\/Socavo\u0301n-Leandro-Valle-07-1024x576.jpg\" alt=\"\" class=\"wp-image-16919\" srcset=\"https:\/\/cuernavaca.gob.mx\/wp-content\/uploads\/2022\/08\/Socavo\u0301n-Leandro-Valle-07-1024x576.jpg 1024w, https:\/\/cuernavaca.gob.mx\/wp-content\/uploads\/2022\/08\/Socavo\u0301n-Leandro-Valle-07-300x169.jpg 300w, https:\/\/cuernavaca.gob.mx\/wp-content\/uploads\/2022\/08\/Socavo\u0301n-Leandro-Valle-07-768x432.jpg 768w, https:\/\/cuernavaca.gob.mx\/wp-content\/uploads\/2022\/08\/Socavo\u0301n-Leandro-Valle-07-600x338.jpg 600w, https:\/\/cuernavaca.gob.mx\/wp-content\/uploads\/2022\/08\/Socavo\u0301n-Leandro-Valle-07-560x315.jpg 560w, https:\/\/cuernavaca.gob.mx\/wp-content\/uploads\/2022\/08\/Socavo\u0301n-Leandro-Valle-07.jpg 1280w\" sizes=\"(max-width: 1024px) 100vw, 1024px\" \/><\/figure>\n<\/figure>\n","protected":false},"excerpt":{"rendered":"<p>Se realiza trabajo coordinado con entre las Secretar\u00edas de Desarrollo Urbano y Obras P\u00fablicas, Desarrollo Sustentable y Servicios P\u00fablicos, SAPAC y Protecci\u00f3n Civil Ante los reportes ciudadanos de un socav\u00f3n en avenida Leandro Valle, personal de distintas \u00e1reas del Ayuntamiento de Cuernavaca por indicaci\u00f3n de presidente municipal, Jos\u00e9 Luis Uri\u00f3stegui Salgado, trabajan desde primera hora [&hellip;]<\/p>\n","protected":false},"author":1,"featured_media":16918,"comment_status":"closed","ping_status":"closed","sticky":false,"template":"","format":"standard","meta":[],"categories":[20,18,145,208],"tags":[121,120,2014,232,340,125,138,1167,143],"aioseo_notices":[],"_links":{"self":[{"href":"https:\/\/cuernavaca.gob.mx\/index.php?rest_route=\/wp\/v2\/posts\/16912"}],"collection":[{"href":"https:\/\/cuernavaca.gob.mx\/index.php?rest_route=\/wp\/v2\/posts"}],"about":[{"href":"https:\/\/cuernavaca.gob.mx\/index.php?rest_route=\/wp\/v2\/types\/post"}],"author":[{"embeddable":true,"href":"https:\/\/cuernavaca.gob.mx\/index.php?rest_route=\/wp\/v2\/users\/1"}],"replies":[{"embeddable":true,"href":"https:\/\/cuernavaca.gob.mx\/index.php?rest_route=%2Fwp%2Fv2%2Fcomments&post=16912"}],"version-history":[{"count":1,"href":"https:\/\/cuernavaca.gob.mx\/index.php?rest_route=\/wp\/v2\/posts\/16912\/revisions"}],"predecessor-version":[{"id":16920,"href":"https:\/\/cuernavaca.gob.mx\/index.php?rest_route=\/wp\/v2\/posts\/16912\/revisions\/16920"}],"wp:featuredmedia":[{"embeddable":true,"href":"https:\/\/cuernavaca.gob.mx\/index.php?rest_route=\/wp\/v2\/media\/16918"}],"wp:attachment":[{"href":"https:\/\/cuernavaca.gob.mx\/index.php?rest_route=%2Fwp%2Fv2%2Fmedia&parent=16912"}],"wp:term":[{"taxonomy":"category","embeddable":true,"href":"https:\/\/cuernavaca.gob.mx\/index.php?rest_route=%2Fwp%2Fv2%2Fcategories&post=16912"},{"taxonomy":"post_tag","embeddable":true,"href":"https:\/\/cuernavaca.gob.mx\/index.php?rest_route=%2Fwp%2Fv2%2Ftags&post=16912"}],"curies":[{"name":"wp","href":"https:\/\/api.w.org\/{rel}","templated":true}]}}