{"id":16953,"date":"2022-08-06T13:00:00","date_gmt":"2022-08-06T18:00:00","guid":{"rendered":"https:\/\/cuernavaca.gob.mx\/?p=16953"},"modified":"2025-05-06T12:06:10","modified_gmt":"2025-05-06T18:06:10","slug":"b468-06-08-22-reitera-junta-local-catastral-actualizacion-de-tabla-de-valores-no-incrementara-el-impuesto-predial-en-cuernavaca","status":"publish","type":"post","link":"https:\/\/cuernavaca.gob.mx\/?p=16953","title":{"rendered":"B468 06\/08\/22 REITERA JUNTA LOCAL CATASTRAL ACTUALIZACI\u00d3N DE TABLA DE VALORES NO INCREMENTAR\u00c1 EL IMPUESTO PREDIAL EN CUERNAVACA"},"content":{"rendered":"\n<p><strong>Representantes de Colegios y Asociaciones de Arquitectos, Valuadores, Ingenieros Civiles y Notarios respaldaron la actualizaci\u00f3n<\/strong><\/p>\n\n\n\n<p><strong>Las Tablas de Valores Unitarios de Suelo y Construcci\u00f3n dar\u00e1n certeza jur\u00eddica sobre la tenencia de la tierra<\/strong><\/p>\n\n\n\n<p>Integrantes de la Junta Local Catastral de Cuernavaca, cuerpo colegiado conformado por representantes de Colegios y Asociaciones de Arquitectos, Valuadores, Ingenieros Civiles, Notarios y autoridades municipales, respaldaron, una vez m\u00e1s, la necesidad de actualizar las Tablas de Valores Unitarios de Suelo y Construcci\u00f3n, que dar\u00e1 certeza jur\u00eddica sobre la tenencia de la tierra, elevando la plusval\u00eda de los terrenos sin incrementar el impuesto predial.<\/p>\n\n\n\n<p>En el marco de la Cent\u00e9sima Vig\u00e9sima Sexta Sesi\u00f3n Ordinaria y ante dudas que se han suscitado por la propuesta desde el Congreso del Estado, el presidente municipal y presidente del cuerpo colegiado, Jos\u00e9 Luis Uri\u00f3stegui Salgado, se\u00f1al\u00f3 que con esta modificaci\u00f3n no solo se trata de fines recaudatorios, sino de contar con recursos suficientes para hacer m\u00e1s obra p\u00fablica, puesto que a partir de la aprobaci\u00f3n de las tablas de valores y el pago del a\u00f1o siguiente, el 40 por ciento de lo recaudado se aplicar\u00e1 en cada una de las 47 regiones catastrales reci\u00e9n aprobadas.<\/p>\n\n\n\n<p>Precis\u00f3 que el Ayuntamiento de Cuernavaca ha cumplido oportunamente con lo establece la Ley de Catastro, que se\u00f1ala que cada tres a\u00f1os, dentro del primer a\u00f1o de la administraci\u00f3n, se har\u00e1 la revisi\u00f3n de las tablas de valores que en este caso fueron debidamente avaladas por la Junta Local Catastral y el Cabildo, pasando a manos del Poder Legislativo para su an\u00e1lisis y votaci\u00f3n correspondiente, \u201cqueremos tener ingresos para hacer m\u00e1s obras en donde se est\u00e1 generando el pago de la contribuci\u00f3n\u201d.<\/p>\n\n\n\n<p>En su disertaci\u00f3n, el director general de Catastro, Fernando Streber Montagne, explic\u00f3 que con esta medida podr\u00e1n entrar en vigor las 47 nuevas regiones catastrales autorizadas por el cuerpo edilicio en enero de este a\u00f1o y que forman parte del Plan de Recatastraci\u00f3n y Catastraci\u00f3n del municipio, que tiene como objeto configurar de forma homog\u00e9nea las regiones en las que se divide la ciudad, generando un beneficio para la mayor\u00eda de los predios.<\/p>\n\n\n\n<p>Y es que, afirm\u00f3, con las tablas de valores que datan del 2007 y que hoy siguen en vigor, si a todos los predios los tasan al m\u00ednimo aumentar\u00eda el predial al m\u00e1s del 50 por ciento de la poblaci\u00f3n de Cuernavaca.<\/p>\n\n\n\n<p>Los representantes del Colegio de Valuadores de Morelos A.C. y del Colegio de Arquitectos de Morelos A.C., Guadalupe Lucio Ram\u00edrez Brugada y Alma Ch\u00e1vez Camacho, respectivamente, manifestaron que la actualizaci\u00f3n no pretende incrementar la carga recaudatoria a los contribuyentes del impuesto predial, al contrario, busca solventar una necesidad por el tiempo transcurrido, incrementando la plusval\u00eda de los terrenos, regulando su valor.<\/p>\n\n\n\n<p>Finalmente, Jos\u00e9 Luis Uri\u00f3stegui Salgado, pidi\u00f3 a cada una y uno de los integrantes de la Junta Local Catastral ayudarlos a socializar el tema desde sus respectivas representaciones, al ser el resultado de un trabajo en conjunto, en espera que para el mes de septiembre se d\u00e9 oportunidad por parte de diputadas y diputados del Congreso del Estado para hacer una visita al Congreso del Estado y hacer una exposici\u00f3n puntual donde se respondan a dudas y se aclaren inquietudes de los legisladores.<\/p>\n\n\n\n<figure class=\"wp-container-2 wp-block-gallery-1 wp-block-gallery has-nested-images columns-default is-cropped\">\n<figure class=\"wp-block-image size-large\"><img loading=\"lazy\" width=\"1024\" height=\"683\" data-id=\"16955\"  src=\"https:\/\/cuernavaca.gob.mx\/wp-content\/uploads\/2022\/08\/Actualizacio\u0301n-tablas-de-valores-01-1024x683.jpg\" alt=\"\" class=\"wp-image-16955\" srcset=\"https:\/\/cuernavaca.gob.mx\/wp-content\/uploads\/2022\/08\/Actualizacio\u0301n-tablas-de-valores-01-1024x683.jpg 1024w, https:\/\/cuernavaca.gob.mx\/wp-content\/uploads\/2022\/08\/Actualizacio\u0301n-tablas-de-valores-01-300x200.jpg 300w, https:\/\/cuernavaca.gob.mx\/wp-content\/uploads\/2022\/08\/Actualizacio\u0301n-tablas-de-valores-01-768x512.jpg 768w, https:\/\/cuernavaca.gob.mx\/wp-content\/uploads\/2022\/08\/Actualizacio\u0301n-tablas-de-valores-01-1536x1024.jpg 1536w, https:\/\/cuernavaca.gob.mx\/wp-content\/uploads\/2022\/08\/Actualizacio\u0301n-tablas-de-valores-01-600x400.jpg 600w, https:\/\/cuernavaca.gob.mx\/wp-content\/uploads\/2022\/08\/Actualizacio\u0301n-tablas-de-valores-01-560x373.jpg 560w, https:\/\/cuernavaca.gob.mx\/wp-content\/uploads\/2022\/08\/Actualizacio\u0301n-tablas-de-valores-01.jpg 1599w\" sizes=\"(max-width: 1024px) 100vw, 1024px\" \/><\/figure>\n\n\n\n<figure class=\"wp-block-image size-large\"><img loading=\"lazy\" width=\"1024\" height=\"683\" data-id=\"16957\"  src=\"https:\/\/cuernavaca.gob.mx\/wp-content\/uploads\/2022\/08\/Actualizacio\u0301n-tablas-de-valores-02-1024x683.jpg\" alt=\"\" class=\"wp-image-16957\" srcset=\"https:\/\/cuernavaca.gob.mx\/wp-content\/uploads\/2022\/08\/Actualizacio\u0301n-tablas-de-valores-02-1024x683.jpg 1024w, https:\/\/cuernavaca.gob.mx\/wp-content\/uploads\/2022\/08\/Actualizacio\u0301n-tablas-de-valores-02-300x200.jpg 300w, https:\/\/cuernavaca.gob.mx\/wp-content\/uploads\/2022\/08\/Actualizacio\u0301n-tablas-de-valores-02-768x512.jpg 768w, https:\/\/cuernavaca.gob.mx\/wp-content\/uploads\/2022\/08\/Actualizacio\u0301n-tablas-de-valores-02-1536x1024.jpg 1536w, https:\/\/cuernavaca.gob.mx\/wp-content\/uploads\/2022\/08\/Actualizacio\u0301n-tablas-de-valores-02-600x400.jpg 600w, https:\/\/cuernavaca.gob.mx\/wp-content\/uploads\/2022\/08\/Actualizacio\u0301n-tablas-de-valores-02-560x373.jpg 560w, https:\/\/cuernavaca.gob.mx\/wp-content\/uploads\/2022\/08\/Actualizacio\u0301n-tablas-de-valores-02.jpg 1599w\" sizes=\"(max-width: 1024px) 100vw, 1024px\" \/><\/figure>\n\n\n\n<figure class=\"wp-block-image size-large\"><img loading=\"lazy\" width=\"1024\" height=\"683\" data-id=\"16956\"  src=\"https:\/\/cuernavaca.gob.mx\/wp-content\/uploads\/2022\/08\/Actualizacio\u0301n-tablas-de-valores-03-1024x683.jpg\" alt=\"\" class=\"wp-image-16956\" srcset=\"https:\/\/cuernavaca.gob.mx\/wp-content\/uploads\/2022\/08\/Actualizacio\u0301n-tablas-de-valores-03-1024x683.jpg 1024w, https:\/\/cuernavaca.gob.mx\/wp-content\/uploads\/2022\/08\/Actualizacio\u0301n-tablas-de-valores-03-300x200.jpg 300w, https:\/\/cuernavaca.gob.mx\/wp-content\/uploads\/2022\/08\/Actualizacio\u0301n-tablas-de-valores-03-768x512.jpg 768w, https:\/\/cuernavaca.gob.mx\/wp-content\/uploads\/2022\/08\/Actualizacio\u0301n-tablas-de-valores-03-1536x1024.jpg 1536w, https:\/\/cuernavaca.gob.mx\/wp-content\/uploads\/2022\/08\/Actualizacio\u0301n-tablas-de-valores-03-600x400.jpg 600w, https:\/\/cuernavaca.gob.mx\/wp-content\/uploads\/2022\/08\/Actualizacio\u0301n-tablas-de-valores-03-560x373.jpg 560w, https:\/\/cuernavaca.gob.mx\/wp-content\/uploads\/2022\/08\/Actualizacio\u0301n-tablas-de-valores-03.jpg 1599w\" sizes=\"(max-width: 1024px) 100vw, 1024px\" \/><\/figure>\n\n\n\n<figure class=\"wp-block-image size-large\"><img loading=\"lazy\" width=\"1024\" height=\"683\" data-id=\"16954\"  src=\"https:\/\/cuernavaca.gob.mx\/wp-content\/uploads\/2022\/08\/Actualizacio\u0301n-tablas-de-valores-04-1024x683.jpg\" alt=\"\" class=\"wp-image-16954\" srcset=\"https:\/\/cuernavaca.gob.mx\/wp-content\/uploads\/2022\/08\/Actualizacio\u0301n-tablas-de-valores-04-1024x683.jpg 1024w, https:\/\/cuernavaca.gob.mx\/wp-content\/uploads\/2022\/08\/Actualizacio\u0301n-tablas-de-valores-04-300x200.jpg 300w, https:\/\/cuernavaca.gob.mx\/wp-content\/uploads\/2022\/08\/Actualizacio\u0301n-tablas-de-valores-04-768x512.jpg 768w, https:\/\/cuernavaca.gob.mx\/wp-content\/uploads\/2022\/08\/Actualizacio\u0301n-tablas-de-valores-04-1536x1024.jpg 1536w, https:\/\/cuernavaca.gob.mx\/wp-content\/uploads\/2022\/08\/Actualizacio\u0301n-tablas-de-valores-04-600x400.jpg 600w, https:\/\/cuernavaca.gob.mx\/wp-content\/uploads\/2022\/08\/Actualizacio\u0301n-tablas-de-valores-04-560x373.jpg 560w, https:\/\/cuernavaca.gob.mx\/wp-content\/uploads\/2022\/08\/Actualizacio\u0301n-tablas-de-valores-04.jpg 1599w\" sizes=\"(max-width: 1024px) 100vw, 1024px\" \/><\/figure>\n<\/figure>\n","protected":false},"excerpt":{"rendered":"<p>Representantes de Colegios y Asociaciones de Arquitectos, Valuadores, Ingenieros Civiles y Notarios respaldaron la actualizaci\u00f3n Las Tablas de Valores Unitarios de Suelo y Construcci\u00f3n dar\u00e1n certeza jur\u00eddica sobre la tenencia de la tierra Integrantes de la Junta Local Catastral de Cuernavaca, cuerpo colegiado conformado por representantes de Colegios y Asociaciones de Arquitectos, Valuadores, Ingenieros Civiles, [&hellip;]<\/p>\n","protected":false},"author":1,"featured_media":16955,"comment_status":"closed","ping_status":"closed","sticky":false,"template":"","format":"standard","meta":[],"categories":[20],"tags":[2026,622,121,120,137,470],"aioseo_notices":[],"_links":{"self":[{"href":"https:\/\/cuernavaca.gob.mx\/index.php?rest_route=\/wp\/v2\/posts\/16953"}],"collection":[{"href":"https:\/\/cuernavaca.gob.mx\/index.php?rest_route=\/wp\/v2\/posts"}],"about":[{"href":"https:\/\/cuernavaca.gob.mx\/index.php?rest_route=\/wp\/v2\/types\/post"}],"author":[{"embeddable":true,"href":"https:\/\/cuernavaca.gob.mx\/index.php?rest_route=\/wp\/v2\/users\/1"}],"replies":[{"embeddable":true,"href":"https:\/\/cuernavaca.gob.mx\/index.php?rest_route=%2Fwp%2Fv2%2Fcomments&post=16953"}],"version-history":[{"count":1,"href":"https:\/\/cuernavaca.gob.mx\/index.php?rest_route=\/wp\/v2\/posts\/16953\/revisions"}],"predecessor-version":[{"id":16958,"href":"https:\/\/cuernavaca.gob.mx\/index.php?rest_route=\/wp\/v2\/posts\/16953\/revisions\/16958"}],"wp:featuredmedia":[{"embeddable":true,"href":"https:\/\/cuernavaca.gob.mx\/index.php?rest_route=\/wp\/v2\/media\/16955"}],"wp:attachment":[{"href":"https:\/\/cuernavaca.gob.mx\/index.php?rest_route=%2Fwp%2Fv2%2Fmedia&parent=16953"}],"wp:term":[{"taxonomy":"category","embeddable":true,"href":"https:\/\/cuernavaca.gob.mx\/index.php?rest_route=%2Fwp%2Fv2%2Fcategories&post=16953"},{"taxonomy":"post_tag","embeddable":true,"href":"https:\/\/cuernavaca.gob.mx\/index.php?rest_route=%2Fwp%2Fv2%2Ftags&post=16953"}],"curies":[{"name":"wp","href":"https:\/\/api.w.org\/{rel}","templated":true}]}}