{"id":16970,"date":"2022-08-07T11:00:00","date_gmt":"2022-08-07T16:00:00","guid":{"rendered":"https:\/\/cuernavaca.gob.mx\/?p=16970"},"modified":"2025-05-06T12:06:09","modified_gmt":"2025-05-06T18:06:09","slug":"f138-07-08-22-capacitan-a-servidores-publicos-del-ayuntamiento-de-cuernavaca-en-derechos-humanos","status":"publish","type":"post","link":"https:\/\/cuernavaca.gob.mx\/?p=16970","title":{"rendered":"F138 07\/08\/22 CAPACITAN A SERVIDORES P\u00daBLICOS DEL AYUNTAMIENTO DE CUERNAVACA EN DERECHOS HUMANOS"},"content":{"rendered":"\n<p>Como parte de la capacitaci\u00f3n continua que se brinda a las y los servidores p\u00fablicos, mejorando los mecanismos de atenci\u00f3n, la Sindicatura Municipal de Cuernavaca encabeza un seminario que da promoci\u00f3n, capacitaci\u00f3n, ense\u00f1anza y actualizaci\u00f3n en materia de derechos humanos, poniendo en el centro de las pol\u00edticas p\u00fablicas a las y los cuernavacenses.<\/p>\n\n\n\n<p>Con el apoyo de la Comisi\u00f3n de Derechos Humanos del Estado de Morelos (CDHM), distintas \u00e1reas de del Ayuntamiento de Cuernavaca se vieron representadas en este curso que durar\u00e1 tres d\u00edas, fomentando e impulsando una cultura de respeto a los derechos fundamentales de la poblaci\u00f3n sin discriminaci\u00f3n.<\/p>\n\n\n\n<p>La s\u00edndica municipal, Ver\u00f3nica Atenco P\u00e9rez, explic\u00f3 que este seminario se dio a ra\u00edz de sostener mesas de trabajo con la CDHM, resaltando la necesidad de garantizar en el Gobierno Municipal el respeto a la dignidad de todas las personas a trav\u00e9s de una educaci\u00f3n continua sobre los derechos humanos, desde los juzgados c\u00edvicos hasta la administraci\u00f3n central y sus organismos descentralizados.<\/p>\n\n\n\n<p>\u201cComo servidores p\u00fablicos debemos estar preparados para atender a la poblaci\u00f3n, a final de cuentas nosotros atendemos a las ciudadanas y ciudadanos, y, en este sentido, debemos estar bien capacitados, incluir un lenguaje que este dirigido a todas y todos\u201d, reconoci\u00f3.<\/p>\n\n\n\n<figure class=\"wp-container-2 wp-block-gallery-1 wp-block-gallery has-nested-images columns-default is-cropped\">\n<figure class=\"wp-block-image size-large\"><img loading=\"lazy\" width=\"1024\" height=\"683\" data-id=\"16973\"  src=\"https:\/\/cuernavaca.gob.mx\/wp-content\/uploads\/2022\/08\/Capacitacio\u0301n-Servidores-Pu\u0301blicos-01-1024x683.jpg\" alt=\"\" class=\"wp-image-16973\" srcset=\"https:\/\/cuernavaca.gob.mx\/wp-content\/uploads\/2022\/08\/Capacitacio\u0301n-Servidores-Pu\u0301blicos-01-1024x683.jpg 1024w, https:\/\/cuernavaca.gob.mx\/wp-content\/uploads\/2022\/08\/Capacitacio\u0301n-Servidores-Pu\u0301blicos-01-300x200.jpg 300w, https:\/\/cuernavaca.gob.mx\/wp-content\/uploads\/2022\/08\/Capacitacio\u0301n-Servidores-Pu\u0301blicos-01-768x512.jpg 768w, https:\/\/cuernavaca.gob.mx\/wp-content\/uploads\/2022\/08\/Capacitacio\u0301n-Servidores-Pu\u0301blicos-01-1536x1024.jpg 1536w, https:\/\/cuernavaca.gob.mx\/wp-content\/uploads\/2022\/08\/Capacitacio\u0301n-Servidores-Pu\u0301blicos-01-600x400.jpg 600w, https:\/\/cuernavaca.gob.mx\/wp-content\/uploads\/2022\/08\/Capacitacio\u0301n-Servidores-Pu\u0301blicos-01-560x373.jpg 560w, https:\/\/cuernavaca.gob.mx\/wp-content\/uploads\/2022\/08\/Capacitacio\u0301n-Servidores-Pu\u0301blicos-01.jpg 1599w\" sizes=\"(max-width: 1024px) 100vw, 1024px\" \/><\/figure>\n\n\n\n<figure class=\"wp-block-image size-large\"><img loading=\"lazy\" width=\"1024\" height=\"683\" data-id=\"16972\"  src=\"https:\/\/cuernavaca.gob.mx\/wp-content\/uploads\/2022\/08\/Capacitacio\u0301n-Servidores-Pu\u0301blicos-02-1024x683.jpg\" alt=\"\" class=\"wp-image-16972\" srcset=\"https:\/\/cuernavaca.gob.mx\/wp-content\/uploads\/2022\/08\/Capacitacio\u0301n-Servidores-Pu\u0301blicos-02-1024x683.jpg 1024w, https:\/\/cuernavaca.gob.mx\/wp-content\/uploads\/2022\/08\/Capacitacio\u0301n-Servidores-Pu\u0301blicos-02-300x200.jpg 300w, https:\/\/cuernavaca.gob.mx\/wp-content\/uploads\/2022\/08\/Capacitacio\u0301n-Servidores-Pu\u0301blicos-02-768x512.jpg 768w, https:\/\/cuernavaca.gob.mx\/wp-content\/uploads\/2022\/08\/Capacitacio\u0301n-Servidores-Pu\u0301blicos-02-1536x1024.jpg 1536w, https:\/\/cuernavaca.gob.mx\/wp-content\/uploads\/2022\/08\/Capacitacio\u0301n-Servidores-Pu\u0301blicos-02-600x400.jpg 600w, https:\/\/cuernavaca.gob.mx\/wp-content\/uploads\/2022\/08\/Capacitacio\u0301n-Servidores-Pu\u0301blicos-02-560x373.jpg 560w, https:\/\/cuernavaca.gob.mx\/wp-content\/uploads\/2022\/08\/Capacitacio\u0301n-Servidores-Pu\u0301blicos-02.jpg 1599w\" sizes=\"(max-width: 1024px) 100vw, 1024px\" \/><\/figure>\n\n\n\n<figure class=\"wp-block-image size-large\"><img loading=\"lazy\" width=\"1024\" height=\"683\" data-id=\"16971\"  src=\"https:\/\/cuernavaca.gob.mx\/wp-content\/uploads\/2022\/08\/Capacitacio\u0301n-Servidores-Pu\u0301blicos-03-1024x683.jpg\" alt=\"\" class=\"wp-image-16971\" srcset=\"https:\/\/cuernavaca.gob.mx\/wp-content\/uploads\/2022\/08\/Capacitacio\u0301n-Servidores-Pu\u0301blicos-03-1024x683.jpg 1024w, https:\/\/cuernavaca.gob.mx\/wp-content\/uploads\/2022\/08\/Capacitacio\u0301n-Servidores-Pu\u0301blicos-03-300x200.jpg 300w, https:\/\/cuernavaca.gob.mx\/wp-content\/uploads\/2022\/08\/Capacitacio\u0301n-Servidores-Pu\u0301blicos-03-768x512.jpg 768w, https:\/\/cuernavaca.gob.mx\/wp-content\/uploads\/2022\/08\/Capacitacio\u0301n-Servidores-Pu\u0301blicos-03-1536x1024.jpg 1536w, https:\/\/cuernavaca.gob.mx\/wp-content\/uploads\/2022\/08\/Capacitacio\u0301n-Servidores-Pu\u0301blicos-03-600x400.jpg 600w, https:\/\/cuernavaca.gob.mx\/wp-content\/uploads\/2022\/08\/Capacitacio\u0301n-Servidores-Pu\u0301blicos-03-560x373.jpg 560w, https:\/\/cuernavaca.gob.mx\/wp-content\/uploads\/2022\/08\/Capacitacio\u0301n-Servidores-Pu\u0301blicos-03.jpg 1599w\" sizes=\"(max-width: 1024px) 100vw, 1024px\" \/><\/figure>\n\n\n\n<figure class=\"wp-block-image size-large\"><img loading=\"lazy\" width=\"1024\" height=\"683\" data-id=\"16974\"  src=\"https:\/\/cuernavaca.gob.mx\/wp-content\/uploads\/2022\/08\/Capacitacio\u0301n-Servidores-Pu\u0301blicos-04-1024x683.jpg\" alt=\"\" class=\"wp-image-16974\" srcset=\"https:\/\/cuernavaca.gob.mx\/wp-content\/uploads\/2022\/08\/Capacitacio\u0301n-Servidores-Pu\u0301blicos-04-1024x683.jpg 1024w, https:\/\/cuernavaca.gob.mx\/wp-content\/uploads\/2022\/08\/Capacitacio\u0301n-Servidores-Pu\u0301blicos-04-300x200.jpg 300w, https:\/\/cuernavaca.gob.mx\/wp-content\/uploads\/2022\/08\/Capacitacio\u0301n-Servidores-Pu\u0301blicos-04-768x512.jpg 768w, https:\/\/cuernavaca.gob.mx\/wp-content\/uploads\/2022\/08\/Capacitacio\u0301n-Servidores-Pu\u0301blicos-04-1536x1024.jpg 1536w, https:\/\/cuernavaca.gob.mx\/wp-content\/uploads\/2022\/08\/Capacitacio\u0301n-Servidores-Pu\u0301blicos-04-600x400.jpg 600w, https:\/\/cuernavaca.gob.mx\/wp-content\/uploads\/2022\/08\/Capacitacio\u0301n-Servidores-Pu\u0301blicos-04-560x373.jpg 560w, https:\/\/cuernavaca.gob.mx\/wp-content\/uploads\/2022\/08\/Capacitacio\u0301n-Servidores-Pu\u0301blicos-04.jpg 1599w\" sizes=\"(max-width: 1024px) 100vw, 1024px\" \/><\/figure>\n<\/figure>\n","protected":false},"excerpt":{"rendered":"<p>Como parte de la capacitaci\u00f3n continua que se brinda a las y los servidores p\u00fablicos, mejorando los mecanismos de atenci\u00f3n, la Sindicatura Municipal de Cuernavaca encabeza un seminario que da promoci\u00f3n, capacitaci\u00f3n, ense\u00f1anza y actualizaci\u00f3n en materia de derechos humanos, poniendo en el centro de las pol\u00edticas p\u00fablicas a las y los cuernavacenses. Con el [&hellip;]<\/p>\n","protected":false},"author":1,"featured_media":16973,"comment_status":"closed","ping_status":"closed","sticky":false,"template":"","format":"standard","meta":[],"categories":[20],"tags":[158,681,2027,121,120,1574],"aioseo_notices":[],"_links":{"self":[{"href":"https:\/\/cuernavaca.gob.mx\/index.php?rest_route=\/wp\/v2\/posts\/16970"}],"collection":[{"href":"https:\/\/cuernavaca.gob.mx\/index.php?rest_route=\/wp\/v2\/posts"}],"about":[{"href":"https:\/\/cuernavaca.gob.mx\/index.php?rest_route=\/wp\/v2\/types\/post"}],"author":[{"embeddable":true,"href":"https:\/\/cuernavaca.gob.mx\/index.php?rest_route=\/wp\/v2\/users\/1"}],"replies":[{"embeddable":true,"href":"https:\/\/cuernavaca.gob.mx\/index.php?rest_route=%2Fwp%2Fv2%2Fcomments&post=16970"}],"version-history":[{"count":1,"href":"https:\/\/cuernavaca.gob.mx\/index.php?rest_route=\/wp\/v2\/posts\/16970\/revisions"}],"predecessor-version":[{"id":16975,"href":"https:\/\/cuernavaca.gob.mx\/index.php?rest_route=\/wp\/v2\/posts\/16970\/revisions\/16975"}],"wp:featuredmedia":[{"embeddable":true,"href":"https:\/\/cuernavaca.gob.mx\/index.php?rest_route=\/wp\/v2\/media\/16973"}],"wp:attachment":[{"href":"https:\/\/cuernavaca.gob.mx\/index.php?rest_route=%2Fwp%2Fv2%2Fmedia&parent=16970"}],"wp:term":[{"taxonomy":"category","embeddable":true,"href":"https:\/\/cuernavaca.gob.mx\/index.php?rest_route=%2Fwp%2Fv2%2Fcategories&post=16970"},{"taxonomy":"post_tag","embeddable":true,"href":"https:\/\/cuernavaca.gob.mx\/index.php?rest_route=%2Fwp%2Fv2%2Ftags&post=16970"}],"curies":[{"name":"wp","href":"https:\/\/api.w.org\/{rel}","templated":true}]}}