{"id":16979,"date":"2022-08-07T13:00:00","date_gmt":"2022-08-07T18:00:00","guid":{"rendered":"https:\/\/cuernavaca.gob.mx\/?p=16979"},"modified":"2025-05-06T12:06:09","modified_gmt":"2025-05-06T18:06:09","slug":"b470-07-08-22-arranco-la-expo-pan-artesanal-cuernavaca-2022-en-el-centro-historico","status":"publish","type":"post","link":"https:\/\/cuernavaca.gob.mx\/?p=16979","title":{"rendered":"B470 07\/08\/22 ARRANC\u00d3 LA EXPO PAN ARTESANAL CUERNAVACA 2022 EN EL CENTRO HIST\u00d3RICO"},"content":{"rendered":"\n<p><strong>La calle de Jard\u00edn Ju\u00e1rez alberga a 31 expositores, que del s\u00e1bado 06 al domingo 14 de agosto, ofertar\u00e1n productos y talleres para elaborarlos<\/strong><\/p>\n\n\n\n<p><strong>Productores de pan artesanal reconocieron el apoyo del Gobierno Municipal para llevar a cabo esta actividad que genera desarrollo econ\u00f3mico en la ciudad<\/strong><\/p>\n\n\n\n<p>Con la presencia de 31 productores de pan artesanal y distintos expositores de otras ramas productivas del sector primario en Cuernavaca, el presidente municipal, Jos\u00e9 Luis Uri\u00f3stegui Salgado inaugur\u00f3 este domingo la 13a. edici\u00f3n de la Expo Pan Artesanal 2022, que hasta el pr\u00f3ximo domingo 14 de agosto contar\u00e1 en calle Jard\u00edn Ju\u00e1rez del Centro Hist\u00f3rico con una gran variedad de pan representativo y tradicional de la ciudad, ofertando productos para todos los gustos, as\u00ed como distintos talleres.<\/p>\n\n\n\n<p>Jos\u00e9 Luis Uri\u00f3stegui reconoci\u00f3 el esfuerzo del sector productivo que en mancuerna con la autoridad municipal buscan mover la econom\u00eda en la ciudad a trav\u00e9s de estas actividades donde los asistentes encontrar\u00e1n desde pan artesanal hasta conchas tradicionales, pan gourmet, rellenos, los elaborado con sustituto de az\u00facar, y otros que son originarios del municipio, como el pan de pulque, el pan de nata o el pan de an\u00eds con piloncillo.<\/p>\n\n\n\n<p>&#8220;Necesitamos que eventos como estos que ayudan a la poblaci\u00f3n a generar ingresos y a promover el turismo, sigan siendo recurrentes&#8221;, puntual\u00edzalo el alcalde capitalino ante los asistentes a esta Expo Pan Artesanal Cuernavaca 2022, que, si bien dio inicio desde el pasado s\u00e1bado 06 de agosto, fue este domingo cuando todos los integrantes de Sistemas Producto invitados mostraron de manera amplia sus productos, que muestran el potencial con el que cuenta la capital del estado en este sector.<\/p>\n\n\n\n<p>Al uso de la palabra, la regidora presidenta de la Comisi\u00f3n de Desarrollo Agropecuario, Paz Hern\u00e1ndez Pardo, afirm\u00f3 que todo el trabajo que se realiza en la administraci\u00f3n municipal es por ver una Cuernavaca diferente, que renazca brindando espacios seguros donde las familias puedan pasar un rato agradable de convivencia, como es la Expo Pan Artesanal 2022.<\/p>\n\n\n\n<p>Entre aromas y sabores que han cautivado a ciudadanos y paseantes, el presidente de los productores de pan artesanal en Cuernavaca, Jorge Hern\u00e1ndez Garc\u00eda, agradeci\u00f3 el respaldo del Gobierno Municipal para llevar a cabo esta 13a. edici\u00f3n, que, confirm\u00f3, ha registrado un gran afluencia en dos d\u00edas pero requieren m\u00e1s espacios para realizar estos eventos en colonias y poblados generando econom\u00eda en la capital del estado y que son una muestra del esfuerzo que se puede tener entre las autoridades y el sector productivo.<\/p>\n\n\n\n<p>La Expo Pan Artesanal 2022 se realizar\u00e1 en un horario de 09:00 a 22:00 horas, donde los asistentes podr\u00e1n participar tambi\u00e9n en talleres de reposter\u00eda los d\u00edas 10, 11 y 12 de agosto a las 11:00 horas; adem\u00e1s de encontrar art\u00edculos del sector ap\u00edcola, f\u00fangicola, aguacatero, ornamental, entre otros, ofreciendo productos de primer nivel y con excelente calidad, que han posicionado a Cuernavaca a nivel nacional.<\/p>\n\n\n\n<p>Tras recorrer los stands de la Expo Pan Artesanal 2022 y desearles \u00e9xito a los expositores acompa\u00f1ado del secretario de Desarrollo Econ\u00f3mico y Turismo de Cuernavaca, Humberto Paladino Valdovinos; la diputada local por el I Distrito, Andrea Gordillo Vega; y la representaci\u00f3n del diputado por el II Distrito, \u00c1ngel Adame Jim\u00e9nez, los productores le cantaron las ma\u00f1anitas y partieron un pastel al presidente municipal por su cumplea\u00f1os, conviviendo con la misma poblaci\u00f3n presente, que no dej\u00f3 pasar la oportunidad de tomarse una fotograf\u00eda con el alcalde capitalino, quien escuch\u00f3 y atendi\u00f3 sus peticiones.<\/p>\n\n\n\n<figure class=\"wp-container-2 wp-block-gallery-1 wp-block-gallery has-nested-images columns-default is-cropped\">\n<figure class=\"wp-block-image size-large\"><img loading=\"lazy\" width=\"1024\" height=\"682\" data-id=\"16981\"  src=\"https:\/\/cuernavaca.gob.mx\/wp-content\/uploads\/2022\/08\/Expo-Pan-Artesanal-01-1024x682.jpg\" alt=\"\" class=\"wp-image-16981\" srcset=\"https:\/\/cuernavaca.gob.mx\/wp-content\/uploads\/2022\/08\/Expo-Pan-Artesanal-01-1024x682.jpg 1024w, https:\/\/cuernavaca.gob.mx\/wp-content\/uploads\/2022\/08\/Expo-Pan-Artesanal-01-300x200.jpg 300w, https:\/\/cuernavaca.gob.mx\/wp-content\/uploads\/2022\/08\/Expo-Pan-Artesanal-01-768x512.jpg 768w, https:\/\/cuernavaca.gob.mx\/wp-content\/uploads\/2022\/08\/Expo-Pan-Artesanal-01-600x400.jpg 600w, https:\/\/cuernavaca.gob.mx\/wp-content\/uploads\/2022\/08\/Expo-Pan-Artesanal-01-560x373.jpg 560w, https:\/\/cuernavaca.gob.mx\/wp-content\/uploads\/2022\/08\/Expo-Pan-Artesanal-01.jpg 1280w\" sizes=\"(max-width: 1024px) 100vw, 1024px\" \/><\/figure>\n\n\n\n<figure class=\"wp-block-image size-large\"><img loading=\"lazy\" width=\"1024\" height=\"682\" data-id=\"16982\"  src=\"https:\/\/cuernavaca.gob.mx\/wp-content\/uploads\/2022\/08\/Expo-Pan-Artesanal-02-1024x682.jpg\" alt=\"\" class=\"wp-image-16982\" srcset=\"https:\/\/cuernavaca.gob.mx\/wp-content\/uploads\/2022\/08\/Expo-Pan-Artesanal-02-1024x682.jpg 1024w, https:\/\/cuernavaca.gob.mx\/wp-content\/uploads\/2022\/08\/Expo-Pan-Artesanal-02-300x200.jpg 300w, https:\/\/cuernavaca.gob.mx\/wp-content\/uploads\/2022\/08\/Expo-Pan-Artesanal-02-768x512.jpg 768w, https:\/\/cuernavaca.gob.mx\/wp-content\/uploads\/2022\/08\/Expo-Pan-Artesanal-02-600x400.jpg 600w, https:\/\/cuernavaca.gob.mx\/wp-content\/uploads\/2022\/08\/Expo-Pan-Artesanal-02-560x373.jpg 560w, https:\/\/cuernavaca.gob.mx\/wp-content\/uploads\/2022\/08\/Expo-Pan-Artesanal-02.jpg 1280w\" sizes=\"(max-width: 1024px) 100vw, 1024px\" \/><\/figure>\n\n\n\n<figure class=\"wp-block-image size-large\"><img loading=\"lazy\" width=\"1024\" height=\"682\" data-id=\"16986\"  src=\"https:\/\/cuernavaca.gob.mx\/wp-content\/uploads\/2022\/08\/Expo-Pan-Artesanal-03-1024x682.jpg\" alt=\"\" class=\"wp-image-16986\" srcset=\"https:\/\/cuernavaca.gob.mx\/wp-content\/uploads\/2022\/08\/Expo-Pan-Artesanal-03-1024x682.jpg 1024w, https:\/\/cuernavaca.gob.mx\/wp-content\/uploads\/2022\/08\/Expo-Pan-Artesanal-03-300x200.jpg 300w, https:\/\/cuernavaca.gob.mx\/wp-content\/uploads\/2022\/08\/Expo-Pan-Artesanal-03-768x512.jpg 768w, https:\/\/cuernavaca.gob.mx\/wp-content\/uploads\/2022\/08\/Expo-Pan-Artesanal-03-600x400.jpg 600w, https:\/\/cuernavaca.gob.mx\/wp-content\/uploads\/2022\/08\/Expo-Pan-Artesanal-03-560x373.jpg 560w, https:\/\/cuernavaca.gob.mx\/wp-content\/uploads\/2022\/08\/Expo-Pan-Artesanal-03.jpg 1280w\" sizes=\"(max-width: 1024px) 100vw, 1024px\" \/><\/figure>\n\n\n\n<figure class=\"wp-block-image size-large\"><img loading=\"lazy\" width=\"1024\" height=\"682\" data-id=\"16984\"  src=\"https:\/\/cuernavaca.gob.mx\/wp-content\/uploads\/2022\/08\/Expo-Pan-Artesanal-04-1024x682.jpg\" alt=\"\" class=\"wp-image-16984\" srcset=\"https:\/\/cuernavaca.gob.mx\/wp-content\/uploads\/2022\/08\/Expo-Pan-Artesanal-04-1024x682.jpg 1024w, https:\/\/cuernavaca.gob.mx\/wp-content\/uploads\/2022\/08\/Expo-Pan-Artesanal-04-300x200.jpg 300w, https:\/\/cuernavaca.gob.mx\/wp-content\/uploads\/2022\/08\/Expo-Pan-Artesanal-04-768x512.jpg 768w, https:\/\/cuernavaca.gob.mx\/wp-content\/uploads\/2022\/08\/Expo-Pan-Artesanal-04-600x400.jpg 600w, https:\/\/cuernavaca.gob.mx\/wp-content\/uploads\/2022\/08\/Expo-Pan-Artesanal-04-560x373.jpg 560w, https:\/\/cuernavaca.gob.mx\/wp-content\/uploads\/2022\/08\/Expo-Pan-Artesanal-04.jpg 1280w\" sizes=\"(max-width: 1024px) 100vw, 1024px\" \/><\/figure>\n\n\n\n<figure class=\"wp-block-image size-large\"><img loading=\"lazy\" width=\"1024\" height=\"682\" data-id=\"16983\"  src=\"https:\/\/cuernavaca.gob.mx\/wp-content\/uploads\/2022\/08\/Expo-Pan-Artesanal-05-1024x682.jpg\" alt=\"\" class=\"wp-image-16983\" srcset=\"https:\/\/cuernavaca.gob.mx\/wp-content\/uploads\/2022\/08\/Expo-Pan-Artesanal-05-1024x682.jpg 1024w, https:\/\/cuernavaca.gob.mx\/wp-content\/uploads\/2022\/08\/Expo-Pan-Artesanal-05-300x200.jpg 300w, https:\/\/cuernavaca.gob.mx\/wp-content\/uploads\/2022\/08\/Expo-Pan-Artesanal-05-768x512.jpg 768w, https:\/\/cuernavaca.gob.mx\/wp-content\/uploads\/2022\/08\/Expo-Pan-Artesanal-05-600x400.jpg 600w, https:\/\/cuernavaca.gob.mx\/wp-content\/uploads\/2022\/08\/Expo-Pan-Artesanal-05-560x373.jpg 560w, https:\/\/cuernavaca.gob.mx\/wp-content\/uploads\/2022\/08\/Expo-Pan-Artesanal-05.jpg 1280w\" sizes=\"(max-width: 1024px) 100vw, 1024px\" \/><\/figure>\n\n\n\n<figure class=\"wp-block-image size-large\"><img loading=\"lazy\" width=\"1024\" height=\"682\" data-id=\"16985\"  src=\"https:\/\/cuernavaca.gob.mx\/wp-content\/uploads\/2022\/08\/Expo-Pan-Artesanal-06-1024x682.jpg\" alt=\"\" class=\"wp-image-16985\" srcset=\"https:\/\/cuernavaca.gob.mx\/wp-content\/uploads\/2022\/08\/Expo-Pan-Artesanal-06-1024x682.jpg 1024w, https:\/\/cuernavaca.gob.mx\/wp-content\/uploads\/2022\/08\/Expo-Pan-Artesanal-06-300x200.jpg 300w, https:\/\/cuernavaca.gob.mx\/wp-content\/uploads\/2022\/08\/Expo-Pan-Artesanal-06-768x512.jpg 768w, https:\/\/cuernavaca.gob.mx\/wp-content\/uploads\/2022\/08\/Expo-Pan-Artesanal-06-600x400.jpg 600w, https:\/\/cuernavaca.gob.mx\/wp-content\/uploads\/2022\/08\/Expo-Pan-Artesanal-06-560x373.jpg 560w, https:\/\/cuernavaca.gob.mx\/wp-content\/uploads\/2022\/08\/Expo-Pan-Artesanal-06.jpg 1280w\" sizes=\"(max-width: 1024px) 100vw, 1024px\" \/><\/figure>\n\n\n\n<figure class=\"wp-block-image size-large\"><img loading=\"lazy\" width=\"1024\" height=\"682\" data-id=\"16987\"  src=\"https:\/\/cuernavaca.gob.mx\/wp-content\/uploads\/2022\/08\/Expo-Pan-Artesanal-07-1024x682.jpg\" alt=\"\" class=\"wp-image-16987\" srcset=\"https:\/\/cuernavaca.gob.mx\/wp-content\/uploads\/2022\/08\/Expo-Pan-Artesanal-07-1024x682.jpg 1024w, https:\/\/cuernavaca.gob.mx\/wp-content\/uploads\/2022\/08\/Expo-Pan-Artesanal-07-300x200.jpg 300w, https:\/\/cuernavaca.gob.mx\/wp-content\/uploads\/2022\/08\/Expo-Pan-Artesanal-07-768x512.jpg 768w, https:\/\/cuernavaca.gob.mx\/wp-content\/uploads\/2022\/08\/Expo-Pan-Artesanal-07-600x400.jpg 600w, https:\/\/cuernavaca.gob.mx\/wp-content\/uploads\/2022\/08\/Expo-Pan-Artesanal-07-560x373.jpg 560w, https:\/\/cuernavaca.gob.mx\/wp-content\/uploads\/2022\/08\/Expo-Pan-Artesanal-07.jpg 1280w\" sizes=\"(max-width: 1024px) 100vw, 1024px\" \/><\/figure>\n\n\n\n<figure class=\"wp-block-image size-large\"><img loading=\"lazy\" width=\"1024\" height=\"682\" data-id=\"16988\"  src=\"https:\/\/cuernavaca.gob.mx\/wp-content\/uploads\/2022\/08\/Expo-Pan-Artesanal-08-1024x682.jpg\" alt=\"\" class=\"wp-image-16988\" srcset=\"https:\/\/cuernavaca.gob.mx\/wp-content\/uploads\/2022\/08\/Expo-Pan-Artesanal-08-1024x682.jpg 1024w, https:\/\/cuernavaca.gob.mx\/wp-content\/uploads\/2022\/08\/Expo-Pan-Artesanal-08-300x200.jpg 300w, https:\/\/cuernavaca.gob.mx\/wp-content\/uploads\/2022\/08\/Expo-Pan-Artesanal-08-768x512.jpg 768w, https:\/\/cuernavaca.gob.mx\/wp-content\/uploads\/2022\/08\/Expo-Pan-Artesanal-08-600x400.jpg 600w, https:\/\/cuernavaca.gob.mx\/wp-content\/uploads\/2022\/08\/Expo-Pan-Artesanal-08-560x373.jpg 560w, https:\/\/cuernavaca.gob.mx\/wp-content\/uploads\/2022\/08\/Expo-Pan-Artesanal-08.jpg 1280w\" sizes=\"(max-width: 1024px) 100vw, 1024px\" \/><\/figure>\n\n\n\n<figure class=\"wp-block-image size-large\"><img loading=\"lazy\" width=\"1024\" height=\"682\" data-id=\"16989\"  src=\"https:\/\/cuernavaca.gob.mx\/wp-content\/uploads\/2022\/08\/Expo-Pan-Artesanal-09-1024x682.jpg\" alt=\"\" class=\"wp-image-16989\" srcset=\"https:\/\/cuernavaca.gob.mx\/wp-content\/uploads\/2022\/08\/Expo-Pan-Artesanal-09-1024x682.jpg 1024w, https:\/\/cuernavaca.gob.mx\/wp-content\/uploads\/2022\/08\/Expo-Pan-Artesanal-09-300x200.jpg 300w, https:\/\/cuernavaca.gob.mx\/wp-content\/uploads\/2022\/08\/Expo-Pan-Artesanal-09-768x512.jpg 768w, https:\/\/cuernavaca.gob.mx\/wp-content\/uploads\/2022\/08\/Expo-Pan-Artesanal-09-600x400.jpg 600w, https:\/\/cuernavaca.gob.mx\/wp-content\/uploads\/2022\/08\/Expo-Pan-Artesanal-09-560x373.jpg 560w, https:\/\/cuernavaca.gob.mx\/wp-content\/uploads\/2022\/08\/Expo-Pan-Artesanal-09.jpg 1280w\" sizes=\"(max-width: 1024px) 100vw, 1024px\" \/><\/figure>\n<\/figure>\n","protected":false},"excerpt":{"rendered":"<p>La calle de Jard\u00edn Ju\u00e1rez alberga a 31 expositores, que del s\u00e1bado 06 al domingo 14 de agosto, ofertar\u00e1n productos y talleres para elaborarlos Productores de pan artesanal reconocieron el apoyo del Gobierno Municipal para llevar a cabo esta actividad que genera desarrollo econ\u00f3mico en la ciudad Con la presencia de 31 productores de pan [&hellip;]<\/p>\n","protected":false},"author":1,"featured_media":16988,"comment_status":"closed","ping_status":"closed","sticky":false,"template":"","format":"standard","meta":[],"categories":[20,21],"tags":[121,120,476,475,2028,2029,2030,194],"aioseo_notices":[],"_links":{"self":[{"href":"https:\/\/cuernavaca.gob.mx\/index.php?rest_route=\/wp\/v2\/posts\/16979"}],"collection":[{"href":"https:\/\/cuernavaca.gob.mx\/index.php?rest_route=\/wp\/v2\/posts"}],"about":[{"href":"https:\/\/cuernavaca.gob.mx\/index.php?rest_route=\/wp\/v2\/types\/post"}],"author":[{"embeddable":true,"href":"https:\/\/cuernavaca.gob.mx\/index.php?rest_route=\/wp\/v2\/users\/1"}],"replies":[{"embeddable":true,"href":"https:\/\/cuernavaca.gob.mx\/index.php?rest_route=%2Fwp%2Fv2%2Fcomments&post=16979"}],"version-history":[{"count":2,"href":"https:\/\/cuernavaca.gob.mx\/index.php?rest_route=\/wp\/v2\/posts\/16979\/revisions"}],"predecessor-version":[{"id":16990,"href":"https:\/\/cuernavaca.gob.mx\/index.php?rest_route=\/wp\/v2\/posts\/16979\/revisions\/16990"}],"wp:featuredmedia":[{"embeddable":true,"href":"https:\/\/cuernavaca.gob.mx\/index.php?rest_route=\/wp\/v2\/media\/16988"}],"wp:attachment":[{"href":"https:\/\/cuernavaca.gob.mx\/index.php?rest_route=%2Fwp%2Fv2%2Fmedia&parent=16979"}],"wp:term":[{"taxonomy":"category","embeddable":true,"href":"https:\/\/cuernavaca.gob.mx\/index.php?rest_route=%2Fwp%2Fv2%2Fcategories&post=16979"},{"taxonomy":"post_tag","embeddable":true,"href":"https:\/\/cuernavaca.gob.mx\/index.php?rest_route=%2Fwp%2Fv2%2Ftags&post=16979"}],"curies":[{"name":"wp","href":"https:\/\/api.w.org\/{rel}","templated":true}]}}