{"id":16999,"date":"2022-08-08T11:00:00","date_gmt":"2022-08-08T16:00:00","guid":{"rendered":"https:\/\/cuernavaca.gob.mx\/?p=16999"},"modified":"2025-05-06T12:06:09","modified_gmt":"2025-05-06T18:06:09","slug":"b472-08-08-22-mantiene-activa-jose-luis-uriostegui-politica-de-acercamiento-y-contacto-directo-con-la-poblacion","status":"publish","type":"post","link":"https:\/\/cuernavaca.gob.mx\/?p=16999","title":{"rendered":"B472 08\/08\/22 MANTIENE ACTIVA JOS\u00c9 LUIS URI\u00d3STEGUI POL\u00cdTICA DE ACERCAMIENTO Y CONTACTO DIRECTO CON LA POBLACI\u00d3N"},"content":{"rendered":"\n<p><strong>El presidente municipal de Cuernavaca acudi\u00f3 a reuni\u00f3n con vecinos del fraccionamiento Vista Hermosa secci\u00f3n II para atender solicitudes en servicios p\u00fablicos y obras emergentes<\/strong><\/p>\n\n\n\n<p><strong>Los vecinos muestran inter\u00e9s de participar con el Gobierno Municipal para que la ciudad contin\u00fae el proceso de rescate<\/strong><\/p>\n\n\n\n<p>Como parte de las peticiones que diversas asociaciones de colonos hacen al presidente municipal de Cuernavaca, Jos\u00e9 Luis Uri\u00f3stegui Salgado, para exponer las necesidades que tienen las diferentes zonas habitacionales de la ciudad, el alcalde capitalino visit\u00f3 el fraccionamiento Vista Hermosa secci\u00f3n II, donde escuch\u00f3 y tom\u00f3 nota de lo que, por falta de mantenimiento y abandono de anteriores administraciones, ha causado da\u00f1os en vialidades poblaci\u00f3n arb\u00f3rea.<\/p>\n\n\n\n<p>Acompa\u00f1ado del encargado de la Secretar\u00eda de Desarrollo Sustentable y Servicios P\u00fablicos, Jos\u00e9 Alfredo Rodr\u00edguez San Ciprian; y el secretario de Desarrollo Urbano y Obras P\u00fablicas, Alejandro Rosas L\u00f3pez, el alcalde capitalino, junto con un grupo de vecinos, recorri\u00f3 el fraccionamiento donde las solicitudes partieron en la poda de \u00e1rboles, as\u00ed como el reencarpetamiento o bacheo, particularmente del acceso y una calle aleda\u00f1a a la entrada.<\/p>\n\n\n\n<p>Jos\u00e9 Luis Uri\u00f3stegui expres\u00f3 que estos encuentros son parte de la pol\u00edtica de acercamiento y contacto directo con los diferentes sectores de la poblaci\u00f3n para atender, y de acuerdo a las condiciones del Ayuntamiento, solventar las necesidades de los habitantes, precisando que por ser este un fraccionamiento no est\u00e1n al margen de recibir servicios municipales, al ser personas que cumplen con sus obligaciones como contribuyentes, con quienes trabajar\u00e1n de manera coordinada para lograr embellecer no solo su zona de residencia, sino tambi\u00e9n la capital del estado.<\/p>\n\n\n\n<p>Los vecinos, que en su mayor\u00eda son personas jubiladas y retiradas de actividades laborales que buscan gestionar apoyos para la zona donde habitan, ofrecieron su respaldo con maquinaria y mano de obra para sumar esfuerzos en la ejecuci\u00f3n de los trabajos, reconociendo la situaci\u00f3n financiera que enfrenta la presente administraci\u00f3n y destacando que la presencia del alcalde animar\u00e1 a los dem\u00e1s residentes a participar en las acciones de mejora del fraccionamiento.<\/p>\n\n\n\n<p>Cabe se\u00f1alar que esta pr\u00e1ctica la ha mantenido Jos\u00e9 Luis Uri\u00f3stegui mucho antes de asumir la presidencia municipal, en este trato directo sin intermediarios con la ciudadan\u00eda, y lo refrend\u00f3 desde el primer d\u00eda al frente del Gobierno Municipal a trav\u00e9s de recorridos en las colonias, los Cabildos Abiertos y el programa de atenci\u00f3n ciudadana, \u201cEn di\u00e1logo con tu Alcalde\u201d, donde junto con regidoras, regidores y el Gabinete participan, escuchando y atendiendo de primera mano peticiones que existen en la ciudad.<\/p>\n\n\n\n<figure class=\"wp-container-2 wp-block-gallery-1 wp-block-gallery has-nested-images columns-default is-cropped\">\n<figure class=\"wp-block-image size-large\"><img loading=\"lazy\" width=\"1024\" height=\"682\" data-id=\"17002\"  src=\"https:\/\/cuernavaca.gob.mx\/wp-content\/uploads\/2022\/08\/Contacto-directo-JLUS-01-1024x682.jpg\" alt=\"\" class=\"wp-image-17002\" srcset=\"https:\/\/cuernavaca.gob.mx\/wp-content\/uploads\/2022\/08\/Contacto-directo-JLUS-01-1024x682.jpg 1024w, https:\/\/cuernavaca.gob.mx\/wp-content\/uploads\/2022\/08\/Contacto-directo-JLUS-01-300x200.jpg 300w, https:\/\/cuernavaca.gob.mx\/wp-content\/uploads\/2022\/08\/Contacto-directo-JLUS-01-768x512.jpg 768w, https:\/\/cuernavaca.gob.mx\/wp-content\/uploads\/2022\/08\/Contacto-directo-JLUS-01-600x400.jpg 600w, https:\/\/cuernavaca.gob.mx\/wp-content\/uploads\/2022\/08\/Contacto-directo-JLUS-01-560x373.jpg 560w, https:\/\/cuernavaca.gob.mx\/wp-content\/uploads\/2022\/08\/Contacto-directo-JLUS-01.jpg 1280w\" sizes=\"(max-width: 1024px) 100vw, 1024px\" \/><\/figure>\n\n\n\n<figure class=\"wp-block-image size-large\"><img loading=\"lazy\" width=\"1024\" height=\"576\" data-id=\"17001\"  src=\"https:\/\/cuernavaca.gob.mx\/wp-content\/uploads\/2022\/08\/Contacto-directo-JLUS-02-1024x576.jpg\" alt=\"\" class=\"wp-image-17001\" srcset=\"https:\/\/cuernavaca.gob.mx\/wp-content\/uploads\/2022\/08\/Contacto-directo-JLUS-02-1024x576.jpg 1024w, https:\/\/cuernavaca.gob.mx\/wp-content\/uploads\/2022\/08\/Contacto-directo-JLUS-02-300x169.jpg 300w, https:\/\/cuernavaca.gob.mx\/wp-content\/uploads\/2022\/08\/Contacto-directo-JLUS-02-768x432.jpg 768w, https:\/\/cuernavaca.gob.mx\/wp-content\/uploads\/2022\/08\/Contacto-directo-JLUS-02-600x338.jpg 600w, https:\/\/cuernavaca.gob.mx\/wp-content\/uploads\/2022\/08\/Contacto-directo-JLUS-02-560x315.jpg 560w, https:\/\/cuernavaca.gob.mx\/wp-content\/uploads\/2022\/08\/Contacto-directo-JLUS-02.jpg 1280w\" sizes=\"(max-width: 1024px) 100vw, 1024px\" \/><\/figure>\n\n\n\n<figure class=\"wp-block-image size-large\"><img loading=\"lazy\" width=\"1024\" height=\"682\" data-id=\"17003\"  src=\"https:\/\/cuernavaca.gob.mx\/wp-content\/uploads\/2022\/08\/Contacto-directo-JLUS-03-1024x682.jpg\" alt=\"\" class=\"wp-image-17003\" srcset=\"https:\/\/cuernavaca.gob.mx\/wp-content\/uploads\/2022\/08\/Contacto-directo-JLUS-03-1024x682.jpg 1024w, https:\/\/cuernavaca.gob.mx\/wp-content\/uploads\/2022\/08\/Contacto-directo-JLUS-03-300x200.jpg 300w, https:\/\/cuernavaca.gob.mx\/wp-content\/uploads\/2022\/08\/Contacto-directo-JLUS-03-768x512.jpg 768w, https:\/\/cuernavaca.gob.mx\/wp-content\/uploads\/2022\/08\/Contacto-directo-JLUS-03-600x400.jpg 600w, https:\/\/cuernavaca.gob.mx\/wp-content\/uploads\/2022\/08\/Contacto-directo-JLUS-03-560x373.jpg 560w, https:\/\/cuernavaca.gob.mx\/wp-content\/uploads\/2022\/08\/Contacto-directo-JLUS-03.jpg 1280w\" sizes=\"(max-width: 1024px) 100vw, 1024px\" \/><\/figure>\n\n\n\n<figure class=\"wp-block-image size-large\"><img loading=\"lazy\" width=\"1024\" height=\"682\" data-id=\"17000\"  src=\"https:\/\/cuernavaca.gob.mx\/wp-content\/uploads\/2022\/08\/Contacto-directo-JLUS-04-1024x682.jpg\" alt=\"\" class=\"wp-image-17000\" srcset=\"https:\/\/cuernavaca.gob.mx\/wp-content\/uploads\/2022\/08\/Contacto-directo-JLUS-04-1024x682.jpg 1024w, https:\/\/cuernavaca.gob.mx\/wp-content\/uploads\/2022\/08\/Contacto-directo-JLUS-04-300x200.jpg 300w, https:\/\/cuernavaca.gob.mx\/wp-content\/uploads\/2022\/08\/Contacto-directo-JLUS-04-768x512.jpg 768w, https:\/\/cuernavaca.gob.mx\/wp-content\/uploads\/2022\/08\/Contacto-directo-JLUS-04-600x400.jpg 600w, https:\/\/cuernavaca.gob.mx\/wp-content\/uploads\/2022\/08\/Contacto-directo-JLUS-04-560x373.jpg 560w, https:\/\/cuernavaca.gob.mx\/wp-content\/uploads\/2022\/08\/Contacto-directo-JLUS-04.jpg 1280w\" sizes=\"(max-width: 1024px) 100vw, 1024px\" \/><\/figure>\n\n\n\n<figure class=\"wp-block-image size-large\"><img loading=\"lazy\" width=\"1024\" height=\"682\" data-id=\"17005\"  src=\"https:\/\/cuernavaca.gob.mx\/wp-content\/uploads\/2022\/08\/Contacto-directo-JLUS-05-1024x682.jpg\" alt=\"\" class=\"wp-image-17005\" srcset=\"https:\/\/cuernavaca.gob.mx\/wp-content\/uploads\/2022\/08\/Contacto-directo-JLUS-05-1024x682.jpg 1024w, https:\/\/cuernavaca.gob.mx\/wp-content\/uploads\/2022\/08\/Contacto-directo-JLUS-05-300x200.jpg 300w, https:\/\/cuernavaca.gob.mx\/wp-content\/uploads\/2022\/08\/Contacto-directo-JLUS-05-768x512.jpg 768w, https:\/\/cuernavaca.gob.mx\/wp-content\/uploads\/2022\/08\/Contacto-directo-JLUS-05-600x400.jpg 600w, https:\/\/cuernavaca.gob.mx\/wp-content\/uploads\/2022\/08\/Contacto-directo-JLUS-05-560x373.jpg 560w, https:\/\/cuernavaca.gob.mx\/wp-content\/uploads\/2022\/08\/Contacto-directo-JLUS-05.jpg 1280w\" sizes=\"(max-width: 1024px) 100vw, 1024px\" \/><\/figure>\n\n\n\n<figure class=\"wp-block-image size-large\"><img loading=\"lazy\" width=\"1024\" height=\"682\" data-id=\"17004\"  src=\"https:\/\/cuernavaca.gob.mx\/wp-content\/uploads\/2022\/08\/Contacto-directo-JLUS-06-1024x682.jpg\" alt=\"\" class=\"wp-image-17004\" srcset=\"https:\/\/cuernavaca.gob.mx\/wp-content\/uploads\/2022\/08\/Contacto-directo-JLUS-06-1024x682.jpg 1024w, https:\/\/cuernavaca.gob.mx\/wp-content\/uploads\/2022\/08\/Contacto-directo-JLUS-06-300x200.jpg 300w, https:\/\/cuernavaca.gob.mx\/wp-content\/uploads\/2022\/08\/Contacto-directo-JLUS-06-768x512.jpg 768w, https:\/\/cuernavaca.gob.mx\/wp-content\/uploads\/2022\/08\/Contacto-directo-JLUS-06-600x400.jpg 600w, https:\/\/cuernavaca.gob.mx\/wp-content\/uploads\/2022\/08\/Contacto-directo-JLUS-06-560x373.jpg 560w, https:\/\/cuernavaca.gob.mx\/wp-content\/uploads\/2022\/08\/Contacto-directo-JLUS-06.jpg 1280w\" sizes=\"(max-width: 1024px) 100vw, 1024px\" \/><\/figure>\n<\/figure>\n","protected":false},"excerpt":{"rendered":"<p>El presidente municipal de Cuernavaca acudi\u00f3 a reuni\u00f3n con vecinos del fraccionamiento Vista Hermosa secci\u00f3n II para atender solicitudes en servicios p\u00fablicos y obras emergentes Los vecinos muestran inter\u00e9s de participar con el Gobierno Municipal para que la ciudad contin\u00fae el proceso de rescate Como parte de las peticiones que diversas asociaciones de colonos hacen [&hellip;]<\/p>\n","protected":false},"author":1,"featured_media":17003,"comment_status":"closed","ping_status":"closed","sticky":false,"template":"","format":"standard","meta":[],"categories":[20],"tags":[2035,2032,121,2034,2033,120],"aioseo_notices":[],"_links":{"self":[{"href":"https:\/\/cuernavaca.gob.mx\/index.php?rest_route=\/wp\/v2\/posts\/16999"}],"collection":[{"href":"https:\/\/cuernavaca.gob.mx\/index.php?rest_route=\/wp\/v2\/posts"}],"about":[{"href":"https:\/\/cuernavaca.gob.mx\/index.php?rest_route=\/wp\/v2\/types\/post"}],"author":[{"embeddable":true,"href":"https:\/\/cuernavaca.gob.mx\/index.php?rest_route=\/wp\/v2\/users\/1"}],"replies":[{"embeddable":true,"href":"https:\/\/cuernavaca.gob.mx\/index.php?rest_route=%2Fwp%2Fv2%2Fcomments&post=16999"}],"version-history":[{"count":1,"href":"https:\/\/cuernavaca.gob.mx\/index.php?rest_route=\/wp\/v2\/posts\/16999\/revisions"}],"predecessor-version":[{"id":17006,"href":"https:\/\/cuernavaca.gob.mx\/index.php?rest_route=\/wp\/v2\/posts\/16999\/revisions\/17006"}],"wp:featuredmedia":[{"embeddable":true,"href":"https:\/\/cuernavaca.gob.mx\/index.php?rest_route=\/wp\/v2\/media\/17003"}],"wp:attachment":[{"href":"https:\/\/cuernavaca.gob.mx\/index.php?rest_route=%2Fwp%2Fv2%2Fmedia&parent=16999"}],"wp:term":[{"taxonomy":"category","embeddable":true,"href":"https:\/\/cuernavaca.gob.mx\/index.php?rest_route=%2Fwp%2Fv2%2Fcategories&post=16999"},{"taxonomy":"post_tag","embeddable":true,"href":"https:\/\/cuernavaca.gob.mx\/index.php?rest_route=%2Fwp%2Fv2%2Ftags&post=16999"}],"curies":[{"name":"wp","href":"https:\/\/api.w.org\/{rel}","templated":true}]}}