{"id":17012,"date":"2022-08-08T15:00:00","date_gmt":"2022-08-08T20:00:00","guid":{"rendered":"https:\/\/cuernavaca.gob.mx\/?p=17012"},"modified":"2025-05-06T12:06:08","modified_gmt":"2025-05-06T18:06:08","slug":"b467-08-08-22-compromete-jose-luis-uriostegui-esfuerzos-financieros-para-mejorar-condiciones-de-los-trabajadores-de-limpia-de-cuernavaca","status":"publish","type":"post","link":"https:\/\/cuernavaca.gob.mx\/?p=17012","title":{"rendered":"B467 08\/08\/22 COMPROMETE JOS\u00c9 LUIS URI\u00d3STEGUI ESFUERZOS FINANCIEROS PARA MEJORAR CONDICIONES DE LOS TRABAJADORES DE LIMPIA DE CUERNAVACA"},"content":{"rendered":"\n<p><strong>El presidente municipal fue invitado a la celebraci\u00f3n de las y los trabajadores con motivo del D\u00eda del Barrendero<\/strong><\/p>\n\n\n\n<p><strong>Se les dotar\u00e1 de nuevos uniformes y herramientas para realizar de manera digna su labor cotidiana<\/strong><\/p>\n\n\n\n<p>En un amplio reconocimiento a la labor que hacen todos los d\u00edas por mantener limpia la imagen de la ciudad, el presidente municipal de Cuernavaca, Jos\u00e9 Lu\u00eds Uri\u00f3stegui Salgado, particip\u00f3 en el festejo organizado a las y los trabajadores de aseo urbano, con quienes se tiene una gran deuda de administraciones anteriores, que no dieron la importancia de dignificar las condiciones laborales de este personal.<\/p>\n\n\n\n<p>Por lo anterior, el alcalde capitalino se\u00f1al\u00f3 que se har\u00e1n los esfuerzos que se requieran para que de manera gradual durante los pr\u00f3ximos meses y tomando en cuenta la capacidad financiera del Gobierno Municipal, se estar\u00e1n atendiendo las necesidades primordiales de los trabajadores de limpia del Ayuntamiento, para contar con nuevos uniformes y entregarse en las pr\u00f3ximas semanas como un primer compromiso.<\/p>\n\n\n\n<p>Jos\u00e9 Luis Uri\u00f3stegui se\u00f1al\u00f3 que uno de los temas que de manera prioritaria revis\u00f3 al recibir el Ayuntamiento, fue impulsar la nivelaci\u00f3n salarial de las y los trabajadores que m\u00e1s bajo se encontraban en percepci\u00f3n salarial, resultando que personal de aseo urbano era de los que no se les hab\u00eda dado un mejor trato, por lo que se logr\u00f3 un acuerdo para incrementar en un 3% a su salario para darle una mejor estabilidad econ\u00f3mica.<\/p>\n\n\n\n<p>\u201cQueremos que el trabajo que realizan no lo hagan solo por compromiso, por el hecho de devengar un salario, sino con el convencimiento que es por ustedes le est\u00e1n haciendo un bien a Cuernavaca, y la sociedad y sus autoridades lo debemos reconocer y respetar todos los d\u00edas\u201d, se\u00f1al\u00f3 el presidente municipal quien estuvo acompa\u00f1ado de la Sindica Municipal, Ver\u00f3nica Atenco P\u00e9rez.<\/p>\n\n\n\n<p>Con motivo de la celebraci\u00f3n del D\u00eda del Barrendero que se festeja el 8 de agosto, invitado por Alfredo Rodr\u00edguez San Ciprian, Encargado de despacho de la Secretar\u00eda de Desarrollo Sustentable y Servicios P\u00fablicos; Gerardo Abarca Pe\u00f1a, director general de Servicios P\u00fablicos; Gabriel P\u00e9rez L\u00f3pez, director de Aseo Urbano, y Javier Mart\u00ednez Macedo, jefe de Operativo de Aseo Urbano, el alcalde reiter\u00f3 que el apoyo a los trabajadores de limpia no quedar\u00e1 en el discurso y ser\u00e1 con hechos el respaldo dicho.<\/p>\n\n\n\n<p>Uri\u00f3stegui Salgado adelant\u00f3 que tambi\u00e9n se est\u00e1 cotizando equipo y material para la labor que todos los d\u00edas realizan, a fin de que en el mediano plazo sea adquieran mejores herramientas para el trabajo de limpia de Cuernavaca, y sigan siendo el orgullo del Gobierno Municipal y de los habitantes del municipio. Alfredo Rodr\u00edguez San Ciprian, Encargado de despacho de la Secretar\u00eda de Desarrollo Sustentable y Servicios P\u00fablicos; Gerardo Abarca Pe\u00f1a, director general de Servicios P\u00fablicos; Gabriel P\u00e9rez L\u00f3pez, director de Aseo Urbano, y Javier Mart\u00ednez Macedo, jefe de Operativo de Aseo Urbano, el alcalde reiter\u00f3 que el apoyo a los trabajadores de limpia no quedar\u00e1 en el discurso y ser\u00e1 con hechos el respaldo dicho.<\/p>\n\n\n\n<p>Uri\u00f3stegui Salgado adelant\u00f3 que tambi\u00e9n se est\u00e1 cotizando equipo y material para la labor que todos los d\u00edas realizan, a fin de que en el mediano plazo sea adquieran mejores herramientas para el trabajo de limpia de Cuernavaca, y sigan siendo el orgullo del Gobierno Municipal y de los habitantes del municipio.<\/p>\n\n\n\n<figure class=\"wp-container-2 wp-block-gallery-1 wp-block-gallery has-nested-images columns-default is-cropped\">\n<figure class=\"wp-block-image size-large\"><img loading=\"lazy\" width=\"1024\" height=\"682\" data-id=\"17013\"  src=\"https:\/\/cuernavaca.gob.mx\/wp-content\/uploads\/2022\/08\/Di\u0301a-del-barrendero-01-1024x682.jpg\" alt=\"\" class=\"wp-image-17013\" srcset=\"https:\/\/cuernavaca.gob.mx\/wp-content\/uploads\/2022\/08\/Di\u0301a-del-barrendero-01-1024x682.jpg 1024w, https:\/\/cuernavaca.gob.mx\/wp-content\/uploads\/2022\/08\/Di\u0301a-del-barrendero-01-300x200.jpg 300w, https:\/\/cuernavaca.gob.mx\/wp-content\/uploads\/2022\/08\/Di\u0301a-del-barrendero-01-768x512.jpg 768w, https:\/\/cuernavaca.gob.mx\/wp-content\/uploads\/2022\/08\/Di\u0301a-del-barrendero-01-600x400.jpg 600w, https:\/\/cuernavaca.gob.mx\/wp-content\/uploads\/2022\/08\/Di\u0301a-del-barrendero-01-560x373.jpg 560w, https:\/\/cuernavaca.gob.mx\/wp-content\/uploads\/2022\/08\/Di\u0301a-del-barrendero-01.jpg 1280w\" sizes=\"(max-width: 1024px) 100vw, 1024px\" \/><\/figure>\n\n\n\n<figure class=\"wp-block-image size-large\"><img loading=\"lazy\" width=\"1024\" height=\"682\" data-id=\"17014\"  src=\"https:\/\/cuernavaca.gob.mx\/wp-content\/uploads\/2022\/08\/Di\u0301a-del-barrendero-02-1024x682.jpg\" alt=\"\" class=\"wp-image-17014\" srcset=\"https:\/\/cuernavaca.gob.mx\/wp-content\/uploads\/2022\/08\/Di\u0301a-del-barrendero-02-1024x682.jpg 1024w, https:\/\/cuernavaca.gob.mx\/wp-content\/uploads\/2022\/08\/Di\u0301a-del-barrendero-02-300x200.jpg 300w, https:\/\/cuernavaca.gob.mx\/wp-content\/uploads\/2022\/08\/Di\u0301a-del-barrendero-02-768x512.jpg 768w, https:\/\/cuernavaca.gob.mx\/wp-content\/uploads\/2022\/08\/Di\u0301a-del-barrendero-02-600x400.jpg 600w, https:\/\/cuernavaca.gob.mx\/wp-content\/uploads\/2022\/08\/Di\u0301a-del-barrendero-02-560x373.jpg 560w, https:\/\/cuernavaca.gob.mx\/wp-content\/uploads\/2022\/08\/Di\u0301a-del-barrendero-02.jpg 1280w\" sizes=\"(max-width: 1024px) 100vw, 1024px\" \/><\/figure>\n\n\n\n<figure class=\"wp-block-image size-large\"><img loading=\"lazy\" width=\"1024\" height=\"682\" data-id=\"17017\"  src=\"https:\/\/cuernavaca.gob.mx\/wp-content\/uploads\/2022\/08\/Di\u0301a-del-barrendero-03-1024x682.jpg\" alt=\"\" class=\"wp-image-17017\" srcset=\"https:\/\/cuernavaca.gob.mx\/wp-content\/uploads\/2022\/08\/Di\u0301a-del-barrendero-03-1024x682.jpg 1024w, https:\/\/cuernavaca.gob.mx\/wp-content\/uploads\/2022\/08\/Di\u0301a-del-barrendero-03-300x200.jpg 300w, https:\/\/cuernavaca.gob.mx\/wp-content\/uploads\/2022\/08\/Di\u0301a-del-barrendero-03-768x512.jpg 768w, https:\/\/cuernavaca.gob.mx\/wp-content\/uploads\/2022\/08\/Di\u0301a-del-barrendero-03-600x400.jpg 600w, https:\/\/cuernavaca.gob.mx\/wp-content\/uploads\/2022\/08\/Di\u0301a-del-barrendero-03-560x373.jpg 560w, https:\/\/cuernavaca.gob.mx\/wp-content\/uploads\/2022\/08\/Di\u0301a-del-barrendero-03.jpg 1280w\" sizes=\"(max-width: 1024px) 100vw, 1024px\" \/><\/figure>\n\n\n\n<figure class=\"wp-block-image size-large\"><img loading=\"lazy\" width=\"1024\" height=\"682\" data-id=\"17016\"  src=\"https:\/\/cuernavaca.gob.mx\/wp-content\/uploads\/2022\/08\/Di\u0301a-del-barrendero-04-1024x682.jpg\" alt=\"\" class=\"wp-image-17016\" srcset=\"https:\/\/cuernavaca.gob.mx\/wp-content\/uploads\/2022\/08\/Di\u0301a-del-barrendero-04-1024x682.jpg 1024w, https:\/\/cuernavaca.gob.mx\/wp-content\/uploads\/2022\/08\/Di\u0301a-del-barrendero-04-300x200.jpg 300w, https:\/\/cuernavaca.gob.mx\/wp-content\/uploads\/2022\/08\/Di\u0301a-del-barrendero-04-768x512.jpg 768w, https:\/\/cuernavaca.gob.mx\/wp-content\/uploads\/2022\/08\/Di\u0301a-del-barrendero-04-600x400.jpg 600w, https:\/\/cuernavaca.gob.mx\/wp-content\/uploads\/2022\/08\/Di\u0301a-del-barrendero-04-560x373.jpg 560w, https:\/\/cuernavaca.gob.mx\/wp-content\/uploads\/2022\/08\/Di\u0301a-del-barrendero-04.jpg 1280w\" sizes=\"(max-width: 1024px) 100vw, 1024px\" \/><\/figure>\n\n\n\n<figure class=\"wp-block-image size-large\"><img loading=\"lazy\" width=\"1024\" height=\"682\" data-id=\"17015\"  src=\"https:\/\/cuernavaca.gob.mx\/wp-content\/uploads\/2022\/08\/Di\u0301a-del-barrendero-05-1024x682.jpg\" alt=\"\" class=\"wp-image-17015\" srcset=\"https:\/\/cuernavaca.gob.mx\/wp-content\/uploads\/2022\/08\/Di\u0301a-del-barrendero-05-1024x682.jpg 1024w, https:\/\/cuernavaca.gob.mx\/wp-content\/uploads\/2022\/08\/Di\u0301a-del-barrendero-05-300x200.jpg 300w, https:\/\/cuernavaca.gob.mx\/wp-content\/uploads\/2022\/08\/Di\u0301a-del-barrendero-05-768x512.jpg 768w, https:\/\/cuernavaca.gob.mx\/wp-content\/uploads\/2022\/08\/Di\u0301a-del-barrendero-05-600x400.jpg 600w, https:\/\/cuernavaca.gob.mx\/wp-content\/uploads\/2022\/08\/Di\u0301a-del-barrendero-05-560x373.jpg 560w, https:\/\/cuernavaca.gob.mx\/wp-content\/uploads\/2022\/08\/Di\u0301a-del-barrendero-05.jpg 1280w\" sizes=\"(max-width: 1024px) 100vw, 1024px\" \/><\/figure>\n<\/figure>\n","protected":false},"excerpt":{"rendered":"<p>El presidente municipal fue invitado a la celebraci\u00f3n de las y los trabajadores con motivo del D\u00eda del Barrendero Se les dotar\u00e1 de nuevos uniformes y herramientas para realizar de manera digna su labor cotidiana En un amplio reconocimiento a la labor que hacen todos los d\u00edas por mantener limpia la imagen de la ciudad, [&hellip;]<\/p>\n","protected":false},"author":1,"featured_media":17017,"comment_status":"closed","ping_status":"closed","sticky":false,"template":"","format":"standard","meta":[],"categories":[20,208],"tags":[121,120],"aioseo_notices":[],"_links":{"self":[{"href":"https:\/\/cuernavaca.gob.mx\/index.php?rest_route=\/wp\/v2\/posts\/17012"}],"collection":[{"href":"https:\/\/cuernavaca.gob.mx\/index.php?rest_route=\/wp\/v2\/posts"}],"about":[{"href":"https:\/\/cuernavaca.gob.mx\/index.php?rest_route=\/wp\/v2\/types\/post"}],"author":[{"embeddable":true,"href":"https:\/\/cuernavaca.gob.mx\/index.php?rest_route=\/wp\/v2\/users\/1"}],"replies":[{"embeddable":true,"href":"https:\/\/cuernavaca.gob.mx\/index.php?rest_route=%2Fwp%2Fv2%2Fcomments&post=17012"}],"version-history":[{"count":1,"href":"https:\/\/cuernavaca.gob.mx\/index.php?rest_route=\/wp\/v2\/posts\/17012\/revisions"}],"predecessor-version":[{"id":17018,"href":"https:\/\/cuernavaca.gob.mx\/index.php?rest_route=\/wp\/v2\/posts\/17012\/revisions\/17018"}],"wp:featuredmedia":[{"embeddable":true,"href":"https:\/\/cuernavaca.gob.mx\/index.php?rest_route=\/wp\/v2\/media\/17017"}],"wp:attachment":[{"href":"https:\/\/cuernavaca.gob.mx\/index.php?rest_route=%2Fwp%2Fv2%2Fmedia&parent=17012"}],"wp:term":[{"taxonomy":"category","embeddable":true,"href":"https:\/\/cuernavaca.gob.mx\/index.php?rest_route=%2Fwp%2Fv2%2Fcategories&post=17012"},{"taxonomy":"post_tag","embeddable":true,"href":"https:\/\/cuernavaca.gob.mx\/index.php?rest_route=%2Fwp%2Fv2%2Ftags&post=17012"}],"curies":[{"name":"wp","href":"https:\/\/api.w.org\/{rel}","templated":true}]}}