{"id":17038,"date":"2022-08-09T11:00:00","date_gmt":"2022-08-09T16:00:00","guid":{"rendered":"https:\/\/cuernavaca.gob.mx\/?p=17038"},"modified":"2025-05-06T12:06:08","modified_gmt":"2025-05-06T18:06:08","slug":"b476-09-08-22-enaltece-jose-luis-uriostegui-la-entrega-y-dedicacion-de-estudiantes-graduados-del-conalep-plantel-cuernavaca","status":"publish","type":"post","link":"https:\/\/cuernavaca.gob.mx\/?p=17038","title":{"rendered":"B476 09\/08\/22 ENALTECE JOS\u00c9 LUIS URI\u00d3STEGUI LA ENTREGA Y DEDICACI\u00d3N DE ESTUDIANTES GRADUADOS DEL CONALEP PLANTEL CUERNAVACA"},"content":{"rendered":"\n<p><strong>El presidente municipal asisti\u00f3 como invitado especial para clausurar la ceremonia de graduaci\u00f3n de m\u00e1s de 200 j\u00f3venes que concluyeron sus estudios en diferentes carreras t\u00e9cnicas<\/strong><\/p>\n\n\n\n<p><strong>Los exhort\u00f3 a seguir trabajando, atreverse y buscar oportunidades que se conviertan en posibilidades y \u00e9xitos para beneficio del estado y el pa\u00eds<\/strong><\/p>\n\n\n\n<p>El presidente municipal de Cuernavaca, Jos\u00e9 Luis Uri\u00f3stegui Salgado, asisti\u00f3 este martes como invitado especial para clausurar la ceremonia de graduaci\u00f3n de 232 alumnos del Colegio Nacional de Educaci\u00f3n Profesional T\u00e9cnica (Conalep) plantel Cuernavaca, generaci\u00f3n 2019-2022, a quienes exhort\u00f3 a seguir trabajando, atreverse y buscar oportunidades para convertirlas en posibilidades y luego en \u00e9xitos que beneficien al estado y pa\u00eds. \u00b4<\/p>\n\n\n\n<p>A invitaci\u00f3n del director general de Conalep Morelos, Jonathan Vega P\u00e9rez y la encargada de despacho de la Direcci\u00f3n del plantel Conalep Cuernavaca, Carla Lluviany Robles Hern\u00e1ndez, el alcalde capitalino env\u00edo reconoci\u00f3 la entrega y dedicaci\u00f3n de los j\u00f3venes egresados de las carreras t\u00e9cnicas en Administraci\u00f3n, Refrigeraci\u00f3n y Climatizaci\u00f3n, Soporte y Mantenimiento de Equipo de C\u00f3mputo, as\u00ed como Seguridad e Higiene y Protecci\u00f3n Civil.<\/p>\n\n\n\n<p>Previo a clausurar el acto protocolario, expres\u00f3 que, si bien hoy est\u00e1n cosechando un triunfo que podr\u00eda considerarse ef\u00edmero debido a que la entrega de un documento que acredita han cursado materias y obtenido un promedio aprobatorio no significa que hayan logrado triunfar en la vida, es el primer pelda\u00f1o, concluyendo una etapa que les permitir\u00e1 desarrollar un empleo y recibir una remuneraci\u00f3n, escalar a otro segundo pelda\u00f1o que les permita tener un t\u00edtulo profesional en la carrera que hayan determinado, siendo el resultado del esfuerzo de cada uno de los miembros de su familia porque este triunfo no viene solo.<\/p>\n\n\n\n<p>\u201cSon triunfadores y les invitamos, quienes compartimos hoy este momento, a que sigan trabajando, sigan esforz\u00e1ndose y prepar\u00e1ndose para hacer que su escuela, el Conalep, se sienta orgulloso de cada uno de ustedes y que sigan creciendo para beneficio del estado de Morelos y el pa\u00eds\u201d, expres\u00f3 ante los graduados y sus familiares.<\/p>\n\n\n\n<p>El alcalde de Cuernavaca particip\u00f3 en la entrega de reconocimientos a 10 estudiantes que obtuvieron los mejores promedios y 18 alumnos por el modelo DUAL, escuchando con atenci\u00f3n las palabras de despedida de la alumna de la carrera de Administraci\u00f3n, Samantha P\u00e9rez Alvear.<\/p>\n\n\n\n<p>En su disertaci\u00f3n, el director general de Conalep Morelos, Jonathan Vega P\u00e9rez, explic\u00f3 que los estudiantes egresados fueron un total de 82 para la carrera t\u00e9cnica de Seguridad e Higiene y Protecci\u00f3n Civil, 51 de Soporte y Mantenimiento de Equipo de C\u00f3mputo, 93 de Administraci\u00f3n y siete de Refrigeraci\u00f3n y Climatizaci\u00f3n.<\/p>\n\n\n\n<p>Al evento tambi\u00e9n acudieron en representaci\u00f3n el director general de Educaci\u00f3n Media Superior y Superior en Morelos, Hiram Mina Vald\u00e9s; el presidente del Comit\u00e9 de Vinculaci\u00f3n del plantel Conalep Cuernavaca y padrino de la generaci\u00f3n, Enrique Clement Gallardo; la diputada local, Mirna Zavala Z\u00fa\u00f1iga; el director general del Instituto Morelense de las Personas Adolescentes y J\u00f3venes (Impajoven), Diego Arturo Alc\u00e1zar P\u00e9rez; el presidente de las Comisiones Nacionales de Enlace de Seguridad y Protecci\u00f3n Civil Federal en Canacintra, Arist\u00f3teles Mart\u00ednez Mondrag\u00f3n; y la integrante de la Junta Directiva de Conalep Morelos, Claudia Eugenia Le\u00f3n Encinas.<\/p>\n\n\n\n<figure class=\"wp-container-2 wp-block-gallery-1 wp-block-gallery has-nested-images columns-default is-cropped\">\n<figure class=\"wp-block-image size-large\"><img loading=\"lazy\" width=\"1024\" height=\"682\" data-id=\"17040\"  src=\"https:\/\/cuernavaca.gob.mx\/wp-content\/uploads\/2022\/08\/Graduacio\u0301n-CONALEP-01-1024x682.jpg\" alt=\"\" class=\"wp-image-17040\" srcset=\"https:\/\/cuernavaca.gob.mx\/wp-content\/uploads\/2022\/08\/Graduacio\u0301n-CONALEP-01-1024x682.jpg 1024w, https:\/\/cuernavaca.gob.mx\/wp-content\/uploads\/2022\/08\/Graduacio\u0301n-CONALEP-01-300x200.jpg 300w, https:\/\/cuernavaca.gob.mx\/wp-content\/uploads\/2022\/08\/Graduacio\u0301n-CONALEP-01-768x512.jpg 768w, https:\/\/cuernavaca.gob.mx\/wp-content\/uploads\/2022\/08\/Graduacio\u0301n-CONALEP-01-600x400.jpg 600w, https:\/\/cuernavaca.gob.mx\/wp-content\/uploads\/2022\/08\/Graduacio\u0301n-CONALEP-01-560x373.jpg 560w, https:\/\/cuernavaca.gob.mx\/wp-content\/uploads\/2022\/08\/Graduacio\u0301n-CONALEP-01.jpg 1280w\" sizes=\"(max-width: 1024px) 100vw, 1024px\" \/><\/figure>\n\n\n\n<figure class=\"wp-block-image size-large\"><img loading=\"lazy\" width=\"1024\" height=\"576\" data-id=\"17044\"  src=\"https:\/\/cuernavaca.gob.mx\/wp-content\/uploads\/2022\/08\/Graduacio\u0301n-CONALEP-02-1024x576.jpg\" alt=\"\" class=\"wp-image-17044\" srcset=\"https:\/\/cuernavaca.gob.mx\/wp-content\/uploads\/2022\/08\/Graduacio\u0301n-CONALEP-02-1024x576.jpg 1024w, https:\/\/cuernavaca.gob.mx\/wp-content\/uploads\/2022\/08\/Graduacio\u0301n-CONALEP-02-300x169.jpg 300w, https:\/\/cuernavaca.gob.mx\/wp-content\/uploads\/2022\/08\/Graduacio\u0301n-CONALEP-02-768x432.jpg 768w, https:\/\/cuernavaca.gob.mx\/wp-content\/uploads\/2022\/08\/Graduacio\u0301n-CONALEP-02-600x338.jpg 600w, https:\/\/cuernavaca.gob.mx\/wp-content\/uploads\/2022\/08\/Graduacio\u0301n-CONALEP-02-560x315.jpg 560w, https:\/\/cuernavaca.gob.mx\/wp-content\/uploads\/2022\/08\/Graduacio\u0301n-CONALEP-02.jpg 1280w\" sizes=\"(max-width: 1024px) 100vw, 1024px\" \/><\/figure>\n\n\n\n<figure class=\"wp-block-image size-large\"><img loading=\"lazy\" width=\"1024\" height=\"576\" data-id=\"17041\"  src=\"https:\/\/cuernavaca.gob.mx\/wp-content\/uploads\/2022\/08\/Graduacio\u0301n-CONALEP-03-1024x576.jpg\" alt=\"\" class=\"wp-image-17041\" srcset=\"https:\/\/cuernavaca.gob.mx\/wp-content\/uploads\/2022\/08\/Graduacio\u0301n-CONALEP-03-1024x576.jpg 1024w, https:\/\/cuernavaca.gob.mx\/wp-content\/uploads\/2022\/08\/Graduacio\u0301n-CONALEP-03-300x169.jpg 300w, https:\/\/cuernavaca.gob.mx\/wp-content\/uploads\/2022\/08\/Graduacio\u0301n-CONALEP-03-768x432.jpg 768w, https:\/\/cuernavaca.gob.mx\/wp-content\/uploads\/2022\/08\/Graduacio\u0301n-CONALEP-03-600x338.jpg 600w, https:\/\/cuernavaca.gob.mx\/wp-content\/uploads\/2022\/08\/Graduacio\u0301n-CONALEP-03-560x315.jpg 560w, https:\/\/cuernavaca.gob.mx\/wp-content\/uploads\/2022\/08\/Graduacio\u0301n-CONALEP-03.jpg 1280w\" sizes=\"(max-width: 1024px) 100vw, 1024px\" \/><\/figure>\n\n\n\n<figure class=\"wp-block-image size-large\"><img loading=\"lazy\" width=\"1024\" height=\"682\" data-id=\"17039\"  src=\"https:\/\/cuernavaca.gob.mx\/wp-content\/uploads\/2022\/08\/Graduacio\u0301n-CONALEP-04-1024x682.jpg\" alt=\"\" class=\"wp-image-17039\" srcset=\"https:\/\/cuernavaca.gob.mx\/wp-content\/uploads\/2022\/08\/Graduacio\u0301n-CONALEP-04-1024x682.jpg 1024w, https:\/\/cuernavaca.gob.mx\/wp-content\/uploads\/2022\/08\/Graduacio\u0301n-CONALEP-04-300x200.jpg 300w, https:\/\/cuernavaca.gob.mx\/wp-content\/uploads\/2022\/08\/Graduacio\u0301n-CONALEP-04-768x512.jpg 768w, https:\/\/cuernavaca.gob.mx\/wp-content\/uploads\/2022\/08\/Graduacio\u0301n-CONALEP-04-600x400.jpg 600w, https:\/\/cuernavaca.gob.mx\/wp-content\/uploads\/2022\/08\/Graduacio\u0301n-CONALEP-04-560x373.jpg 560w, https:\/\/cuernavaca.gob.mx\/wp-content\/uploads\/2022\/08\/Graduacio\u0301n-CONALEP-04.jpg 1280w\" sizes=\"(max-width: 1024px) 100vw, 1024px\" \/><\/figure>\n\n\n\n<figure class=\"wp-block-image size-large\"><img loading=\"lazy\" width=\"1024\" height=\"682\" data-id=\"17043\"  src=\"https:\/\/cuernavaca.gob.mx\/wp-content\/uploads\/2022\/08\/Graduacio\u0301n-CONALEP-05-1024x682.jpg\" alt=\"\" class=\"wp-image-17043\" srcset=\"https:\/\/cuernavaca.gob.mx\/wp-content\/uploads\/2022\/08\/Graduacio\u0301n-CONALEP-05-1024x682.jpg 1024w, https:\/\/cuernavaca.gob.mx\/wp-content\/uploads\/2022\/08\/Graduacio\u0301n-CONALEP-05-300x200.jpg 300w, https:\/\/cuernavaca.gob.mx\/wp-content\/uploads\/2022\/08\/Graduacio\u0301n-CONALEP-05-768x512.jpg 768w, https:\/\/cuernavaca.gob.mx\/wp-content\/uploads\/2022\/08\/Graduacio\u0301n-CONALEP-05-600x400.jpg 600w, https:\/\/cuernavaca.gob.mx\/wp-content\/uploads\/2022\/08\/Graduacio\u0301n-CONALEP-05-560x373.jpg 560w, https:\/\/cuernavaca.gob.mx\/wp-content\/uploads\/2022\/08\/Graduacio\u0301n-CONALEP-05.jpg 1280w\" sizes=\"(max-width: 1024px) 100vw, 1024px\" \/><\/figure>\n\n\n\n<figure class=\"wp-block-image size-large\"><img loading=\"lazy\" width=\"1024\" height=\"682\" data-id=\"17042\"  src=\"https:\/\/cuernavaca.gob.mx\/wp-content\/uploads\/2022\/08\/Graduacio\u0301n-CONALEP-06-1024x682.jpg\" alt=\"\" class=\"wp-image-17042\" srcset=\"https:\/\/cuernavaca.gob.mx\/wp-content\/uploads\/2022\/08\/Graduacio\u0301n-CONALEP-06-1024x682.jpg 1024w, https:\/\/cuernavaca.gob.mx\/wp-content\/uploads\/2022\/08\/Graduacio\u0301n-CONALEP-06-300x200.jpg 300w, https:\/\/cuernavaca.gob.mx\/wp-content\/uploads\/2022\/08\/Graduacio\u0301n-CONALEP-06-768x512.jpg 768w, https:\/\/cuernavaca.gob.mx\/wp-content\/uploads\/2022\/08\/Graduacio\u0301n-CONALEP-06-600x400.jpg 600w, https:\/\/cuernavaca.gob.mx\/wp-content\/uploads\/2022\/08\/Graduacio\u0301n-CONALEP-06-560x373.jpg 560w, https:\/\/cuernavaca.gob.mx\/wp-content\/uploads\/2022\/08\/Graduacio\u0301n-CONALEP-06.jpg 1280w\" sizes=\"(max-width: 1024px) 100vw, 1024px\" \/><\/figure>\n\n\n\n<figure class=\"wp-block-image size-large\"><img loading=\"lazy\" width=\"1024\" height=\"682\" data-id=\"17046\"  src=\"https:\/\/cuernavaca.gob.mx\/wp-content\/uploads\/2022\/08\/Graduacio\u0301n-CONALEP-07-1024x682.jpg\" alt=\"\" class=\"wp-image-17046\" srcset=\"https:\/\/cuernavaca.gob.mx\/wp-content\/uploads\/2022\/08\/Graduacio\u0301n-CONALEP-07-1024x682.jpg 1024w, https:\/\/cuernavaca.gob.mx\/wp-content\/uploads\/2022\/08\/Graduacio\u0301n-CONALEP-07-300x200.jpg 300w, https:\/\/cuernavaca.gob.mx\/wp-content\/uploads\/2022\/08\/Graduacio\u0301n-CONALEP-07-768x512.jpg 768w, https:\/\/cuernavaca.gob.mx\/wp-content\/uploads\/2022\/08\/Graduacio\u0301n-CONALEP-07-600x400.jpg 600w, https:\/\/cuernavaca.gob.mx\/wp-content\/uploads\/2022\/08\/Graduacio\u0301n-CONALEP-07-560x373.jpg 560w, https:\/\/cuernavaca.gob.mx\/wp-content\/uploads\/2022\/08\/Graduacio\u0301n-CONALEP-07.jpg 1280w\" sizes=\"(max-width: 1024px) 100vw, 1024px\" \/><\/figure>\n\n\n\n<figure class=\"wp-block-image size-large\"><img loading=\"lazy\" width=\"1024\" height=\"682\" data-id=\"17045\"  src=\"https:\/\/cuernavaca.gob.mx\/wp-content\/uploads\/2022\/08\/Graduacio\u0301n-CONALEP-08-1024x682.jpg\" alt=\"\" class=\"wp-image-17045\" srcset=\"https:\/\/cuernavaca.gob.mx\/wp-content\/uploads\/2022\/08\/Graduacio\u0301n-CONALEP-08-1024x682.jpg 1024w, https:\/\/cuernavaca.gob.mx\/wp-content\/uploads\/2022\/08\/Graduacio\u0301n-CONALEP-08-300x200.jpg 300w, https:\/\/cuernavaca.gob.mx\/wp-content\/uploads\/2022\/08\/Graduacio\u0301n-CONALEP-08-768x512.jpg 768w, https:\/\/cuernavaca.gob.mx\/wp-content\/uploads\/2022\/08\/Graduacio\u0301n-CONALEP-08-600x400.jpg 600w, https:\/\/cuernavaca.gob.mx\/wp-content\/uploads\/2022\/08\/Graduacio\u0301n-CONALEP-08-560x373.jpg 560w, https:\/\/cuernavaca.gob.mx\/wp-content\/uploads\/2022\/08\/Graduacio\u0301n-CONALEP-08.jpg 1280w\" sizes=\"(max-width: 1024px) 100vw, 1024px\" \/><\/figure>\n\n\n\n<figure class=\"wp-block-image size-large\"><img loading=\"lazy\" width=\"1024\" height=\"682\" data-id=\"17047\"  src=\"https:\/\/cuernavaca.gob.mx\/wp-content\/uploads\/2022\/08\/Graduacio\u0301n-CONALEP-09-1024x682.jpg\" alt=\"\" class=\"wp-image-17047\" srcset=\"https:\/\/cuernavaca.gob.mx\/wp-content\/uploads\/2022\/08\/Graduacio\u0301n-CONALEP-09-1024x682.jpg 1024w, https:\/\/cuernavaca.gob.mx\/wp-content\/uploads\/2022\/08\/Graduacio\u0301n-CONALEP-09-300x200.jpg 300w, https:\/\/cuernavaca.gob.mx\/wp-content\/uploads\/2022\/08\/Graduacio\u0301n-CONALEP-09-768x512.jpg 768w, https:\/\/cuernavaca.gob.mx\/wp-content\/uploads\/2022\/08\/Graduacio\u0301n-CONALEP-09-600x400.jpg 600w, https:\/\/cuernavaca.gob.mx\/wp-content\/uploads\/2022\/08\/Graduacio\u0301n-CONALEP-09-560x373.jpg 560w, https:\/\/cuernavaca.gob.mx\/wp-content\/uploads\/2022\/08\/Graduacio\u0301n-CONALEP-09.jpg 1280w\" sizes=\"(max-width: 1024px) 100vw, 1024px\" \/><\/figure>\n<\/figure>\n","protected":false},"excerpt":{"rendered":"<p>El presidente municipal asisti\u00f3 como invitado especial para clausurar la ceremonia de graduaci\u00f3n de m\u00e1s de 200 j\u00f3venes que concluyeron sus estudios en diferentes carreras t\u00e9cnicas Los exhort\u00f3 a seguir trabajando, atreverse y buscar oportunidades que se conviertan en posibilidades y \u00e9xitos para beneficio del estado y el pa\u00eds El presidente municipal de Cuernavaca, Jos\u00e9 [&hellip;]<\/p>\n","protected":false},"author":1,"featured_media":17042,"comment_status":"closed","ping_status":"closed","sticky":false,"template":"","format":"standard","meta":[],"categories":[20],"tags":[2041,1305,121,1510,1772,2040,120],"aioseo_notices":[],"_links":{"self":[{"href":"https:\/\/cuernavaca.gob.mx\/index.php?rest_route=\/wp\/v2\/posts\/17038"}],"collection":[{"href":"https:\/\/cuernavaca.gob.mx\/index.php?rest_route=\/wp\/v2\/posts"}],"about":[{"href":"https:\/\/cuernavaca.gob.mx\/index.php?rest_route=\/wp\/v2\/types\/post"}],"author":[{"embeddable":true,"href":"https:\/\/cuernavaca.gob.mx\/index.php?rest_route=\/wp\/v2\/users\/1"}],"replies":[{"embeddable":true,"href":"https:\/\/cuernavaca.gob.mx\/index.php?rest_route=%2Fwp%2Fv2%2Fcomments&post=17038"}],"version-history":[{"count":1,"href":"https:\/\/cuernavaca.gob.mx\/index.php?rest_route=\/wp\/v2\/posts\/17038\/revisions"}],"predecessor-version":[{"id":17048,"href":"https:\/\/cuernavaca.gob.mx\/index.php?rest_route=\/wp\/v2\/posts\/17038\/revisions\/17048"}],"wp:featuredmedia":[{"embeddable":true,"href":"https:\/\/cuernavaca.gob.mx\/index.php?rest_route=\/wp\/v2\/media\/17042"}],"wp:attachment":[{"href":"https:\/\/cuernavaca.gob.mx\/index.php?rest_route=%2Fwp%2Fv2%2Fmedia&parent=17038"}],"wp:term":[{"taxonomy":"category","embeddable":true,"href":"https:\/\/cuernavaca.gob.mx\/index.php?rest_route=%2Fwp%2Fv2%2Fcategories&post=17038"},{"taxonomy":"post_tag","embeddable":true,"href":"https:\/\/cuernavaca.gob.mx\/index.php?rest_route=%2Fwp%2Fv2%2Ftags&post=17038"}],"curies":[{"name":"wp","href":"https:\/\/api.w.org\/{rel}","templated":true}]}}