{"id":17077,"date":"2022-08-10T13:00:00","date_gmt":"2022-08-10T18:00:00","guid":{"rendered":"https:\/\/cuernavaca.gob.mx\/?p=17077"},"modified":"2025-05-06T12:06:07","modified_gmt":"2025-05-06T18:06:07","slug":"f139-10-08-22-participa-alcalde-de-cuernavaca-como-testigo-en-destruccion-de-armas-aseguradas-y-a-disposicion-de-la-sedena","status":"publish","type":"post","link":"https:\/\/cuernavaca.gob.mx\/?p=17077","title":{"rendered":"F139 10\/08\/22 PARTICIPA ALCALDE DE CUERNAVACA COMO TESTIGO EN DESTRUCCI\u00d3N DE ARMAS ASEGURADAS Y A DISPOSICI\u00d3N DE LA SEDENA"},"content":{"rendered":"\n<p>C\u00f3mo parte del trabajo coordinado y acompa\u00f1amiento interinstitucional entre el Ayuntamiento de Cuernavaca y la Secretar\u00eda de la Defensa Nacional (Sedena), el presidente municipal, Jos\u00e9 Luis Uri\u00f3stegui Salgado particip\u00f3 este mi\u00e9rcoles en la Ceremonia de Destrucci\u00f3n de Armamento Asegurado y Decomisado a Disposici\u00f3n del Ej\u00e9rcito Mexicano.<\/p>\n\n\n\n<p>Acompa\u00f1ado de la secretaria de Protecci\u00f3n y Auxilio Ciudadano (SEPRAC), Alicia V\u00e1zquez Luna y en presencia del gobernador, Cuauht\u00e9moc Blanco Bravo; el General de Brigada Diplomado de Estado Mayor, Jorge Antonio Maldonado Guevara, comandante de la 24\/a Zona Militar; la diputada local, Mirna Zavala Z\u00fa\u00f1iga, en representaci\u00f3n del Congreso de Morelos, y el magistrado Juan Emilio Elizalde Figueroa en representaci\u00f3n del Tribunal Superior de Justicia, el mandatario local presenci\u00f3 la destrucci\u00f3n de 223 armas de fuego de distintas caracter\u00edsticas, calibres y modelos, de las cuales algunas fueron empleadas en hechos delictivos.<\/p>\n\n\n\n<p>En Plaza de Armas \u201cGeneral Emiliano Zapata Salazar\u201d, el Coronel de Infanter\u00eda D.E.M. Jes\u00fas Epifanio Aldrete Calvillo, comandante del 21\/o. Batall\u00f3n de Infanter\u00eda, explic\u00f3 que su prop\u00f3sito es disminuir la posesi\u00f3n de armas entre la poblaci\u00f3n, principalmente de los j\u00f3venes dentro de los hogares y en las calles, acrecentando con ello la seguridad de los morelenses.<\/p>\n\n\n\n<p>Con este acto se contribuye a mantener la seguridad de la sociedad para la construcci\u00f3n de la paz como un elemento esencial que fortalece la tranquilidad y bienestar, en una tarea conjunta y articulada con las autoridades de los tres niveles de gobierno para alcanzar la meta trazada por el Gobierno federal que sostiene la necesidad de un Morelos y una Cuernavaca sin armas, seguros y mejor para todos.<\/p>\n\n\n\n<p>Al evento asistieron tambi\u00e9n el Fiscal General del Estado, Uriel Carmona G\u00e1ndara; el titular de la representaci\u00f3n de SEGOB en Morelos, Carlos Brito Ocampo; el delegado federal para los Programas de Bienestar Social en Morelos, Ra\u00fal Anaya Rojas; el coordinador estatal de la Guardia Nacional, inspector general Valent\u00edn Pedroza Guti\u00e9rrez; as\u00ed como autoridades estatales y municipales.<\/p>\n\n\n\n<figure class=\"wp-container-2 wp-block-gallery-1 wp-block-gallery has-nested-images columns-default is-cropped\">\n<figure class=\"wp-block-image size-large\"><img loading=\"lazy\" width=\"1024\" height=\"682\" data-id=\"17080\"  src=\"https:\/\/cuernavaca.gob.mx\/wp-content\/uploads\/2022\/08\/Destruccio\u0301n-armas-ejercito-01-1024x682.jpg\" alt=\"\" class=\"wp-image-17080\" srcset=\"https:\/\/cuernavaca.gob.mx\/wp-content\/uploads\/2022\/08\/Destruccio\u0301n-armas-ejercito-01-1024x682.jpg 1024w, https:\/\/cuernavaca.gob.mx\/wp-content\/uploads\/2022\/08\/Destruccio\u0301n-armas-ejercito-01-300x200.jpg 300w, https:\/\/cuernavaca.gob.mx\/wp-content\/uploads\/2022\/08\/Destruccio\u0301n-armas-ejercito-01-768x512.jpg 768w, https:\/\/cuernavaca.gob.mx\/wp-content\/uploads\/2022\/08\/Destruccio\u0301n-armas-ejercito-01-600x400.jpg 600w, https:\/\/cuernavaca.gob.mx\/wp-content\/uploads\/2022\/08\/Destruccio\u0301n-armas-ejercito-01-560x373.jpg 560w, https:\/\/cuernavaca.gob.mx\/wp-content\/uploads\/2022\/08\/Destruccio\u0301n-armas-ejercito-01.jpg 1280w\" sizes=\"(max-width: 1024px) 100vw, 1024px\" \/><\/figure>\n\n\n\n<figure class=\"wp-block-image size-large\"><img loading=\"lazy\" width=\"1024\" height=\"575\" data-id=\"17079\"  src=\"https:\/\/cuernavaca.gob.mx\/wp-content\/uploads\/2022\/08\/Destruccio\u0301n-armas-ejercito-02-1024x575.jpg\" alt=\"\" class=\"wp-image-17079\" srcset=\"https:\/\/cuernavaca.gob.mx\/wp-content\/uploads\/2022\/08\/Destruccio\u0301n-armas-ejercito-02-1024x575.jpg 1024w, https:\/\/cuernavaca.gob.mx\/wp-content\/uploads\/2022\/08\/Destruccio\u0301n-armas-ejercito-02-300x169.jpg 300w, https:\/\/cuernavaca.gob.mx\/wp-content\/uploads\/2022\/08\/Destruccio\u0301n-armas-ejercito-02-768x431.jpg 768w, https:\/\/cuernavaca.gob.mx\/wp-content\/uploads\/2022\/08\/Destruccio\u0301n-armas-ejercito-02-600x337.jpg 600w, https:\/\/cuernavaca.gob.mx\/wp-content\/uploads\/2022\/08\/Destruccio\u0301n-armas-ejercito-02-560x315.jpg 560w, https:\/\/cuernavaca.gob.mx\/wp-content\/uploads\/2022\/08\/Destruccio\u0301n-armas-ejercito-02.jpg 1280w\" sizes=\"(max-width: 1024px) 100vw, 1024px\" \/><\/figure>\n\n\n\n<figure class=\"wp-block-image size-large\"><img loading=\"lazy\" width=\"1024\" height=\"576\" data-id=\"17081\"  src=\"https:\/\/cuernavaca.gob.mx\/wp-content\/uploads\/2022\/08\/Destruccio\u0301n-armas-ejercito-03-1024x576.jpg\" alt=\"\" class=\"wp-image-17081\" srcset=\"https:\/\/cuernavaca.gob.mx\/wp-content\/uploads\/2022\/08\/Destruccio\u0301n-armas-ejercito-03-1024x576.jpg 1024w, https:\/\/cuernavaca.gob.mx\/wp-content\/uploads\/2022\/08\/Destruccio\u0301n-armas-ejercito-03-300x169.jpg 300w, https:\/\/cuernavaca.gob.mx\/wp-content\/uploads\/2022\/08\/Destruccio\u0301n-armas-ejercito-03-768x432.jpg 768w, https:\/\/cuernavaca.gob.mx\/wp-content\/uploads\/2022\/08\/Destruccio\u0301n-armas-ejercito-03-600x338.jpg 600w, https:\/\/cuernavaca.gob.mx\/wp-content\/uploads\/2022\/08\/Destruccio\u0301n-armas-ejercito-03-560x315.jpg 560w, https:\/\/cuernavaca.gob.mx\/wp-content\/uploads\/2022\/08\/Destruccio\u0301n-armas-ejercito-03.jpg 1280w\" sizes=\"(max-width: 1024px) 100vw, 1024px\" \/><\/figure>\n\n\n\n<figure class=\"wp-block-image size-large\"><img loading=\"lazy\" width=\"1024\" height=\"576\" data-id=\"17078\"  src=\"https:\/\/cuernavaca.gob.mx\/wp-content\/uploads\/2022\/08\/Destruccio\u0301n-armas-ejercito-04-1024x576.jpg\" alt=\"\" class=\"wp-image-17078\" srcset=\"https:\/\/cuernavaca.gob.mx\/wp-content\/uploads\/2022\/08\/Destruccio\u0301n-armas-ejercito-04-1024x576.jpg 1024w, https:\/\/cuernavaca.gob.mx\/wp-content\/uploads\/2022\/08\/Destruccio\u0301n-armas-ejercito-04-300x169.jpg 300w, https:\/\/cuernavaca.gob.mx\/wp-content\/uploads\/2022\/08\/Destruccio\u0301n-armas-ejercito-04-768x432.jpg 768w, https:\/\/cuernavaca.gob.mx\/wp-content\/uploads\/2022\/08\/Destruccio\u0301n-armas-ejercito-04-600x338.jpg 600w, https:\/\/cuernavaca.gob.mx\/wp-content\/uploads\/2022\/08\/Destruccio\u0301n-armas-ejercito-04-560x315.jpg 560w, https:\/\/cuernavaca.gob.mx\/wp-content\/uploads\/2022\/08\/Destruccio\u0301n-armas-ejercito-04.jpg 1280w\" sizes=\"(max-width: 1024px) 100vw, 1024px\" \/><\/figure>\n<\/figure>\n","protected":false},"excerpt":{"rendered":"<p>C\u00f3mo parte del trabajo coordinado y acompa\u00f1amiento interinstitucional entre el Ayuntamiento de Cuernavaca y la Secretar\u00eda de la Defensa Nacional (Sedena), el presidente municipal, Jos\u00e9 Luis Uri\u00f3stegui Salgado particip\u00f3 este mi\u00e9rcoles en la Ceremonia de Destrucci\u00f3n de Armamento Asegurado y Decomisado a Disposici\u00f3n del Ej\u00e9rcito Mexicano. Acompa\u00f1ado de la secretaria de Protecci\u00f3n y Auxilio Ciudadano [&hellip;]<\/p>\n","protected":false},"author":1,"featured_media":17080,"comment_status":"closed","ping_status":"closed","sticky":false,"template":"","format":"standard","meta":[],"categories":[20],"tags":[149,121,2048,2049,2050,120,2047,125,252],"aioseo_notices":[],"_links":{"self":[{"href":"https:\/\/cuernavaca.gob.mx\/index.php?rest_route=\/wp\/v2\/posts\/17077"}],"collection":[{"href":"https:\/\/cuernavaca.gob.mx\/index.php?rest_route=\/wp\/v2\/posts"}],"about":[{"href":"https:\/\/cuernavaca.gob.mx\/index.php?rest_route=\/wp\/v2\/types\/post"}],"author":[{"embeddable":true,"href":"https:\/\/cuernavaca.gob.mx\/index.php?rest_route=\/wp\/v2\/users\/1"}],"replies":[{"embeddable":true,"href":"https:\/\/cuernavaca.gob.mx\/index.php?rest_route=%2Fwp%2Fv2%2Fcomments&post=17077"}],"version-history":[{"count":1,"href":"https:\/\/cuernavaca.gob.mx\/index.php?rest_route=\/wp\/v2\/posts\/17077\/revisions"}],"predecessor-version":[{"id":17082,"href":"https:\/\/cuernavaca.gob.mx\/index.php?rest_route=\/wp\/v2\/posts\/17077\/revisions\/17082"}],"wp:featuredmedia":[{"embeddable":true,"href":"https:\/\/cuernavaca.gob.mx\/index.php?rest_route=\/wp\/v2\/media\/17080"}],"wp:attachment":[{"href":"https:\/\/cuernavaca.gob.mx\/index.php?rest_route=%2Fwp%2Fv2%2Fmedia&parent=17077"}],"wp:term":[{"taxonomy":"category","embeddable":true,"href":"https:\/\/cuernavaca.gob.mx\/index.php?rest_route=%2Fwp%2Fv2%2Fcategories&post=17077"},{"taxonomy":"post_tag","embeddable":true,"href":"https:\/\/cuernavaca.gob.mx\/index.php?rest_route=%2Fwp%2Fv2%2Ftags&post=17077"}],"curies":[{"name":"wp","href":"https:\/\/api.w.org\/{rel}","templated":true}]}}