{"id":17083,"date":"2022-08-10T15:00:00","date_gmt":"2022-08-10T20:00:00","guid":{"rendered":"https:\/\/cuernavaca.gob.mx\/?p=17083"},"modified":"2025-05-06T12:06:07","modified_gmt":"2025-05-06T18:06:07","slug":"b480-10-08-22-acuerda-cabildo-de-cuernavaca-creacion-de-comision-especial-para-el-proceso-de-ordenamiento-del-comercio-ambulante","status":"publish","type":"post","link":"https:\/\/cuernavaca.gob.mx\/?p=17083","title":{"rendered":"B480 10\/08\/22 ACUERDA CABILDO DE CUERNAVACA CREACI\u00d3N DE COMISI\u00d3N ESPECIAL PARA EL PROCESO DE ORDENAMIENTO DEL COMERCIO AMBULANTE"},"content":{"rendered":"\n<p><strong>El presidente municipal destac\u00f3 la disposici\u00f3n de l\u00edderes para avanzar en el proceso de regulaci\u00f3n y encontrar estas coincidencias<\/strong><\/p>\n\n\n\n<p><strong>El secretario del Ayuntamiento Carlos de la Rosa dio a conocer un proyecto preliminar para la reorganizaci\u00f3n de los comerciantes existentes<\/strong><\/p>\n\n\n\n<p>Integrantes del Cabildo de Cuernavaca avalaron este mi\u00e9rcoles la creaci\u00f3n de una comisi\u00f3n especial que verifique en el proyecto de reorganizaci\u00f3n y regulaci\u00f3n del comercio ambulante o semi fijo para la ciudad, se incluyan las propuestas de los mismos comerciantes, pretendiendo con esto encontrar puntos de coincidencia que permitan al territorio municipal tener un orden dentro de las calles del Centro Hist\u00f3rico.<\/p>\n\n\n\n<p>En sesi\u00f3n ordinaria, a propuesta del presidente municipal, Jos\u00e9 Luis Uri\u00f3stegui Salgado, la conformaci\u00f3n de este cuerpo colegiado ser\u00e1 por las y los regidores, quienes dar\u00e1n seguimiento a las conversaciones con los representantes de comerciantes, a efecto de que dentro de poco se logre encontrar una soluci\u00f3n y, las personas que hoy no tienen la certeza jur\u00eddica la obtengan, se les expidan las licencias respectivas, y paguen los derechos que corresponden.<\/p>\n\n\n\n<p>Como sugerencias, que deber\u00e1n ser respaldadas por los mismos comerciantes, los regidores Fernando Carrillo Alvarado, Wendi Salinas Ruiz, Paz Hern\u00e1ndez Pardo, Adri\u00e1n Mart\u00ednez Terrazas, Jes\u00fas Tlacaelel Rosales Puebla, Ximena Rom\u00e1n Peralta y Christian Mishell P\u00e9rez Jaimes, manifestaron su deseo de poder integrarse a la comisi\u00f3n, que atender\u00e1 la reuni\u00f3n programada para el pr\u00f3ximo viernes 12 de agosto a las 13:00 horas en el Sal\u00f3n de Cabildos con los l\u00edderes gremiales, dando inicio a las mesas de di\u00e1logo.<\/p>\n\n\n\n<p>Al respecto, el alcalde Jos\u00e9 Luis Uri\u00f3stegui se\u00f1al\u00f3 que, si bien de forma reiterada la administraci\u00f3n municipal ha sostenido distintas reuniones con representantes de comerciantes ambulantes del primer cuadro de la ciudad, pretendiendo llegar a acuerdos que permitan a la autoridad cumplir con su deber de privilegiar que las vialidades sean utilizadas por los peatones que circulan, cada d\u00eda el n\u00famero de personas dedicadas al ambulantaje crece sin que se ponga orden.<\/p>\n\n\n\n<p>Por ello, se\u00f1al\u00f3 es importante iniciar un proceso de reordenamiento partiendo de algo concreto para continuar con el di\u00e1logo con los comerciantes y encontrar estas coincidencias que den a Cuernavaca un ordenamiento \u00f3ptimo, \u201cno se trata de afectar la econom\u00eda de las familias que dependen de esta actividad, pero tambi\u00e9n tenemos una demanda de la poblaci\u00f3n de generar una ciudad con mejores condiciones para su imagen, para la movilidad en general\u201d.<\/p>\n\n\n\n<p>En este marco, el secretario del Ayuntamiento, Carlos de la Rosa Segura, dio a conocer un proyecto preliminar donde se establecen las bases para la reorganizaci\u00f3n y regulaci\u00f3n de los comerciantes existentes que realizan actividad comercial en su modalidad de ambulante o semi fijo en la v\u00eda p\u00fablica, destacando que su \u00fanico objetivo es el mejoramiento de la imagen urbana, la reducci\u00f3n de residuos, tr\u00e1fico vehicular, ruido y accidentes, as\u00ed como recuperar el uso de las banquetas y calles, aunado a que se detectaron irregularidades t\u00e9cnico-jur\u00eddicas de fondo y forma en la documentaci\u00f3n y archivo de comerciantes ambulantes semi fijos.<\/p>\n\n\n\n<p>Cabe mencionar que la resoluci\u00f3n de este punto de acuerdo se reserv\u00f3, a fin de continuar con el di\u00e1logo entre comerciantes y encontrar los elementos necesarios para que quienes se dedican tanto a esta actividad como la autoridad cumplan con sus respectivos objetivos.<\/p>\n\n\n\n<p>Finalmente, el regidor Fernando Carrillo Alvarado reconoci\u00f3 la intenci\u00f3n del alcalde capitalino y del secretario del Ayuntamiento para poner atenci\u00f3n a un tema toral para Cuernavaca que ten\u00eda a\u00f1os sin ser atendido, tomando en cuenta el trabajo de los comerciantes ambulantes, pero tambi\u00e9n el orden de la ciudad, \u201choy tenemos que ver estos dos sentidos y celebro que este Cabildo y nuestro alcalde vean esa doble v\u00eda, un trabajo a favor de Cuernavaca\u201d.<\/p>\n\n\n\n<figure class=\"wp-container-2 wp-block-gallery-1 wp-block-gallery has-nested-images columns-default is-cropped\">\n<figure class=\"wp-block-image size-large\"><img loading=\"lazy\" width=\"1024\" height=\"682\" data-id=\"17088\"  src=\"https:\/\/cuernavaca.gob.mx\/wp-content\/uploads\/2022\/08\/Regulacio\u0301n-de-comerciantes-01-1024x682.jpg\" alt=\"\" class=\"wp-image-17088\" srcset=\"https:\/\/cuernavaca.gob.mx\/wp-content\/uploads\/2022\/08\/Regulacio\u0301n-de-comerciantes-01-1024x682.jpg 1024w, https:\/\/cuernavaca.gob.mx\/wp-content\/uploads\/2022\/08\/Regulacio\u0301n-de-comerciantes-01-300x200.jpg 300w, https:\/\/cuernavaca.gob.mx\/wp-content\/uploads\/2022\/08\/Regulacio\u0301n-de-comerciantes-01-768x512.jpg 768w, https:\/\/cuernavaca.gob.mx\/wp-content\/uploads\/2022\/08\/Regulacio\u0301n-de-comerciantes-01-600x400.jpg 600w, https:\/\/cuernavaca.gob.mx\/wp-content\/uploads\/2022\/08\/Regulacio\u0301n-de-comerciantes-01-560x373.jpg 560w, https:\/\/cuernavaca.gob.mx\/wp-content\/uploads\/2022\/08\/Regulacio\u0301n-de-comerciantes-01.jpg 1280w\" sizes=\"(max-width: 1024px) 100vw, 1024px\" \/><\/figure>\n\n\n\n<figure class=\"wp-block-image size-large\"><img loading=\"lazy\" width=\"1024\" height=\"682\" data-id=\"17087\"  src=\"https:\/\/cuernavaca.gob.mx\/wp-content\/uploads\/2022\/08\/Regulacio\u0301n-de-comerciantes-02-1024x682.jpg\" alt=\"\" class=\"wp-image-17087\" srcset=\"https:\/\/cuernavaca.gob.mx\/wp-content\/uploads\/2022\/08\/Regulacio\u0301n-de-comerciantes-02-1024x682.jpg 1024w, https:\/\/cuernavaca.gob.mx\/wp-content\/uploads\/2022\/08\/Regulacio\u0301n-de-comerciantes-02-300x200.jpg 300w, https:\/\/cuernavaca.gob.mx\/wp-content\/uploads\/2022\/08\/Regulacio\u0301n-de-comerciantes-02-768x512.jpg 768w, https:\/\/cuernavaca.gob.mx\/wp-content\/uploads\/2022\/08\/Regulacio\u0301n-de-comerciantes-02-600x400.jpg 600w, https:\/\/cuernavaca.gob.mx\/wp-content\/uploads\/2022\/08\/Regulacio\u0301n-de-comerciantes-02-560x373.jpg 560w, https:\/\/cuernavaca.gob.mx\/wp-content\/uploads\/2022\/08\/Regulacio\u0301n-de-comerciantes-02.jpg 1280w\" sizes=\"(max-width: 1024px) 100vw, 1024px\" \/><\/figure>\n\n\n\n<figure class=\"wp-block-image size-large\"><img loading=\"lazy\" width=\"1024\" height=\"682\" data-id=\"17084\"  src=\"https:\/\/cuernavaca.gob.mx\/wp-content\/uploads\/2022\/08\/Regulacio\u0301n-de-comerciantes-03-1024x682.jpg\" alt=\"\" class=\"wp-image-17084\" srcset=\"https:\/\/cuernavaca.gob.mx\/wp-content\/uploads\/2022\/08\/Regulacio\u0301n-de-comerciantes-03-1024x682.jpg 1024w, https:\/\/cuernavaca.gob.mx\/wp-content\/uploads\/2022\/08\/Regulacio\u0301n-de-comerciantes-03-300x200.jpg 300w, https:\/\/cuernavaca.gob.mx\/wp-content\/uploads\/2022\/08\/Regulacio\u0301n-de-comerciantes-03-768x512.jpg 768w, https:\/\/cuernavaca.gob.mx\/wp-content\/uploads\/2022\/08\/Regulacio\u0301n-de-comerciantes-03-600x400.jpg 600w, https:\/\/cuernavaca.gob.mx\/wp-content\/uploads\/2022\/08\/Regulacio\u0301n-de-comerciantes-03-560x373.jpg 560w, https:\/\/cuernavaca.gob.mx\/wp-content\/uploads\/2022\/08\/Regulacio\u0301n-de-comerciantes-03.jpg 1280w\" sizes=\"(max-width: 1024px) 100vw, 1024px\" \/><\/figure>\n\n\n\n<figure class=\"wp-block-image size-large\"><img loading=\"lazy\" width=\"1024\" height=\"682\" data-id=\"17086\"  src=\"https:\/\/cuernavaca.gob.mx\/wp-content\/uploads\/2022\/08\/Regulacio\u0301n-de-comerciantes-04-1024x682.jpg\" alt=\"\" class=\"wp-image-17086\" srcset=\"https:\/\/cuernavaca.gob.mx\/wp-content\/uploads\/2022\/08\/Regulacio\u0301n-de-comerciantes-04-1024x682.jpg 1024w, https:\/\/cuernavaca.gob.mx\/wp-content\/uploads\/2022\/08\/Regulacio\u0301n-de-comerciantes-04-300x200.jpg 300w, https:\/\/cuernavaca.gob.mx\/wp-content\/uploads\/2022\/08\/Regulacio\u0301n-de-comerciantes-04-768x512.jpg 768w, https:\/\/cuernavaca.gob.mx\/wp-content\/uploads\/2022\/08\/Regulacio\u0301n-de-comerciantes-04-600x400.jpg 600w, https:\/\/cuernavaca.gob.mx\/wp-content\/uploads\/2022\/08\/Regulacio\u0301n-de-comerciantes-04-560x373.jpg 560w, https:\/\/cuernavaca.gob.mx\/wp-content\/uploads\/2022\/08\/Regulacio\u0301n-de-comerciantes-04.jpg 1280w\" sizes=\"(max-width: 1024px) 100vw, 1024px\" \/><\/figure>\n\n\n\n<figure class=\"wp-block-image size-large\"><img loading=\"lazy\" width=\"1024\" height=\"576\" data-id=\"17085\"  src=\"https:\/\/cuernavaca.gob.mx\/wp-content\/uploads\/2022\/08\/Regulacio\u0301n-de-comerciantes-05-1024x576.jpg\" alt=\"\" class=\"wp-image-17085\" srcset=\"https:\/\/cuernavaca.gob.mx\/wp-content\/uploads\/2022\/08\/Regulacio\u0301n-de-comerciantes-05-1024x576.jpg 1024w, https:\/\/cuernavaca.gob.mx\/wp-content\/uploads\/2022\/08\/Regulacio\u0301n-de-comerciantes-05-300x169.jpg 300w, https:\/\/cuernavaca.gob.mx\/wp-content\/uploads\/2022\/08\/Regulacio\u0301n-de-comerciantes-05-768x432.jpg 768w, https:\/\/cuernavaca.gob.mx\/wp-content\/uploads\/2022\/08\/Regulacio\u0301n-de-comerciantes-05-600x338.jpg 600w, https:\/\/cuernavaca.gob.mx\/wp-content\/uploads\/2022\/08\/Regulacio\u0301n-de-comerciantes-05-560x315.jpg 560w, https:\/\/cuernavaca.gob.mx\/wp-content\/uploads\/2022\/08\/Regulacio\u0301n-de-comerciantes-05.jpg 1280w\" sizes=\"(max-width: 1024px) 100vw, 1024px\" \/><\/figure>\n\n\n\n<figure class=\"wp-block-image size-large\"><img loading=\"lazy\" width=\"1024\" height=\"682\" data-id=\"17089\"  src=\"https:\/\/cuernavaca.gob.mx\/wp-content\/uploads\/2022\/08\/Regulacio\u0301n-de-comerciantes-06-1024x682.jpg\" alt=\"\" class=\"wp-image-17089\" srcset=\"https:\/\/cuernavaca.gob.mx\/wp-content\/uploads\/2022\/08\/Regulacio\u0301n-de-comerciantes-06-1024x682.jpg 1024w, https:\/\/cuernavaca.gob.mx\/wp-content\/uploads\/2022\/08\/Regulacio\u0301n-de-comerciantes-06-300x200.jpg 300w, https:\/\/cuernavaca.gob.mx\/wp-content\/uploads\/2022\/08\/Regulacio\u0301n-de-comerciantes-06-768x512.jpg 768w, https:\/\/cuernavaca.gob.mx\/wp-content\/uploads\/2022\/08\/Regulacio\u0301n-de-comerciantes-06-600x400.jpg 600w, https:\/\/cuernavaca.gob.mx\/wp-content\/uploads\/2022\/08\/Regulacio\u0301n-de-comerciantes-06-560x373.jpg 560w, https:\/\/cuernavaca.gob.mx\/wp-content\/uploads\/2022\/08\/Regulacio\u0301n-de-comerciantes-06.jpg 1280w\" sizes=\"(max-width: 1024px) 100vw, 1024px\" \/><\/figure>\n<\/figure>\n","protected":false},"excerpt":{"rendered":"<p>El presidente municipal destac\u00f3 la disposici\u00f3n de l\u00edderes para avanzar en el proceso de regulaci\u00f3n y encontrar estas coincidencias El secretario del Ayuntamiento Carlos de la Rosa dio a conocer un proyecto preliminar para la reorganizaci\u00f3n de los comerciantes existentes Integrantes del Cabildo de Cuernavaca avalaron este mi\u00e9rcoles la creaci\u00f3n de una comisi\u00f3n especial que [&hellip;]<\/p>\n","protected":false},"author":1,"featured_media":17089,"comment_status":"closed","ping_status":"closed","sticky":false,"template":"","format":"standard","meta":[],"categories":[20],"tags":[594,158,405,800,121,120],"aioseo_notices":[],"_links":{"self":[{"href":"https:\/\/cuernavaca.gob.mx\/index.php?rest_route=\/wp\/v2\/posts\/17083"}],"collection":[{"href":"https:\/\/cuernavaca.gob.mx\/index.php?rest_route=\/wp\/v2\/posts"}],"about":[{"href":"https:\/\/cuernavaca.gob.mx\/index.php?rest_route=\/wp\/v2\/types\/post"}],"author":[{"embeddable":true,"href":"https:\/\/cuernavaca.gob.mx\/index.php?rest_route=\/wp\/v2\/users\/1"}],"replies":[{"embeddable":true,"href":"https:\/\/cuernavaca.gob.mx\/index.php?rest_route=%2Fwp%2Fv2%2Fcomments&post=17083"}],"version-history":[{"count":1,"href":"https:\/\/cuernavaca.gob.mx\/index.php?rest_route=\/wp\/v2\/posts\/17083\/revisions"}],"predecessor-version":[{"id":17090,"href":"https:\/\/cuernavaca.gob.mx\/index.php?rest_route=\/wp\/v2\/posts\/17083\/revisions\/17090"}],"wp:featuredmedia":[{"embeddable":true,"href":"https:\/\/cuernavaca.gob.mx\/index.php?rest_route=\/wp\/v2\/media\/17089"}],"wp:attachment":[{"href":"https:\/\/cuernavaca.gob.mx\/index.php?rest_route=%2Fwp%2Fv2%2Fmedia&parent=17083"}],"wp:term":[{"taxonomy":"category","embeddable":true,"href":"https:\/\/cuernavaca.gob.mx\/index.php?rest_route=%2Fwp%2Fv2%2Fcategories&post=17083"},{"taxonomy":"post_tag","embeddable":true,"href":"https:\/\/cuernavaca.gob.mx\/index.php?rest_route=%2Fwp%2Fv2%2Ftags&post=17083"}],"curies":[{"name":"wp","href":"https:\/\/api.w.org\/{rel}","templated":true}]}}