{"id":17091,"date":"2022-08-10T17:00:00","date_gmt":"2022-08-10T22:00:00","guid":{"rendered":"https:\/\/cuernavaca.gob.mx\/?p=17091"},"modified":"2025-05-06T12:06:06","modified_gmt":"2025-05-06T18:06:06","slug":"b481-10-08-22-instituto-de-la-mujer-de-cuernavaca-cumple-y-da-prioridad-con-la-declaratoria-de-alerta-de-violencia-de-genero","status":"publish","type":"post","link":"https:\/\/cuernavaca.gob.mx\/?p=17091","title":{"rendered":"B481 10\/08\/22 INSTITUTO DE LA MUJER DE CUERNAVACA CUMPLE Y DA PRIORIDAD CON LA DECLARATORIA DE ALERTA DE VIOLENCIA DE G\u00c9NERO"},"content":{"rendered":"\n<p><strong>A siete a\u00f1os de que se decretara la AVG y a siete meses de la presente administraci\u00f3n municipal se ha logrado abonar a que las mujeres vivan una vida libre de violencia<\/strong><\/p>\n\n\n\n<p>A siete a\u00f1os de que la capital del estado se decretara la Alerta de Violencia de G\u00e9nero (AVG), junto con otros 7 municipios de Morelos y a siete meses de la presente administraci\u00f3n municipal, el Instituto de la Mujer de Cuernavaca (IMC) ha logrado consolidar avances significativos para abonar a que las mujeres vivan una vida libre de violencia, impulsando la perspectiva de g\u00e9nero tanto al interior como al exterior del ayuntamiento, acatando cada una las acciones para atender este mecanismo, pero tambi\u00e9n trabajando de manera integral para fortalecer el bienestar y seguridad de las mujeres.<\/p>\n\n\n\n<p>En sesi\u00f3n ordinaria de Cabildo este mi\u00e9rcoles, la directora general del IMC, Lorena Castillo Castillo, rindi\u00f3 un informe de atenci\u00f3n a las medidas de la declaratoria de AVG, se\u00f1alando que los ejes rectores e instrumentos de operaci\u00f3n de la dependencia a su cargo son el Sistema Municipal para Prevenir, Atender, Sancionar y Erradicar la Violencia Contra las Mujeres (PASEMUN) y el Modelo de Atenci\u00f3n Integral de Cuernavaca (MAIC), que pretende sensibilizar, informar, capacitar y formar para la prevenci\u00f3n y atenci\u00f3n de la violencia contra las ni\u00f1as, adolescentes y mujeres en la ciudad.<\/p>\n\n\n\n<p>Puntualiz\u00f3 que el IMC ha avanzado en cada una de las medidas en base a un trabajo coordinado con otras \u00e1reas del municipio y tambi\u00e9n distintas dependencias y organizaciones de la sociedad civil y de los tres \u00f3rdenes de gobierno, cumpliendo con la publicaci\u00f3n y divulgaci\u00f3n en medios de comunicaci\u00f3n y lugares estrat\u00e9gicos de la naturaleza y los alcances de la AVG con informaci\u00f3n accesible para la poblaci\u00f3n; dise\u00f1ar y ejecutar inmediatamente una estrategia para la recuperaci\u00f3n de espacios p\u00fablicos y prevenci\u00f3n de la violencia, mediante la implementaci\u00f3n de medidas de seguridad espec\u00edficas en zonas de riesgo o de alto \u00edndice de violencia contra las mujeres.<\/p>\n\n\n\n<p>Para este \u00faltimo punto, se mantiene una coordinaci\u00f3n con la Secretar\u00eda de Protecci\u00f3n y Auxilio Ciudadano (SEPRAC), la Secretar\u00eda de Desarrollo Sustentable y Servicios P\u00fablicos, la Secretar\u00eda de Administraci\u00f3n, la Direcci\u00f3n de Comunicaci\u00f3n Social, la Comisi\u00f3n de Equidad y las delegaciones municipales, estableciendo espacios comunitarios con y para las mujeres a trav\u00e9s del arte; adem\u00e1s de espacios en el transporte p\u00fablico a trav\u00e9s de los programas &#8220;Rutas seguras y sororas&#8221; y &#8220;Taxis seguros&#8221;.<\/p>\n\n\n\n<p>En cuanto a la creaci\u00f3n de m\u00f3dulos de atenci\u00f3n inmediata a mujeres en situaci\u00f3n de riesgo, el IMC ha contado con una asistencia multidisciplinaria, cumpliendo con el respectivo protocolo de actuaci\u00f3n de las y los servidores p\u00fablicos encargados de brindar los servicios, que han sido un total de 178 en atenci\u00f3n general, 253 sesiones de asesor\u00eda psicol\u00f3gica y 94 asesor\u00edas jur\u00eddicas.<\/p>\n\n\n\n<p>De igual forma, Lorena Castillo dio a conocer el protocolo gr\u00e1fico de actuaci\u00f3n del IMC constituido en mantener una cercan\u00eda, contenci\u00f3n en sitio, canalizaci\u00f3n y seguimiento, as\u00ed como el protocolo de atenci\u00f3n a mujeres v\u00edctimas de violencia que cuenten con medidas de protecci\u00f3n.<\/p>\n\n\n\n<p>En cumplimiento a la quinta medida de la declaratoria, creando y fortaleciendo las agrupaciones estatales, municipales o mixtas especializadas en seguridad p\u00fablica, as\u00ed como c\u00e9lulas municipales de reacci\u00f3n inmediata, se ha concretado un trabajo coordinado con la SEPRAC para brindar capacitaci\u00f3n, participando, a la par, en mesas de trabajo especializado, como la Mesa para la Construcci\u00f3n de la Paz.<\/p>\n\n\n\n<p>Respecto a la integraci\u00f3n y actualizaci\u00f3n del Banco Estatal de Datos e Informaci\u00f3n sobre Casos de Violencia contra las Mujeres (BANESVIM), el Instituto de la Mujer de Cuernavaca (IMC) ha dado cumplimento de forma permanente, integrando de abril a julio, 129 casos de violencia contra mujeres, de los cuales 53 se ubican para un rango de edad entre los 19 a 40 a\u00f1os, 39 casos corresponden al grupo de entre 41 a 60 a\u00f1os, 19 casos de mujeres de 61 a\u00f1os y m\u00e1s, cinco casos en adolescentes y j\u00f3venes de 12 a 18 a\u00f1os y cuatro casos de cero a 11 a\u00f1os, siendo la principal modalidad de violencia el \u00e1mbito familiar.<\/p>\n\n\n\n<p>En tan solo siete meses, el IMC ha beneficiado de manera directa a cuatro mil 655 personas, contando con programas rectores como Mujeres que inspiran, Conocerte y reconocerte, Cultura institucional de Cero Tolerancia; Pinta Trazos con el IMC; Rutas Sororas; D\u00eda Naranja en tu colonia y en los mercados; Jornada Violeta; Cooperativa Violeta; Cinema itinerante; Conversatorios tem\u00e1ticos; Redes violetas de colaboraci\u00f3n para el bienestar de las ni\u00f1as, adolescentes y mujeres (becas empresariales, programas de apoyo social, de acceso a los servicios de salud y educativos), aunado a la promoci\u00f3n de la cultura de la denuncia.<\/p>\n\n\n\n<p>C\u00f3mo parte de una colaboraci\u00f3n y generaci\u00f3n de redes, el IMC ha participado en la implementaci\u00f3n y organizaci\u00f3n de los proyectos Puntos P\u00farpura, Redes de Mujeres Constructoras de Paz (MUCPAZ) y las marchas exploratorias a lo largo y ancho de la ciudad, acciones que se impulsan desde el Gobierno Municipal.<\/p>\n\n\n\n<p>Finalmente, la funcionaria municipal destac\u00f3 que Cuernavaca es el primer municipio en el estado en contar con una Unidad de Masculinidades (UM) que forma parte de la estrategia de la administraci\u00f3n municipal 2022- 2024, para desactivar las causas de la violencia contra las mujeres en lo particular y de g\u00e9nero en lo social, cumpliendo el prop\u00f3sito de partir de la reeducaci\u00f3n de los varones, al asesorarlos y acompa\u00f1arlos en su tr\u00e1nsito del estereotipo del machismo hacia el descubrimiento de su propia y aut\u00e9ntica masculinidad consciente y saludable.<\/p>\n\n\n\n<p>Tras reconocer el amplio trabajo que ha desarrollado el Instituto de la Mujer pese a las carencias materiales y econ\u00f3micas, el presidente municipal, Jos\u00e9 Luis Uri\u00f3stegui Salgado, puntualiz\u00f3 la importancia de presentar este informe ante el cuerpo edilicio en una fecha tan significativa, como es este 10 de agosto, que se cumplen siete a\u00f1os de haberse emitido la AVG en ocho municipios de Morelos, entre ellos Cuernavaca para que la ciudadan\u00eda conozca de primera mano el trabajo que se ha estado realizando.<\/p>\n\n\n\n<p>&#8220;Que la gente vea que el trabajo que se est\u00e1 haciendo tiene sentido, tiene objetivos y metas, que hay una corresponsabilidad de quienes est\u00e1n en el Cabildo y en el Gabinete, pero con el liderazgo de la directora del instituto de la mujer&#8221;, acot\u00f3.<\/p>\n\n\n\n<p>A este reconocimiento se sumaron las regidoras y regidores Wendi Salinas Ruiz, Ximena Rom\u00e1n Peralta, Jes\u00fas Tlacaelel Rosales Puebla y Fernando Carrillo Alvarado, as\u00ed como la s\u00edndica municipal, Ver\u00f3nica Atenco P\u00e9rez, quienes elogiaron cada una de las acciones implementadas para cumplir con la prevenci\u00f3n y erradicaci\u00f3n de la violencia hacia las mujeres, refrendando su apoyo al Instituto de la Mujer de Cuernavaca (IMC).<\/p>\n\n\n\n<figure class=\"wp-container-2 wp-block-gallery-1 wp-block-gallery has-nested-images columns-default is-cropped\">\n<figure class=\"wp-block-image size-large\"><img loading=\"lazy\" width=\"1024\" height=\"682\" data-id=\"17092\"  src=\"https:\/\/cuernavaca.gob.mx\/wp-content\/uploads\/2022\/08\/Cumple-Alerta-de-Violencia-de-Genero-01-1024x682.jpg\" alt=\"\" class=\"wp-image-17092\" srcset=\"https:\/\/cuernavaca.gob.mx\/wp-content\/uploads\/2022\/08\/Cumple-Alerta-de-Violencia-de-Genero-01-1024x682.jpg 1024w, https:\/\/cuernavaca.gob.mx\/wp-content\/uploads\/2022\/08\/Cumple-Alerta-de-Violencia-de-Genero-01-300x200.jpg 300w, https:\/\/cuernavaca.gob.mx\/wp-content\/uploads\/2022\/08\/Cumple-Alerta-de-Violencia-de-Genero-01-768x512.jpg 768w, https:\/\/cuernavaca.gob.mx\/wp-content\/uploads\/2022\/08\/Cumple-Alerta-de-Violencia-de-Genero-01-600x400.jpg 600w, https:\/\/cuernavaca.gob.mx\/wp-content\/uploads\/2022\/08\/Cumple-Alerta-de-Violencia-de-Genero-01-560x373.jpg 560w, https:\/\/cuernavaca.gob.mx\/wp-content\/uploads\/2022\/08\/Cumple-Alerta-de-Violencia-de-Genero-01.jpg 1280w\" sizes=\"(max-width: 1024px) 100vw, 1024px\" \/><\/figure>\n\n\n\n<figure class=\"wp-block-image size-large\"><img loading=\"lazy\" width=\"1024\" height=\"682\" data-id=\"17094\"  src=\"https:\/\/cuernavaca.gob.mx\/wp-content\/uploads\/2022\/08\/Cumple-Alerta-de-Violencia-de-Genero-02-1024x682.jpg\" alt=\"\" class=\"wp-image-17094\" srcset=\"https:\/\/cuernavaca.gob.mx\/wp-content\/uploads\/2022\/08\/Cumple-Alerta-de-Violencia-de-Genero-02-1024x682.jpg 1024w, https:\/\/cuernavaca.gob.mx\/wp-content\/uploads\/2022\/08\/Cumple-Alerta-de-Violencia-de-Genero-02-300x200.jpg 300w, https:\/\/cuernavaca.gob.mx\/wp-content\/uploads\/2022\/08\/Cumple-Alerta-de-Violencia-de-Genero-02-768x512.jpg 768w, https:\/\/cuernavaca.gob.mx\/wp-content\/uploads\/2022\/08\/Cumple-Alerta-de-Violencia-de-Genero-02-600x400.jpg 600w, https:\/\/cuernavaca.gob.mx\/wp-content\/uploads\/2022\/08\/Cumple-Alerta-de-Violencia-de-Genero-02-560x373.jpg 560w, https:\/\/cuernavaca.gob.mx\/wp-content\/uploads\/2022\/08\/Cumple-Alerta-de-Violencia-de-Genero-02.jpg 1280w\" sizes=\"(max-width: 1024px) 100vw, 1024px\" \/><\/figure>\n\n\n\n<figure class=\"wp-block-image size-large\"><img loading=\"lazy\" width=\"1024\" height=\"682\" data-id=\"17093\"  src=\"https:\/\/cuernavaca.gob.mx\/wp-content\/uploads\/2022\/08\/Cumple-Alerta-de-Violencia-de-Genero-03-1024x682.jpg\" alt=\"\" class=\"wp-image-17093\" srcset=\"https:\/\/cuernavaca.gob.mx\/wp-content\/uploads\/2022\/08\/Cumple-Alerta-de-Violencia-de-Genero-03-1024x682.jpg 1024w, https:\/\/cuernavaca.gob.mx\/wp-content\/uploads\/2022\/08\/Cumple-Alerta-de-Violencia-de-Genero-03-300x200.jpg 300w, https:\/\/cuernavaca.gob.mx\/wp-content\/uploads\/2022\/08\/Cumple-Alerta-de-Violencia-de-Genero-03-768x512.jpg 768w, https:\/\/cuernavaca.gob.mx\/wp-content\/uploads\/2022\/08\/Cumple-Alerta-de-Violencia-de-Genero-03-600x400.jpg 600w, https:\/\/cuernavaca.gob.mx\/wp-content\/uploads\/2022\/08\/Cumple-Alerta-de-Violencia-de-Genero-03-560x373.jpg 560w, https:\/\/cuernavaca.gob.mx\/wp-content\/uploads\/2022\/08\/Cumple-Alerta-de-Violencia-de-Genero-03.jpg 1280w\" sizes=\"(max-width: 1024px) 100vw, 1024px\" \/><\/figure>\n\n\n\n<figure class=\"wp-block-image size-large\"><img loading=\"lazy\" width=\"1024\" height=\"682\" data-id=\"17095\"  src=\"https:\/\/cuernavaca.gob.mx\/wp-content\/uploads\/2022\/08\/Cumple-Alerta-de-Violencia-de-Genero-04-1024x682.jpg\" alt=\"\" class=\"wp-image-17095\" srcset=\"https:\/\/cuernavaca.gob.mx\/wp-content\/uploads\/2022\/08\/Cumple-Alerta-de-Violencia-de-Genero-04-1024x682.jpg 1024w, https:\/\/cuernavaca.gob.mx\/wp-content\/uploads\/2022\/08\/Cumple-Alerta-de-Violencia-de-Genero-04-300x200.jpg 300w, https:\/\/cuernavaca.gob.mx\/wp-content\/uploads\/2022\/08\/Cumple-Alerta-de-Violencia-de-Genero-04-768x512.jpg 768w, https:\/\/cuernavaca.gob.mx\/wp-content\/uploads\/2022\/08\/Cumple-Alerta-de-Violencia-de-Genero-04-600x400.jpg 600w, https:\/\/cuernavaca.gob.mx\/wp-content\/uploads\/2022\/08\/Cumple-Alerta-de-Violencia-de-Genero-04-560x373.jpg 560w, https:\/\/cuernavaca.gob.mx\/wp-content\/uploads\/2022\/08\/Cumple-Alerta-de-Violencia-de-Genero-04.jpg 1280w\" sizes=\"(max-width: 1024px) 100vw, 1024px\" \/><\/figure>\n\n\n\n<figure class=\"wp-block-image size-large\"><img loading=\"lazy\" width=\"1024\" height=\"682\" data-id=\"17096\"  src=\"https:\/\/cuernavaca.gob.mx\/wp-content\/uploads\/2022\/08\/Cumple-Alerta-de-Violencia-de-Genero-05-1024x682.jpg\" alt=\"\" class=\"wp-image-17096\" srcset=\"https:\/\/cuernavaca.gob.mx\/wp-content\/uploads\/2022\/08\/Cumple-Alerta-de-Violencia-de-Genero-05-1024x682.jpg 1024w, https:\/\/cuernavaca.gob.mx\/wp-content\/uploads\/2022\/08\/Cumple-Alerta-de-Violencia-de-Genero-05-300x200.jpg 300w, https:\/\/cuernavaca.gob.mx\/wp-content\/uploads\/2022\/08\/Cumple-Alerta-de-Violencia-de-Genero-05-768x512.jpg 768w, https:\/\/cuernavaca.gob.mx\/wp-content\/uploads\/2022\/08\/Cumple-Alerta-de-Violencia-de-Genero-05-600x400.jpg 600w, https:\/\/cuernavaca.gob.mx\/wp-content\/uploads\/2022\/08\/Cumple-Alerta-de-Violencia-de-Genero-05-560x373.jpg 560w, https:\/\/cuernavaca.gob.mx\/wp-content\/uploads\/2022\/08\/Cumple-Alerta-de-Violencia-de-Genero-05.jpg 1280w\" sizes=\"(max-width: 1024px) 100vw, 1024px\" \/><\/figure>\n<\/figure>\n","protected":false},"excerpt":{"rendered":"<p>A siete a\u00f1os de que se decretara la AVG y a siete meses de la presente administraci\u00f3n municipal se ha logrado abonar a que las mujeres vivan una vida libre de violencia A siete a\u00f1os de que la capital del estado se decretara la Alerta de Violencia de G\u00e9nero (AVG), junto con otros 7 municipios [&hellip;]<\/p>\n","protected":false},"author":1,"featured_media":17093,"comment_status":"closed","ping_status":"closed","sticky":false,"template":"","format":"standard","meta":[],"categories":[20,280],"tags":[2051,400,121,637,120,290,525],"aioseo_notices":[],"_links":{"self":[{"href":"https:\/\/cuernavaca.gob.mx\/index.php?rest_route=\/wp\/v2\/posts\/17091"}],"collection":[{"href":"https:\/\/cuernavaca.gob.mx\/index.php?rest_route=\/wp\/v2\/posts"}],"about":[{"href":"https:\/\/cuernavaca.gob.mx\/index.php?rest_route=\/wp\/v2\/types\/post"}],"author":[{"embeddable":true,"href":"https:\/\/cuernavaca.gob.mx\/index.php?rest_route=\/wp\/v2\/users\/1"}],"replies":[{"embeddable":true,"href":"https:\/\/cuernavaca.gob.mx\/index.php?rest_route=%2Fwp%2Fv2%2Fcomments&post=17091"}],"version-history":[{"count":1,"href":"https:\/\/cuernavaca.gob.mx\/index.php?rest_route=\/wp\/v2\/posts\/17091\/revisions"}],"predecessor-version":[{"id":17097,"href":"https:\/\/cuernavaca.gob.mx\/index.php?rest_route=\/wp\/v2\/posts\/17091\/revisions\/17097"}],"wp:featuredmedia":[{"embeddable":true,"href":"https:\/\/cuernavaca.gob.mx\/index.php?rest_route=\/wp\/v2\/media\/17093"}],"wp:attachment":[{"href":"https:\/\/cuernavaca.gob.mx\/index.php?rest_route=%2Fwp%2Fv2%2Fmedia&parent=17091"}],"wp:term":[{"taxonomy":"category","embeddable":true,"href":"https:\/\/cuernavaca.gob.mx\/index.php?rest_route=%2Fwp%2Fv2%2Fcategories&post=17091"},{"taxonomy":"post_tag","embeddable":true,"href":"https:\/\/cuernavaca.gob.mx\/index.php?rest_route=%2Fwp%2Fv2%2Ftags&post=17091"}],"curies":[{"name":"wp","href":"https:\/\/api.w.org\/{rel}","templated":true}]}}