{"id":17098,"date":"2022-08-11T09:00:00","date_gmt":"2022-08-11T14:00:00","guid":{"rendered":"https:\/\/cuernavaca.gob.mx\/?p=17098"},"modified":"2025-05-06T12:06:06","modified_gmt":"2025-05-06T18:06:06","slug":"b482-11-08-22-instala-ayuntamiento-de-cuernavaca-primer-comite-de-obra-publica-en-la-col-lagunilla","status":"publish","type":"post","link":"https:\/\/cuernavaca.gob.mx\/?p=17098","title":{"rendered":"B482 11\/08\/22 INSTALA AYUNTAMIENTO DE CUERNAVACA PRIMER COMIT\u00c9 DE OBRA P\u00daBLICA EN LA COL. LAGUNILLA"},"content":{"rendered":"\n<p><strong>Su primera gesti\u00f3n es la obra de construcci\u00f3n con pavimento asf\u00e1ltico de la avenida Mariano Matamoros y 30 de abril<br>El Ayuntamiento de Cuernavaca, a trav\u00e9s del COPLADEMUN, la Contralor\u00eda Municipal y la Secretar\u00eda de Desarrollo Urbano y Obras P\u00fablicas, instal\u00f3 el Comit\u00e9 de Participaci\u00f3n Social de la obra de construcci\u00f3n con pavimento asf\u00e1ltico de la avenida Mariano Matamoros y 30 de abril en la colonia Lagunilla del Salto.<\/strong><\/p>\n\n\n\n<p>El director del COPLADEMUN, Luis Enrique Mart\u00ednez Catal\u00e1n, inform\u00f3 que esta obra de pavimentaci\u00f3n es la primera de una serie de varias obras que se ejecutar\u00e1n en distintas colonias de Cuernavaca, con recursos de Fondo de Aportaciones para la Infraestructura Social, que fueron autorizadas por el COPLADEMUN, seguidas de las Vialidades Seguras que actualmente se est\u00e1n ya entregando.<\/p>\n\n\n\n<p>\u201cComo es el caso de Humboldt, \u00c1lvaro Obreg\u00f3n, avenida Palmira, calle Ejido y Subida a Chalma; y estas obras que vienen en esta nueva etapa ser\u00e1n de impacto social especial para algunas comunidades, pues corresponden a beneficios en infraestructura urbana y educativa, agua potable, drenajes sanitarios, entre otras\u201d, detall\u00f3 Mart\u00ednez Catal\u00e1n.<\/p>\n\n\n\n<p>Por su parte Francisco Javier Vargas Saavedra, director de Contralor\u00eda Social explic\u00f3 que el trabajo de estos Comit\u00e9s consistir\u00e1 en vigilar la ejecuci\u00f3n de la obra y estar en constante comunicaci\u00f3n con las autoridades municipales para reportar cualquier detalle o afectaci\u00f3n que los vecinos pudieran tener y buscar soluciones a la brevedad.<\/p>\n\n\n\n<p>A su vez, el director general de Obras P\u00fablicas, Roberto D\u00edaz Villanueva, explic\u00f3 los detalles t\u00e9cnicos de la obra, los materiales a utilizar, su duraci\u00f3n y dijo que para que Cuernavaca renazca, es esencial dar mantenimiento a la infraestructura de nuestra ciudad.<\/p>\n\n\n\n<p>Por \u00faltimo, Dolores \u00c1lvarez D\u00edaz, titular de la Contralor\u00eda Municipal, tom\u00f3 protesta a los cinco integrantes del Comit\u00e9 de Obra que fueron vecinos electos para vigilar los trabajos de ejecuci\u00f3n de la misma.<\/p>\n\n\n\n<figure class=\"wp-container-2 wp-block-gallery-1 wp-block-gallery has-nested-images columns-default is-cropped\">\n<figure class=\"wp-block-image size-large\"><img loading=\"lazy\" width=\"1024\" height=\"628\" data-id=\"17100\"  src=\"https:\/\/cuernavaca.gob.mx\/wp-content\/uploads\/2022\/08\/Comite-de-obra-Lagunilla-01.jpg\" alt=\"\" class=\"wp-image-17100\" srcset=\"https:\/\/cuernavaca.gob.mx\/wp-content\/uploads\/2022\/08\/Comite-de-obra-Lagunilla-01.jpg 1024w, https:\/\/cuernavaca.gob.mx\/wp-content\/uploads\/2022\/08\/Comite-de-obra-Lagunilla-01-300x184.jpg 300w, https:\/\/cuernavaca.gob.mx\/wp-content\/uploads\/2022\/08\/Comite-de-obra-Lagunilla-01-768x471.jpg 768w, https:\/\/cuernavaca.gob.mx\/wp-content\/uploads\/2022\/08\/Comite-de-obra-Lagunilla-01-600x368.jpg 600w, https:\/\/cuernavaca.gob.mx\/wp-content\/uploads\/2022\/08\/Comite-de-obra-Lagunilla-01-560x343.jpg 560w\" sizes=\"(max-width: 1024px) 100vw, 1024px\" \/><\/figure>\n\n\n\n<figure class=\"wp-block-image size-large\"><img loading=\"lazy\" width=\"1024\" height=\"478\" data-id=\"17099\"  src=\"https:\/\/cuernavaca.gob.mx\/wp-content\/uploads\/2022\/08\/Comite-de-obra-Lagunilla-02.jpg\" alt=\"\" class=\"wp-image-17099\" srcset=\"https:\/\/cuernavaca.gob.mx\/wp-content\/uploads\/2022\/08\/Comite-de-obra-Lagunilla-02.jpg 1024w, https:\/\/cuernavaca.gob.mx\/wp-content\/uploads\/2022\/08\/Comite-de-obra-Lagunilla-02-300x140.jpg 300w, https:\/\/cuernavaca.gob.mx\/wp-content\/uploads\/2022\/08\/Comite-de-obra-Lagunilla-02-768x359.jpg 768w, https:\/\/cuernavaca.gob.mx\/wp-content\/uploads\/2022\/08\/Comite-de-obra-Lagunilla-02-600x280.jpg 600w, https:\/\/cuernavaca.gob.mx\/wp-content\/uploads\/2022\/08\/Comite-de-obra-Lagunilla-02-560x261.jpg 560w\" sizes=\"(max-width: 1024px) 100vw, 1024px\" \/><\/figure>\n\n\n\n<figure class=\"wp-block-image size-large\"><img loading=\"lazy\" width=\"1024\" height=\"549\" data-id=\"17101\"  src=\"https:\/\/cuernavaca.gob.mx\/wp-content\/uploads\/2022\/08\/Comite-de-obra-Lagunilla-03.jpg\" alt=\"\" class=\"wp-image-17101\" srcset=\"https:\/\/cuernavaca.gob.mx\/wp-content\/uploads\/2022\/08\/Comite-de-obra-Lagunilla-03.jpg 1024w, https:\/\/cuernavaca.gob.mx\/wp-content\/uploads\/2022\/08\/Comite-de-obra-Lagunilla-03-300x161.jpg 300w, https:\/\/cuernavaca.gob.mx\/wp-content\/uploads\/2022\/08\/Comite-de-obra-Lagunilla-03-768x412.jpg 768w, https:\/\/cuernavaca.gob.mx\/wp-content\/uploads\/2022\/08\/Comite-de-obra-Lagunilla-03-600x322.jpg 600w, https:\/\/cuernavaca.gob.mx\/wp-content\/uploads\/2022\/08\/Comite-de-obra-Lagunilla-03-560x300.jpg 560w\" sizes=\"(max-width: 1024px) 100vw, 1024px\" \/><\/figure>\n<\/figure>\n","protected":false},"excerpt":{"rendered":"<p>Su primera gesti\u00f3n es la obra de construcci\u00f3n con pavimento asf\u00e1ltico de la avenida Mariano Matamoros y 30 de abrilEl Ayuntamiento de Cuernavaca, a trav\u00e9s del COPLADEMUN, la Contralor\u00eda Municipal y la Secretar\u00eda de Desarrollo Urbano y Obras P\u00fablicas, instal\u00f3 el Comit\u00e9 de Participaci\u00f3n Social de la obra de construcci\u00f3n con pavimento asf\u00e1ltico de la [&hellip;]<\/p>\n","protected":false},"author":1,"featured_media":17100,"comment_status":"closed","ping_status":"closed","sticky":false,"template":"","format":"standard","meta":[],"categories":[20,18],"tags":[2055,2053,317,121,120,1236,232,2054],"aioseo_notices":[],"_links":{"self":[{"href":"https:\/\/cuernavaca.gob.mx\/index.php?rest_route=\/wp\/v2\/posts\/17098"}],"collection":[{"href":"https:\/\/cuernavaca.gob.mx\/index.php?rest_route=\/wp\/v2\/posts"}],"about":[{"href":"https:\/\/cuernavaca.gob.mx\/index.php?rest_route=\/wp\/v2\/types\/post"}],"author":[{"embeddable":true,"href":"https:\/\/cuernavaca.gob.mx\/index.php?rest_route=\/wp\/v2\/users\/1"}],"replies":[{"embeddable":true,"href":"https:\/\/cuernavaca.gob.mx\/index.php?rest_route=%2Fwp%2Fv2%2Fcomments&post=17098"}],"version-history":[{"count":1,"href":"https:\/\/cuernavaca.gob.mx\/index.php?rest_route=\/wp\/v2\/posts\/17098\/revisions"}],"predecessor-version":[{"id":17102,"href":"https:\/\/cuernavaca.gob.mx\/index.php?rest_route=\/wp\/v2\/posts\/17098\/revisions\/17102"}],"wp:featuredmedia":[{"embeddable":true,"href":"https:\/\/cuernavaca.gob.mx\/index.php?rest_route=\/wp\/v2\/media\/17100"}],"wp:attachment":[{"href":"https:\/\/cuernavaca.gob.mx\/index.php?rest_route=%2Fwp%2Fv2%2Fmedia&parent=17098"}],"wp:term":[{"taxonomy":"category","embeddable":true,"href":"https:\/\/cuernavaca.gob.mx\/index.php?rest_route=%2Fwp%2Fv2%2Fcategories&post=17098"},{"taxonomy":"post_tag","embeddable":true,"href":"https:\/\/cuernavaca.gob.mx\/index.php?rest_route=%2Fwp%2Fv2%2Ftags&post=17098"}],"curies":[{"name":"wp","href":"https:\/\/api.w.org\/{rel}","templated":true}]}}