{"id":17311,"date":"2022-08-16T11:00:00","date_gmt":"2022-08-16T16:00:00","guid":{"rendered":"https:\/\/cuernavaca.gob.mx\/?p=17311"},"modified":"2025-05-06T12:06:59","modified_gmt":"2025-05-06T18:06:59","slug":"f143-16-08-22-gestiona-presidente-de-la-comision-de-seguridad-publica-transito-y-participacion-ciudadana-de-predio-para-un-cuartel-de-la-guardia-nacional","status":"publish","type":"post","link":"https:\/\/cuernavaca.gob.mx\/?p=17311","title":{"rendered":"F143 16\/08\/22 GESTIONA PRESIDENTE DE LA COMISI\u00d3N DE SEGURIDAD P\u00daBLICA, TR\u00c1NSITO Y PARTICIPACI\u00d3N CIUDADANA DE PREDIO PARA UN CUARTEL DE LA GUARDIA NACIONAL"},"content":{"rendered":"\n<p>Como parte de los trabajos que su encomienda le facultan, el Regidor Jes\u00fas Rosales Puebla, presidente de la Comisi\u00f3n de Seguridad P\u00fablica, Tr\u00e1nsito y Participaci\u00f3n Ciudadana del Ayuntamiento de Cuernavaca, en el marco de la pasada sesi\u00f3n del Consejo Municipal de Seguridad, solicit\u00f3 la revisi\u00f3n por parte del Gobierno Municipal para proporcionar un predio para la construcci\u00f3n de un Cuartel que servir\u00e1 de base de operaciones estrat\u00e9gicas de la Guardia Nacional, que sin duda vendr\u00e1 a reforzar la paz y tranquilidad en la ciudad capital de Morelos, al contar con presencia permanente de elementos de esta instituci\u00f3n federal, que ya participa en la fuerza operativa de forma coordinada con el municipio.<\/p>\n\n\n\n<p>El Regidor Jes\u00fas Rosales, tambi\u00e9n present\u00f3 diversos programas y propuestas de acci\u00f3n en materia de Seguridad P\u00fablica, que se suman a los esfuerzos que la Secretaria de Protecci\u00f3n y Auxili\u00f3 Ciudadano (SEPRAC) se encuentra realizando en los temas de seguridad p\u00fablica, prevenci\u00f3n del delito, violencia, criminalidad, enfocados a que la ciudadan\u00eda en el municipio est\u00e9 m\u00e1s protegida y segura en su entorno familiar y social.<\/p>\n\n\n\n<figure class=\"wp-container-2 wp-block-gallery-1 wp-block-gallery has-nested-images columns-default is-cropped\">\n<figure class=\"wp-block-image size-large\"><img loading=\"lazy\" width=\"1024\" height=\"689\" data-id=\"17313\"  src=\"https:\/\/cuernavaca.gob.mx\/wp-content\/uploads\/2022\/08\/Predio-Guardia-Nacional-01-1024x689.jpg\" alt=\"\" class=\"wp-image-17313\" srcset=\"https:\/\/cuernavaca.gob.mx\/wp-content\/uploads\/2022\/08\/Predio-Guardia-Nacional-01-1024x689.jpg 1024w, https:\/\/cuernavaca.gob.mx\/wp-content\/uploads\/2022\/08\/Predio-Guardia-Nacional-01-300x202.jpg 300w, https:\/\/cuernavaca.gob.mx\/wp-content\/uploads\/2022\/08\/Predio-Guardia-Nacional-01-768x517.jpg 768w, https:\/\/cuernavaca.gob.mx\/wp-content\/uploads\/2022\/08\/Predio-Guardia-Nacional-01-600x404.jpg 600w, https:\/\/cuernavaca.gob.mx\/wp-content\/uploads\/2022\/08\/Predio-Guardia-Nacional-01-560x377.jpg 560w, https:\/\/cuernavaca.gob.mx\/wp-content\/uploads\/2022\/08\/Predio-Guardia-Nacional-01.jpg 1070w\" sizes=\"(max-width: 1024px) 100vw, 1024px\" \/><\/figure>\n\n\n\n<figure class=\"wp-block-image size-large\"><img loading=\"lazy\" width=\"1024\" height=\"694\" data-id=\"17312\"  src=\"https:\/\/cuernavaca.gob.mx\/wp-content\/uploads\/2022\/08\/Predio-Guardia-Nacional-02-1024x694.jpg\" alt=\"\" class=\"wp-image-17312\" srcset=\"https:\/\/cuernavaca.gob.mx\/wp-content\/uploads\/2022\/08\/Predio-Guardia-Nacional-02-1024x694.jpg 1024w, https:\/\/cuernavaca.gob.mx\/wp-content\/uploads\/2022\/08\/Predio-Guardia-Nacional-02-300x203.jpg 300w, https:\/\/cuernavaca.gob.mx\/wp-content\/uploads\/2022\/08\/Predio-Guardia-Nacional-02-768x521.jpg 768w, https:\/\/cuernavaca.gob.mx\/wp-content\/uploads\/2022\/08\/Predio-Guardia-Nacional-02-600x407.jpg 600w, https:\/\/cuernavaca.gob.mx\/wp-content\/uploads\/2022\/08\/Predio-Guardia-Nacional-02-560x380.jpg 560w, https:\/\/cuernavaca.gob.mx\/wp-content\/uploads\/2022\/08\/Predio-Guardia-Nacional-02.jpg 1053w\" sizes=\"(max-width: 1024px) 100vw, 1024px\" \/><\/figure>\n<\/figure>\n","protected":false},"excerpt":{"rendered":"<p>Como parte de los trabajos que su encomienda le facultan, el Regidor Jes\u00fas Rosales Puebla, presidente de la Comisi\u00f3n de Seguridad P\u00fablica, Tr\u00e1nsito y Participaci\u00f3n Ciudadana del Ayuntamiento de Cuernavaca, en el marco de la pasada sesi\u00f3n del Consejo Municipal de Seguridad, solicit\u00f3 la revisi\u00f3n por parte del Gobierno Municipal para proporcionar un predio para [&hellip;]<\/p>\n","protected":false},"author":1,"featured_media":17313,"comment_status":"closed","ping_status":"closed","sticky":false,"template":"","format":"standard","meta":[],"categories":[20,17],"tags":[158,121,196,2093,120,2091,403,252],"aioseo_notices":[],"_links":{"self":[{"href":"https:\/\/cuernavaca.gob.mx\/index.php?rest_route=\/wp\/v2\/posts\/17311"}],"collection":[{"href":"https:\/\/cuernavaca.gob.mx\/index.php?rest_route=\/wp\/v2\/posts"}],"about":[{"href":"https:\/\/cuernavaca.gob.mx\/index.php?rest_route=\/wp\/v2\/types\/post"}],"author":[{"embeddable":true,"href":"https:\/\/cuernavaca.gob.mx\/index.php?rest_route=\/wp\/v2\/users\/1"}],"replies":[{"embeddable":true,"href":"https:\/\/cuernavaca.gob.mx\/index.php?rest_route=%2Fwp%2Fv2%2Fcomments&post=17311"}],"version-history":[{"count":1,"href":"https:\/\/cuernavaca.gob.mx\/index.php?rest_route=\/wp\/v2\/posts\/17311\/revisions"}],"predecessor-version":[{"id":17314,"href":"https:\/\/cuernavaca.gob.mx\/index.php?rest_route=\/wp\/v2\/posts\/17311\/revisions\/17314"}],"wp:featuredmedia":[{"embeddable":true,"href":"https:\/\/cuernavaca.gob.mx\/index.php?rest_route=\/wp\/v2\/media\/17313"}],"wp:attachment":[{"href":"https:\/\/cuernavaca.gob.mx\/index.php?rest_route=%2Fwp%2Fv2%2Fmedia&parent=17311"}],"wp:term":[{"taxonomy":"category","embeddable":true,"href":"https:\/\/cuernavaca.gob.mx\/index.php?rest_route=%2Fwp%2Fv2%2Fcategories&post=17311"},{"taxonomy":"post_tag","embeddable":true,"href":"https:\/\/cuernavaca.gob.mx\/index.php?rest_route=%2Fwp%2Fv2%2Ftags&post=17311"}],"curies":[{"name":"wp","href":"https:\/\/api.w.org\/{rel}","templated":true}]}}