{"id":17329,"date":"2022-08-16T16:00:00","date_gmt":"2022-08-16T21:00:00","guid":{"rendered":"https:\/\/cuernavaca.gob.mx\/?p=17329"},"modified":"2025-05-06T12:06:58","modified_gmt":"2025-05-06T18:06:58","slug":"b504-16-08-22-ayuntamiento-de-cuernavaca-ofrece-seguridad-a-visitantes-nacionales-extranjeros-y-sus-habitantes","status":"publish","type":"post","link":"https:\/\/cuernavaca.gob.mx\/?p=17329","title":{"rendered":"B504 16\/08\/22 AYUNTAMIENTO DE CUERNAVACA OFRECE SEGURIDAD A VISITANTES, NACIONALES, EXTRANJEROS Y SUS HABITANTES"},"content":{"rendered":"\n<p><strong>El presidente municipal, Jos\u00e9 Luis Uri\u00f3stegui y la secretaria de Protecci\u00f3n y Auxilio Ciudadano (SEPRAC), Alicia V\u00e1zquez Luna, confirmaron que el tema de seguridad en la ciudad se est\u00e1 atendiendo de forma integral<\/strong><\/p>\n\n\n\n<p>Ante la alerta de viaje emitida por el Departamento de Estado de los Estados Unidos y el Gobierno de Canad\u00e1 a sus connacionales para tomar precauciones al momento de viajar a 16 y 14 estados de M\u00e9xico, entre estos Morelos, el presidente municipal de Cuernavaca, Jos\u00e9 Luis Uri\u00f3stegui Salgado, asegur\u00f3 que como ha ocurrido desde el primer d\u00eda de la presente administraci\u00f3n, el tema de seguridad se est\u00e1 atendiendo, mandando un mensaje a los turistas de que pueden visitar la capital del estado con tranquilidad.<\/p>\n\n\n\n<p>Al ser cuestionado por representantes de los medios de comunicaci\u00f3n, puntualiz\u00f3 que, si bien la ciudad no est\u00e1 aislada de los signos de violencia que se han registrado en los \u00faltimos d\u00edas a nivel nacional, desde el Gobierno Municipal se est\u00e1 haciendo hasta lo imposible por brindar un Cuernavaca seguro, trabajando en proximidad con la poblaci\u00f3n para reconstruir el tejido social.<\/p>\n\n\n\n<p>\u201cCreemos que estas muestras van a seguirse presentando y hacemos lo que est\u00e1 a nuestro alcance para evitar que, en Cuernavaca, particularmente, sucedan\u201d, insisti\u00f3.<\/p>\n\n\n\n<p>En este sentido, la secretaria de Protecci\u00f3n y Auxilio Ciudadano (SEPRAC), Alicia V\u00e1zquez Luna, subray\u00f3 que en el municipio no est\u00e1n preocupados, sino ocupados en el tema de seguridad, llevando a cabo reuniones semanales con el Ej\u00e9rcito y la Guardia Nacional, para evaluar y analizar cada una de sus acciones.<\/p>\n\n\n\n<p>Como parte del acompa\u00f1amiento interinstitucional que se ha concretado entre el ayuntamiento capitalino y el Ej\u00e9rcito, mencion\u00f3 que el pasado 15 de agosto se reuni\u00f3 con el General de Brigada Diplomado de Estado Mayor, Jorge Antonio Maldonado Guevara, Comandante de la 24\/a Zona Militar, a fin de replantear nuevas actividades que permitan blindar al municipio de posibles efectos de lo que se est\u00e1 viviendo en el pa\u00eds, \u201cestamos trabajando, tengan la confianza de que estamos trabajando\u201d.<\/p>\n\n\n\n<p>Alicia V\u00e1zquez Luna a\u00f1adi\u00f3 que las estrategias de seguridad han comenzado a dar resultados, registrando en el presente mes de agosto una reducci\u00f3n en el delito de homicidio en comparaci\u00f3n con otros municipios de la entidad.<\/p>\n","protected":false},"excerpt":{"rendered":"<p>El presidente municipal, Jos\u00e9 Luis Uri\u00f3stegui y la secretaria de Protecci\u00f3n y Auxilio Ciudadano (SEPRAC), Alicia V\u00e1zquez Luna, confirmaron que el tema de seguridad en la ciudad se est\u00e1 atendiendo de forma integral Ante la alerta de viaje emitida por el Departamento de Estado de los Estados Unidos y el Gobierno de Canad\u00e1 a sus [&hellip;]<\/p>\n","protected":false},"author":1,"featured_media":17330,"comment_status":"closed","ping_status":"closed","sticky":false,"template":"","format":"standard","meta":[],"categories":[20,17,21],"tags":[142,121,2100,120,1291,125,252,886],"aioseo_notices":[],"_links":{"self":[{"href":"https:\/\/cuernavaca.gob.mx\/index.php?rest_route=\/wp\/v2\/posts\/17329"}],"collection":[{"href":"https:\/\/cuernavaca.gob.mx\/index.php?rest_route=\/wp\/v2\/posts"}],"about":[{"href":"https:\/\/cuernavaca.gob.mx\/index.php?rest_route=\/wp\/v2\/types\/post"}],"author":[{"embeddable":true,"href":"https:\/\/cuernavaca.gob.mx\/index.php?rest_route=\/wp\/v2\/users\/1"}],"replies":[{"embeddable":true,"href":"https:\/\/cuernavaca.gob.mx\/index.php?rest_route=%2Fwp%2Fv2%2Fcomments&post=17329"}],"version-history":[{"count":1,"href":"https:\/\/cuernavaca.gob.mx\/index.php?rest_route=\/wp\/v2\/posts\/17329\/revisions"}],"predecessor-version":[{"id":17331,"href":"https:\/\/cuernavaca.gob.mx\/index.php?rest_route=\/wp\/v2\/posts\/17329\/revisions\/17331"}],"wp:featuredmedia":[{"embeddable":true,"href":"https:\/\/cuernavaca.gob.mx\/index.php?rest_route=\/wp\/v2\/media\/17330"}],"wp:attachment":[{"href":"https:\/\/cuernavaca.gob.mx\/index.php?rest_route=%2Fwp%2Fv2%2Fmedia&parent=17329"}],"wp:term":[{"taxonomy":"category","embeddable":true,"href":"https:\/\/cuernavaca.gob.mx\/index.php?rest_route=%2Fwp%2Fv2%2Fcategories&post=17329"},{"taxonomy":"post_tag","embeddable":true,"href":"https:\/\/cuernavaca.gob.mx\/index.php?rest_route=%2Fwp%2Fv2%2Ftags&post=17329"}],"curies":[{"name":"wp","href":"https:\/\/api.w.org\/{rel}","templated":true}]}}