{"id":17381,"date":"2022-08-17T17:00:00","date_gmt":"2022-08-17T22:00:00","guid":{"rendered":"https:\/\/cuernavaca.gob.mx\/?p=17381"},"modified":"2025-05-06T12:07:37","modified_gmt":"2025-05-06T18:07:37","slug":"b511-17-08-22-da-la-bienvenida-cuernavaca-a-generadores-de-trabajos-formales-que-participan-en-la-feria-nacional-del-empleo-en-plaza-de-armas","status":"publish","type":"post","link":"https:\/\/cuernavaca.gob.mx\/?p=17381","title":{"rendered":"B511 17\/08\/22 DA LA BIENVENIDA CUERNAVACA A GENERADORES DE TRABAJOS FORMALES QUE PARTICIPAN EN LA FERIA NACIONAL DEL EMPLEO EN PLAZA DE ARMAS"},"content":{"rendered":"\n<p><strong>Del 17 y 18 de agosto se ofertan en dos d\u00edas hasta mil 400 empleos formales la Feria Nacional del Empleo<\/strong><\/p>\n\n\n\n<p><strong>Jos\u00e9 Luis Uri\u00f3stegui, resalt\u00f3 la importancia de la vinculaci\u00f3n entre los tres niveles de Gobierno para ampliar el abanico de oportunidades<\/strong><\/p>\n\n\n\n<p>La ciudad capital de Morelos es sede el 17 y 18 de agosto la Feria Nacional del Empleo que de manera coordinada el Ayuntamiento de Cuernavaca a invitaci\u00f3n de la Direcci\u00f3n General del Servicio Nacional del Empleo (SNE) Morelos, la Secretar\u00eda de Desarrollo Econ\u00f3mico y del Trabajo del Gobierno del Estado y la representaci\u00f3n del Programa J\u00f3venes Construyendo el Futuro de la Secretar\u00eda del Trabajo y Previsi\u00f3n Social del Gobierno Federal, se suma para que 80 empresas pongan a disposici\u00f3n poco m\u00e1s de 700 vacantes por d\u00eda para personas provenientes de la zona metropolitana.<\/p>\n\n\n\n<p>El presidente municipal, Jos\u00e9 Luis Uri\u00f3stegui Salgado, resalt\u00f3 la importancia del resultado de la vinculaci\u00f3n entre los tres niveles de Gobierno, para ampliar el abanico de oportunidades de trabajo principalmente para las juventudes de Cuernavaca y municipios circunvecinos, que son el foco de atenci\u00f3n de estas acciones para que sean los beneficiarios, aunque tambi\u00e9n hay alternativas para personas mayores.<\/p>\n\n\n\n<p>Destacando la presencia de Donaciano Dom\u00ednguez Espinosa, director general adjunto del SNE del Gobierno Federal, de la secretar\u00eda de Desarrollo Econ\u00f3mico y el Trabajo, Ana Cecilia Rodr\u00edguez, de Jorge Mario Garc\u00eda \u00c1vila, director del SNE Morelos, de la responsable del programa J\u00f3venes Construyendo el Futuro, Denisse Molina Romero, as\u00ed como los titulares del INFONAVIT, del SAT y del Instituto Nacional de Migraci\u00f3n en sus respectivas representaciones en el estado, el alcalde se\u00f1al\u00f3 que Cuernavaca Renace tambi\u00e9n con estos esfuerzos que propician beneficios a sus habitantes.<\/p>\n\n\n\n<p>Dijo que las personas que no tienen un ingreso por actividades en empleo formal, al asistir a esta Feria est\u00e1n en el lugar adecuado para poder acceder a una alternativa de trabajo que ofertan empresas asentadas en la capital y otros municipios que de manera anticipada hab\u00edan confirmado su asistencia a la 2da Feria de Empleo de Cuernavaca que finalmente por com\u00fan acuerdo, se sum\u00f3 a esta que convoc\u00f3 el SNE Morelos.<\/p>\n\n\n\n<p>LA Feria Nacional del Empleo que se realiza en Plaza de Armas en Cuernavaca continuara este jueves 18 de agosto en un horario de las 09:00 a las 14:00 horas y se invita a registrarse de manera previa en https:\/\/ferias.empleo.gob.mx para agilizar los acercamientos con las diferentes empresas que ponen a disposici\u00f3n opciones de trabajo en diferentes disciplinas.<\/p>\n\n\n\n<figure class=\"wp-container-2 wp-block-gallery-1 wp-block-gallery has-nested-images columns-default is-cropped\">\n<figure class=\"wp-block-image size-large\"><img loading=\"lazy\" width=\"1024\" height=\"682\" data-id=\"17388\"  src=\"https:\/\/cuernavaca.gob.mx\/wp-content\/uploads\/2022\/08\/Feria-Nacional-de-empleo-02-1-1024x682.jpg\" alt=\"\" class=\"wp-image-17388\" srcset=\"https:\/\/cuernavaca.gob.mx\/wp-content\/uploads\/2022\/08\/Feria-Nacional-de-empleo-02-1-1024x682.jpg 1024w, https:\/\/cuernavaca.gob.mx\/wp-content\/uploads\/2022\/08\/Feria-Nacional-de-empleo-02-1-300x200.jpg 300w, https:\/\/cuernavaca.gob.mx\/wp-content\/uploads\/2022\/08\/Feria-Nacional-de-empleo-02-1-768x512.jpg 768w, https:\/\/cuernavaca.gob.mx\/wp-content\/uploads\/2022\/08\/Feria-Nacional-de-empleo-02-1-600x400.jpg 600w, https:\/\/cuernavaca.gob.mx\/wp-content\/uploads\/2022\/08\/Feria-Nacional-de-empleo-02-1-560x373.jpg 560w, https:\/\/cuernavaca.gob.mx\/wp-content\/uploads\/2022\/08\/Feria-Nacional-de-empleo-02-1.jpg 1280w\" sizes=\"(max-width: 1024px) 100vw, 1024px\" \/><\/figure>\n\n\n\n<figure class=\"wp-block-image size-large\"><img loading=\"lazy\" width=\"1024\" height=\"682\" data-id=\"17386\"  src=\"https:\/\/cuernavaca.gob.mx\/wp-content\/uploads\/2022\/08\/Feria-Nacional-de-empleo-03-1-1024x682.jpg\" alt=\"\" class=\"wp-image-17386\" srcset=\"https:\/\/cuernavaca.gob.mx\/wp-content\/uploads\/2022\/08\/Feria-Nacional-de-empleo-03-1-1024x682.jpg 1024w, https:\/\/cuernavaca.gob.mx\/wp-content\/uploads\/2022\/08\/Feria-Nacional-de-empleo-03-1-300x200.jpg 300w, https:\/\/cuernavaca.gob.mx\/wp-content\/uploads\/2022\/08\/Feria-Nacional-de-empleo-03-1-768x512.jpg 768w, https:\/\/cuernavaca.gob.mx\/wp-content\/uploads\/2022\/08\/Feria-Nacional-de-empleo-03-1-600x400.jpg 600w, https:\/\/cuernavaca.gob.mx\/wp-content\/uploads\/2022\/08\/Feria-Nacional-de-empleo-03-1-560x373.jpg 560w, https:\/\/cuernavaca.gob.mx\/wp-content\/uploads\/2022\/08\/Feria-Nacional-de-empleo-03-1.jpg 1280w\" sizes=\"(max-width: 1024px) 100vw, 1024px\" \/><\/figure>\n\n\n\n<figure class=\"wp-block-image size-large\"><img loading=\"lazy\" width=\"1024\" height=\"682\" data-id=\"17385\"  src=\"https:\/\/cuernavaca.gob.mx\/wp-content\/uploads\/2022\/08\/Feria-Nacional-de-empleo-04-1-1024x682.jpg\" alt=\"\" class=\"wp-image-17385\" srcset=\"https:\/\/cuernavaca.gob.mx\/wp-content\/uploads\/2022\/08\/Feria-Nacional-de-empleo-04-1-1024x682.jpg 1024w, https:\/\/cuernavaca.gob.mx\/wp-content\/uploads\/2022\/08\/Feria-Nacional-de-empleo-04-1-300x200.jpg 300w, https:\/\/cuernavaca.gob.mx\/wp-content\/uploads\/2022\/08\/Feria-Nacional-de-empleo-04-1-768x512.jpg 768w, https:\/\/cuernavaca.gob.mx\/wp-content\/uploads\/2022\/08\/Feria-Nacional-de-empleo-04-1-600x400.jpg 600w, https:\/\/cuernavaca.gob.mx\/wp-content\/uploads\/2022\/08\/Feria-Nacional-de-empleo-04-1-560x373.jpg 560w, https:\/\/cuernavaca.gob.mx\/wp-content\/uploads\/2022\/08\/Feria-Nacional-de-empleo-04-1.jpg 1280w\" sizes=\"(max-width: 1024px) 100vw, 1024px\" \/><\/figure>\n\n\n\n<figure class=\"wp-block-image size-large\"><img loading=\"lazy\" width=\"1024\" height=\"682\" data-id=\"17389\"  src=\"https:\/\/cuernavaca.gob.mx\/wp-content\/uploads\/2022\/08\/Feria-Nacional-de-empleo-05-1024x682.jpg\" alt=\"\" class=\"wp-image-17389\" srcset=\"https:\/\/cuernavaca.gob.mx\/wp-content\/uploads\/2022\/08\/Feria-Nacional-de-empleo-05-1024x682.jpg 1024w, https:\/\/cuernavaca.gob.mx\/wp-content\/uploads\/2022\/08\/Feria-Nacional-de-empleo-05-300x200.jpg 300w, https:\/\/cuernavaca.gob.mx\/wp-content\/uploads\/2022\/08\/Feria-Nacional-de-empleo-05-768x512.jpg 768w, https:\/\/cuernavaca.gob.mx\/wp-content\/uploads\/2022\/08\/Feria-Nacional-de-empleo-05-600x400.jpg 600w, https:\/\/cuernavaca.gob.mx\/wp-content\/uploads\/2022\/08\/Feria-Nacional-de-empleo-05-560x373.jpg 560w, https:\/\/cuernavaca.gob.mx\/wp-content\/uploads\/2022\/08\/Feria-Nacional-de-empleo-05.jpg 1280w\" sizes=\"(max-width: 1024px) 100vw, 1024px\" \/><\/figure>\n\n\n\n<figure class=\"wp-block-image size-large\"><img loading=\"lazy\" width=\"1024\" height=\"575\" data-id=\"17390\"  src=\"https:\/\/cuernavaca.gob.mx\/wp-content\/uploads\/2022\/08\/Feria-Nacional-de-empleo-06-1024x575.jpg\" alt=\"\" class=\"wp-image-17390\" srcset=\"https:\/\/cuernavaca.gob.mx\/wp-content\/uploads\/2022\/08\/Feria-Nacional-de-empleo-06-1024x575.jpg 1024w, https:\/\/cuernavaca.gob.mx\/wp-content\/uploads\/2022\/08\/Feria-Nacional-de-empleo-06-300x169.jpg 300w, https:\/\/cuernavaca.gob.mx\/wp-content\/uploads\/2022\/08\/Feria-Nacional-de-empleo-06-768x431.jpg 768w, https:\/\/cuernavaca.gob.mx\/wp-content\/uploads\/2022\/08\/Feria-Nacional-de-empleo-06-600x337.jpg 600w, https:\/\/cuernavaca.gob.mx\/wp-content\/uploads\/2022\/08\/Feria-Nacional-de-empleo-06-560x315.jpg 560w, https:\/\/cuernavaca.gob.mx\/wp-content\/uploads\/2022\/08\/Feria-Nacional-de-empleo-06.jpg 1280w\" sizes=\"(max-width: 1024px) 100vw, 1024px\" \/><\/figure>\n\n\n\n<figure class=\"wp-block-image size-large\"><img loading=\"lazy\" width=\"1024\" height=\"682\" data-id=\"17391\"  src=\"https:\/\/cuernavaca.gob.mx\/wp-content\/uploads\/2022\/08\/Feria-Nacional-de-empleo-07-1024x682.jpg\" alt=\"\" class=\"wp-image-17391\" srcset=\"https:\/\/cuernavaca.gob.mx\/wp-content\/uploads\/2022\/08\/Feria-Nacional-de-empleo-07-1024x682.jpg 1024w, https:\/\/cuernavaca.gob.mx\/wp-content\/uploads\/2022\/08\/Feria-Nacional-de-empleo-07-300x200.jpg 300w, https:\/\/cuernavaca.gob.mx\/wp-content\/uploads\/2022\/08\/Feria-Nacional-de-empleo-07-768x512.jpg 768w, https:\/\/cuernavaca.gob.mx\/wp-content\/uploads\/2022\/08\/Feria-Nacional-de-empleo-07-600x400.jpg 600w, https:\/\/cuernavaca.gob.mx\/wp-content\/uploads\/2022\/08\/Feria-Nacional-de-empleo-07-560x373.jpg 560w, https:\/\/cuernavaca.gob.mx\/wp-content\/uploads\/2022\/08\/Feria-Nacional-de-empleo-07.jpg 1280w\" sizes=\"(max-width: 1024px) 100vw, 1024px\" \/><\/figure>\n\n\n\n<figure class=\"wp-block-image size-large\"><img loading=\"lazy\" width=\"1024\" height=\"682\" data-id=\"17392\"  src=\"https:\/\/cuernavaca.gob.mx\/wp-content\/uploads\/2022\/08\/Feria-Nacional-de-empleo-08-1024x682.jpg\" alt=\"\" class=\"wp-image-17392\" srcset=\"https:\/\/cuernavaca.gob.mx\/wp-content\/uploads\/2022\/08\/Feria-Nacional-de-empleo-08-1024x682.jpg 1024w, https:\/\/cuernavaca.gob.mx\/wp-content\/uploads\/2022\/08\/Feria-Nacional-de-empleo-08-300x200.jpg 300w, https:\/\/cuernavaca.gob.mx\/wp-content\/uploads\/2022\/08\/Feria-Nacional-de-empleo-08-768x512.jpg 768w, https:\/\/cuernavaca.gob.mx\/wp-content\/uploads\/2022\/08\/Feria-Nacional-de-empleo-08-600x400.jpg 600w, https:\/\/cuernavaca.gob.mx\/wp-content\/uploads\/2022\/08\/Feria-Nacional-de-empleo-08-560x373.jpg 560w, https:\/\/cuernavaca.gob.mx\/wp-content\/uploads\/2022\/08\/Feria-Nacional-de-empleo-08.jpg 1280w\" sizes=\"(max-width: 1024px) 100vw, 1024px\" \/><\/figure>\n\n\n\n<figure class=\"wp-block-image size-large\"><img loading=\"lazy\" width=\"1024\" height=\"576\" data-id=\"17394\"  src=\"https:\/\/cuernavaca.gob.mx\/wp-content\/uploads\/2022\/08\/Feria-Nacional-de-empleo-09-1024x576.jpg\" alt=\"\" class=\"wp-image-17394\" srcset=\"https:\/\/cuernavaca.gob.mx\/wp-content\/uploads\/2022\/08\/Feria-Nacional-de-empleo-09-1024x576.jpg 1024w, https:\/\/cuernavaca.gob.mx\/wp-content\/uploads\/2022\/08\/Feria-Nacional-de-empleo-09-300x169.jpg 300w, https:\/\/cuernavaca.gob.mx\/wp-content\/uploads\/2022\/08\/Feria-Nacional-de-empleo-09-768x432.jpg 768w, https:\/\/cuernavaca.gob.mx\/wp-content\/uploads\/2022\/08\/Feria-Nacional-de-empleo-09-600x338.jpg 600w, https:\/\/cuernavaca.gob.mx\/wp-content\/uploads\/2022\/08\/Feria-Nacional-de-empleo-09-560x315.jpg 560w, https:\/\/cuernavaca.gob.mx\/wp-content\/uploads\/2022\/08\/Feria-Nacional-de-empleo-09.jpg 1280w\" sizes=\"(max-width: 1024px) 100vw, 1024px\" \/><\/figure>\n\n\n\n<figure class=\"wp-block-image size-large\"><img loading=\"lazy\" width=\"1024\" height=\"682\" data-id=\"17393\"  src=\"https:\/\/cuernavaca.gob.mx\/wp-content\/uploads\/2022\/08\/Feria-Nacional-de-empleo-10-1024x682.jpg\" alt=\"\" class=\"wp-image-17393\" srcset=\"https:\/\/cuernavaca.gob.mx\/wp-content\/uploads\/2022\/08\/Feria-Nacional-de-empleo-10-1024x682.jpg 1024w, https:\/\/cuernavaca.gob.mx\/wp-content\/uploads\/2022\/08\/Feria-Nacional-de-empleo-10-300x200.jpg 300w, https:\/\/cuernavaca.gob.mx\/wp-content\/uploads\/2022\/08\/Feria-Nacional-de-empleo-10-768x512.jpg 768w, https:\/\/cuernavaca.gob.mx\/wp-content\/uploads\/2022\/08\/Feria-Nacional-de-empleo-10-600x400.jpg 600w, https:\/\/cuernavaca.gob.mx\/wp-content\/uploads\/2022\/08\/Feria-Nacional-de-empleo-10-560x373.jpg 560w, https:\/\/cuernavaca.gob.mx\/wp-content\/uploads\/2022\/08\/Feria-Nacional-de-empleo-10.jpg 1280w\" sizes=\"(max-width: 1024px) 100vw, 1024px\" \/><\/figure>\n\n\n\n<figure class=\"wp-block-image size-large\"><img loading=\"lazy\" width=\"1024\" height=\"682\" data-id=\"17387\"  src=\"https:\/\/cuernavaca.gob.mx\/wp-content\/uploads\/2022\/08\/Feria-Nacional-de-empleo-01-1-1024x682.jpg\" alt=\"\" class=\"wp-image-17387\" srcset=\"https:\/\/cuernavaca.gob.mx\/wp-content\/uploads\/2022\/08\/Feria-Nacional-de-empleo-01-1-1024x682.jpg 1024w, https:\/\/cuernavaca.gob.mx\/wp-content\/uploads\/2022\/08\/Feria-Nacional-de-empleo-01-1-300x200.jpg 300w, https:\/\/cuernavaca.gob.mx\/wp-content\/uploads\/2022\/08\/Feria-Nacional-de-empleo-01-1-768x512.jpg 768w, https:\/\/cuernavaca.gob.mx\/wp-content\/uploads\/2022\/08\/Feria-Nacional-de-empleo-01-1-600x400.jpg 600w, https:\/\/cuernavaca.gob.mx\/wp-content\/uploads\/2022\/08\/Feria-Nacional-de-empleo-01-1-560x373.jpg 560w, https:\/\/cuernavaca.gob.mx\/wp-content\/uploads\/2022\/08\/Feria-Nacional-de-empleo-01-1.jpg 1280w\" sizes=\"(max-width: 1024px) 100vw, 1024px\" \/><\/figure>\n<\/figure>\n","protected":false},"excerpt":{"rendered":"<p>Del 17 y 18 de agosto se ofertan en dos d\u00edas hasta mil 400 empleos formales la Feria Nacional del Empleo Jos\u00e9 Luis Uri\u00f3stegui, resalt\u00f3 la importancia de la vinculaci\u00f3n entre los tres niveles de Gobierno para ampliar el abanico de oportunidades La ciudad capital de Morelos es sede el 17 y 18 de agosto [&hellip;]<\/p>\n","protected":false},"author":1,"featured_media":17393,"comment_status":"closed","ping_status":"closed","sticky":false,"template":"","format":"standard","meta":[],"categories":[20],"tags":[121,330,120,2118,327,372],"aioseo_notices":[],"_links":{"self":[{"href":"https:\/\/cuernavaca.gob.mx\/index.php?rest_route=\/wp\/v2\/posts\/17381"}],"collection":[{"href":"https:\/\/cuernavaca.gob.mx\/index.php?rest_route=\/wp\/v2\/posts"}],"about":[{"href":"https:\/\/cuernavaca.gob.mx\/index.php?rest_route=\/wp\/v2\/types\/post"}],"author":[{"embeddable":true,"href":"https:\/\/cuernavaca.gob.mx\/index.php?rest_route=\/wp\/v2\/users\/1"}],"replies":[{"embeddable":true,"href":"https:\/\/cuernavaca.gob.mx\/index.php?rest_route=%2Fwp%2Fv2%2Fcomments&post=17381"}],"version-history":[{"count":1,"href":"https:\/\/cuernavaca.gob.mx\/index.php?rest_route=\/wp\/v2\/posts\/17381\/revisions"}],"predecessor-version":[{"id":17395,"href":"https:\/\/cuernavaca.gob.mx\/index.php?rest_route=\/wp\/v2\/posts\/17381\/revisions\/17395"}],"wp:featuredmedia":[{"embeddable":true,"href":"https:\/\/cuernavaca.gob.mx\/index.php?rest_route=\/wp\/v2\/media\/17393"}],"wp:attachment":[{"href":"https:\/\/cuernavaca.gob.mx\/index.php?rest_route=%2Fwp%2Fv2%2Fmedia&parent=17381"}],"wp:term":[{"taxonomy":"category","embeddable":true,"href":"https:\/\/cuernavaca.gob.mx\/index.php?rest_route=%2Fwp%2Fv2%2Fcategories&post=17381"},{"taxonomy":"post_tag","embeddable":true,"href":"https:\/\/cuernavaca.gob.mx\/index.php?rest_route=%2Fwp%2Fv2%2Ftags&post=17381"}],"curies":[{"name":"wp","href":"https:\/\/api.w.org\/{rel}","templated":true}]}}