{"id":17422,"date":"2022-08-18T13:00:00","date_gmt":"2022-08-18T18:00:00","guid":{"rendered":"https:\/\/cuernavaca.gob.mx\/?p=17422"},"modified":"2025-05-06T12:07:36","modified_gmt":"2025-05-06T18:07:36","slug":"f144-18-08-22-instituto-de-la-mujer-de-cuernavaca-promueve-la-autonomia-economica-de-las-mujeres-en-la-ciudad-capital","status":"publish","type":"post","link":"https:\/\/cuernavaca.gob.mx\/?p=17422","title":{"rendered":"F144 18\/08\/22 INSTITUTO DE LA MUJER DE CUERNAVACA PROMUEVE LA AUTONOM\u00cdA ECON\u00d3MICA DE LAS MUJERES EN LA CIUDAD CAPITAL"},"content":{"rendered":"\n<p>El Instituto de la Mujer de Cuernavaca contin\u00faa promoviendo acciones que permitan empoderar a las mujeres a trav\u00e9s de la capacitaci\u00f3n y de talleres que les brinden herramientas para generar una autonom\u00eda econ\u00f3mica con mejores ingresos y nuevas oportunidades para su desarrollo personal y sus familias.<\/p>\n\n\n\n<p>Al participar en la graduaci\u00f3n de beneficiarias de la Beca del Programa Internacional de Formaci\u00f3n Empresarial de la Iniciativa Escala en M\u00e9xico, la directora del Instituto de la Mujer de Cuernavaca, Lorena Castillo Castillo, se\u00f1al\u00f3 que estos programas coadyuvan a romper el c\u00edrculo de la violencia y a mejora la calidad de vida de las mujeres y sus familias.<\/p>\n\n\n\n<p>Acot\u00f3 que la colaboraci\u00f3n del Instituto de la Mujer de Cuernavaca consisti\u00f3 en convocar a mujeres que se encuentran al frente de un negocio por lo menos un a\u00f1o de actividad en la ciudad, y que por diversas circunstancias no han tenido una preparaci\u00f3n formal para desarrollar habilidades gerenciales para apalancar sus negocios al crecimiento, para esta generaci\u00f3n se lograron 25 becas de estudios 100 por ciento gratuitas.<\/p>\n\n\n\n<p>El Programa Internacional de Formaci\u00f3n Empresarial de la Iniciativa Escala en M\u00e9xico es parte de una fundaci\u00f3n que se enfoca en desarrollar habilidades gerenciales en grupos vulnerables y micronegocios para fortalecer los emprendimientos para as\u00ed desarrollar empoderamiento econ\u00f3mico.<\/p>\n\n\n\n<figure class=\"wp-container-2 wp-block-gallery-1 wp-block-gallery has-nested-images columns-default is-cropped\">\n<figure class=\"wp-block-image size-large\"><img loading=\"lazy\" width=\"414\" height=\"896\" data-id=\"17423\"  src=\"https:\/\/cuernavaca.gob.mx\/wp-content\/uploads\/2022\/08\/Autonomia-economica-mujeres-01.jpg\" alt=\"\" class=\"wp-image-17423\" srcset=\"https:\/\/cuernavaca.gob.mx\/wp-content\/uploads\/2022\/08\/Autonomia-economica-mujeres-01.jpg 414w, https:\/\/cuernavaca.gob.mx\/wp-content\/uploads\/2022\/08\/Autonomia-economica-mujeres-01-139x300.jpg 139w, https:\/\/cuernavaca.gob.mx\/wp-content\/uploads\/2022\/08\/Autonomia-economica-mujeres-01-277x600.jpg 277w, https:\/\/cuernavaca.gob.mx\/wp-content\/uploads\/2022\/08\/Autonomia-economica-mujeres-01-259x560.jpg 259w\" sizes=\"(max-width: 414px) 100vw, 414px\" \/><\/figure>\n\n\n\n<figure class=\"wp-block-image size-large\"><img loading=\"lazy\" width=\"415\" height=\"898\" data-id=\"17424\"  src=\"https:\/\/cuernavaca.gob.mx\/wp-content\/uploads\/2022\/08\/Autonomia-economica-mujeres-02.jpg\" alt=\"\" class=\"wp-image-17424\" srcset=\"https:\/\/cuernavaca.gob.mx\/wp-content\/uploads\/2022\/08\/Autonomia-economica-mujeres-02.jpg 415w, https:\/\/cuernavaca.gob.mx\/wp-content\/uploads\/2022\/08\/Autonomia-economica-mujeres-02-139x300.jpg 139w, https:\/\/cuernavaca.gob.mx\/wp-content\/uploads\/2022\/08\/Autonomia-economica-mujeres-02-277x600.jpg 277w, https:\/\/cuernavaca.gob.mx\/wp-content\/uploads\/2022\/08\/Autonomia-economica-mujeres-02-259x560.jpg 259w\" sizes=\"(max-width: 415px) 100vw, 415px\" \/><\/figure>\n\n\n\n<figure class=\"wp-block-image size-large\"><img loading=\"lazy\" width=\"696\" height=\"1024\" data-id=\"17426\"  src=\"https:\/\/cuernavaca.gob.mx\/wp-content\/uploads\/2022\/08\/Autonomia-economica-mujeres-03.jpg\" alt=\"\" class=\"wp-image-17426\" srcset=\"https:\/\/cuernavaca.gob.mx\/wp-content\/uploads\/2022\/08\/Autonomia-economica-mujeres-03.jpg 696w, https:\/\/cuernavaca.gob.mx\/wp-content\/uploads\/2022\/08\/Autonomia-economica-mujeres-03-204x300.jpg 204w, https:\/\/cuernavaca.gob.mx\/wp-content\/uploads\/2022\/08\/Autonomia-economica-mujeres-03-408x600.jpg 408w, https:\/\/cuernavaca.gob.mx\/wp-content\/uploads\/2022\/08\/Autonomia-economica-mujeres-03-381x560.jpg 381w\" sizes=\"(max-width: 696px) 100vw, 696px\" \/><\/figure>\n\n\n\n<figure class=\"wp-block-image size-large\"><img loading=\"lazy\" width=\"414\" height=\"896\" data-id=\"17425\"  src=\"https:\/\/cuernavaca.gob.mx\/wp-content\/uploads\/2022\/08\/Autonomia-economica-mujeres-04.jpg\" alt=\"\" class=\"wp-image-17425\" srcset=\"https:\/\/cuernavaca.gob.mx\/wp-content\/uploads\/2022\/08\/Autonomia-economica-mujeres-04.jpg 414w, https:\/\/cuernavaca.gob.mx\/wp-content\/uploads\/2022\/08\/Autonomia-economica-mujeres-04-139x300.jpg 139w, https:\/\/cuernavaca.gob.mx\/wp-content\/uploads\/2022\/08\/Autonomia-economica-mujeres-04-277x600.jpg 277w, https:\/\/cuernavaca.gob.mx\/wp-content\/uploads\/2022\/08\/Autonomia-economica-mujeres-04-259x560.jpg 259w\" sizes=\"(max-width: 414px) 100vw, 414px\" \/><\/figure>\n<\/figure>\n","protected":false},"excerpt":{"rendered":"<p>El Instituto de la Mujer de Cuernavaca contin\u00faa promoviendo acciones que permitan empoderar a las mujeres a trav\u00e9s de la capacitaci\u00f3n y de talleres que les brinden herramientas para generar una autonom\u00eda econ\u00f3mica con mejores ingresos y nuevas oportunidades para su desarrollo personal y sus familias. Al participar en la graduaci\u00f3n de beneficiarias de la [&hellip;]<\/p>\n","protected":false},"author":1,"featured_media":17426,"comment_status":"closed","ping_status":"closed","sticky":false,"template":"","format":"standard","meta":[],"categories":[20,280],"tags":[2124,121,2126,1160,637,120,202],"aioseo_notices":[],"_links":{"self":[{"href":"https:\/\/cuernavaca.gob.mx\/index.php?rest_route=\/wp\/v2\/posts\/17422"}],"collection":[{"href":"https:\/\/cuernavaca.gob.mx\/index.php?rest_route=\/wp\/v2\/posts"}],"about":[{"href":"https:\/\/cuernavaca.gob.mx\/index.php?rest_route=\/wp\/v2\/types\/post"}],"author":[{"embeddable":true,"href":"https:\/\/cuernavaca.gob.mx\/index.php?rest_route=\/wp\/v2\/users\/1"}],"replies":[{"embeddable":true,"href":"https:\/\/cuernavaca.gob.mx\/index.php?rest_route=%2Fwp%2Fv2%2Fcomments&post=17422"}],"version-history":[{"count":1,"href":"https:\/\/cuernavaca.gob.mx\/index.php?rest_route=\/wp\/v2\/posts\/17422\/revisions"}],"predecessor-version":[{"id":17427,"href":"https:\/\/cuernavaca.gob.mx\/index.php?rest_route=\/wp\/v2\/posts\/17422\/revisions\/17427"}],"wp:featuredmedia":[{"embeddable":true,"href":"https:\/\/cuernavaca.gob.mx\/index.php?rest_route=\/wp\/v2\/media\/17426"}],"wp:attachment":[{"href":"https:\/\/cuernavaca.gob.mx\/index.php?rest_route=%2Fwp%2Fv2%2Fmedia&parent=17422"}],"wp:term":[{"taxonomy":"category","embeddable":true,"href":"https:\/\/cuernavaca.gob.mx\/index.php?rest_route=%2Fwp%2Fv2%2Fcategories&post=17422"},{"taxonomy":"post_tag","embeddable":true,"href":"https:\/\/cuernavaca.gob.mx\/index.php?rest_route=%2Fwp%2Fv2%2Ftags&post=17422"}],"curies":[{"name":"wp","href":"https:\/\/api.w.org\/{rel}","templated":true}]}}