{"id":17428,"date":"2022-08-18T15:00:00","date_gmt":"2022-08-18T20:00:00","guid":{"rendered":"https:\/\/cuernavaca.gob.mx\/?p=17428"},"modified":"2025-05-06T12:07:36","modified_gmt":"2025-05-06T18:07:36","slug":"f145-18-08-22-llama-el-ayuntamiento-de-cuernavaca-a-jovenes-emprendedores-a-participar-con-proyectos-de-innovacion-y-cuidado-del-medio-ambiente","status":"publish","type":"post","link":"https:\/\/cuernavaca.gob.mx\/?p=17428","title":{"rendered":"F145 18\/08\/22 LLAMA EL AYUNTAMIENTO DE CUERNAVACA A J\u00d3VENES EMPRENDEDORES A PARTICIPAR CON PROYECTOS DE INNOVACI\u00d3N Y CUIDADO DEL MEDIO AMBIENTE"},"content":{"rendered":"\n<p>El presidente municipal de Cuernavaca, Jos\u00e9 Luis Uri\u00f3stegui Salgado acudi\u00f3 a la convocatoria para la presentaci\u00f3n de la 5ta edici\u00f3n del HEINEKEN Green Challenge 2022, iniciativa dirigida a emprendedoras y emprendedores del estado de Morelos, dispuestos a presentar proyectos que propongan soluciones vinculadas en el uso eficiente de la energ\u00eda, con el prop\u00f3sito de generar bienestar y funcionamiento econ\u00f3mico con un alto impacto social a las comunidades.<\/p>\n\n\n\n<p>Atendiendo la invitaci\u00f3n de los organizadores para la presentaci\u00f3n realizada en las instalaciones del Tecnol\u00f3gico de Monterrey Campus Cuernavaca, el alcalde Jos\u00e9 Luis Uri\u00f3stegui expres\u00f3 su respaldo en la convocatoria para que las y los j\u00f3venes de Cuernavaca, participen impulsando proyectos que contribuyan al renacimiento de la ciudad capital, m\u00e1s a\u00fan si se trata de propuestas innovadoras relacionadas al cuidado del medio ambiente.<\/p>\n\n\n\n<p>Acompa\u00f1ado del alcalde Xochitepec, Roberto Gonzalo Flores Z\u00fa\u00f1iga, el presidente municipal de Cuernavaca invit\u00f3 a las juventudes a inscribirse y participar en esta iniciativa que lanzan HEINEKEN de M\u00e9xico y IMCmty en temas como Movilidad, Transporte y Log\u00edstica; Eficiencia Energ\u00e9tica en labores Agr\u00edcolas; Eficiencia Energ\u00e9tica en la Edificaci\u00f3n; Manejo Sostenible de la Energ\u00eda en la Industria; Eficiencia Urbana y Ciudades Inteligentes; Eficiencia Energ\u00e9tica en tu vida diaria y Eficiencia Energ\u00e9tica en el procesamiento de la Informaci\u00f3n.<\/p>\n\n\n\n<p>Las y los interesados pueden consultar y registrarse en esta convocatoria en el sitio https:\/\/heineken.incmty.com\/ donde conocer\u00e1n los detalles a cumplir, as\u00ed como los premios que podr\u00e1n a obtener los proyectos seleccionados.<\/p>\n\n\n\n<figure class=\"wp-container-2 wp-block-gallery-1 wp-block-gallery has-nested-images columns-default is-cropped\">\n<figure class=\"wp-block-image size-large\"><img loading=\"lazy\" width=\"1024\" height=\"682\" data-id=\"17429\"  src=\"https:\/\/cuernavaca.gob.mx\/wp-content\/uploads\/2022\/08\/HEINEKEN-Green-Challenge-01-1024x682.jpg\" alt=\"\" class=\"wp-image-17429\" srcset=\"https:\/\/cuernavaca.gob.mx\/wp-content\/uploads\/2022\/08\/HEINEKEN-Green-Challenge-01-1024x682.jpg 1024w, https:\/\/cuernavaca.gob.mx\/wp-content\/uploads\/2022\/08\/HEINEKEN-Green-Challenge-01-300x200.jpg 300w, https:\/\/cuernavaca.gob.mx\/wp-content\/uploads\/2022\/08\/HEINEKEN-Green-Challenge-01-768x512.jpg 768w, https:\/\/cuernavaca.gob.mx\/wp-content\/uploads\/2022\/08\/HEINEKEN-Green-Challenge-01-600x400.jpg 600w, https:\/\/cuernavaca.gob.mx\/wp-content\/uploads\/2022\/08\/HEINEKEN-Green-Challenge-01-560x373.jpg 560w, https:\/\/cuernavaca.gob.mx\/wp-content\/uploads\/2022\/08\/HEINEKEN-Green-Challenge-01.jpg 1280w\" sizes=\"(max-width: 1024px) 100vw, 1024px\" \/><\/figure>\n\n\n\n<figure class=\"wp-block-image size-large\"><img loading=\"lazy\" width=\"1024\" height=\"682\" data-id=\"17431\"  src=\"https:\/\/cuernavaca.gob.mx\/wp-content\/uploads\/2022\/08\/HEINEKEN-Green-Challenge-02-1024x682.jpg\" alt=\"\" class=\"wp-image-17431\" srcset=\"https:\/\/cuernavaca.gob.mx\/wp-content\/uploads\/2022\/08\/HEINEKEN-Green-Challenge-02-1024x682.jpg 1024w, https:\/\/cuernavaca.gob.mx\/wp-content\/uploads\/2022\/08\/HEINEKEN-Green-Challenge-02-300x200.jpg 300w, https:\/\/cuernavaca.gob.mx\/wp-content\/uploads\/2022\/08\/HEINEKEN-Green-Challenge-02-768x512.jpg 768w, https:\/\/cuernavaca.gob.mx\/wp-content\/uploads\/2022\/08\/HEINEKEN-Green-Challenge-02-600x400.jpg 600w, https:\/\/cuernavaca.gob.mx\/wp-content\/uploads\/2022\/08\/HEINEKEN-Green-Challenge-02-560x373.jpg 560w, https:\/\/cuernavaca.gob.mx\/wp-content\/uploads\/2022\/08\/HEINEKEN-Green-Challenge-02.jpg 1280w\" sizes=\"(max-width: 1024px) 100vw, 1024px\" \/><\/figure>\n\n\n\n<figure class=\"wp-block-image size-large\"><img loading=\"lazy\" width=\"1024\" height=\"682\" data-id=\"17432\"  src=\"https:\/\/cuernavaca.gob.mx\/wp-content\/uploads\/2022\/08\/HEINEKEN-Green-Challenge-03-1024x682.jpg\" alt=\"\" class=\"wp-image-17432\" srcset=\"https:\/\/cuernavaca.gob.mx\/wp-content\/uploads\/2022\/08\/HEINEKEN-Green-Challenge-03-1024x682.jpg 1024w, https:\/\/cuernavaca.gob.mx\/wp-content\/uploads\/2022\/08\/HEINEKEN-Green-Challenge-03-300x200.jpg 300w, https:\/\/cuernavaca.gob.mx\/wp-content\/uploads\/2022\/08\/HEINEKEN-Green-Challenge-03-768x512.jpg 768w, https:\/\/cuernavaca.gob.mx\/wp-content\/uploads\/2022\/08\/HEINEKEN-Green-Challenge-03-600x400.jpg 600w, https:\/\/cuernavaca.gob.mx\/wp-content\/uploads\/2022\/08\/HEINEKEN-Green-Challenge-03-560x373.jpg 560w, https:\/\/cuernavaca.gob.mx\/wp-content\/uploads\/2022\/08\/HEINEKEN-Green-Challenge-03.jpg 1280w\" sizes=\"(max-width: 1024px) 100vw, 1024px\" \/><\/figure>\n\n\n\n<figure class=\"wp-block-image size-large\"><img loading=\"lazy\" width=\"1024\" height=\"682\" data-id=\"17433\"  src=\"https:\/\/cuernavaca.gob.mx\/wp-content\/uploads\/2022\/08\/HEINEKEN-Green-Challenge-04-1024x682.jpg\" alt=\"\" class=\"wp-image-17433\" srcset=\"https:\/\/cuernavaca.gob.mx\/wp-content\/uploads\/2022\/08\/HEINEKEN-Green-Challenge-04-1024x682.jpg 1024w, https:\/\/cuernavaca.gob.mx\/wp-content\/uploads\/2022\/08\/HEINEKEN-Green-Challenge-04-300x200.jpg 300w, https:\/\/cuernavaca.gob.mx\/wp-content\/uploads\/2022\/08\/HEINEKEN-Green-Challenge-04-768x512.jpg 768w, https:\/\/cuernavaca.gob.mx\/wp-content\/uploads\/2022\/08\/HEINEKEN-Green-Challenge-04-600x400.jpg 600w, https:\/\/cuernavaca.gob.mx\/wp-content\/uploads\/2022\/08\/HEINEKEN-Green-Challenge-04-560x373.jpg 560w, https:\/\/cuernavaca.gob.mx\/wp-content\/uploads\/2022\/08\/HEINEKEN-Green-Challenge-04.jpg 1280w\" sizes=\"(max-width: 1024px) 100vw, 1024px\" \/><\/figure>\n\n\n\n<figure class=\"wp-block-image size-large\"><img loading=\"lazy\" width=\"1024\" height=\"682\" data-id=\"17430\"  src=\"https:\/\/cuernavaca.gob.mx\/wp-content\/uploads\/2022\/08\/HEINEKEN-Green-Challenge-05-1024x682.jpg\" alt=\"\" class=\"wp-image-17430\" srcset=\"https:\/\/cuernavaca.gob.mx\/wp-content\/uploads\/2022\/08\/HEINEKEN-Green-Challenge-05-1024x682.jpg 1024w, https:\/\/cuernavaca.gob.mx\/wp-content\/uploads\/2022\/08\/HEINEKEN-Green-Challenge-05-300x200.jpg 300w, https:\/\/cuernavaca.gob.mx\/wp-content\/uploads\/2022\/08\/HEINEKEN-Green-Challenge-05-768x512.jpg 768w, https:\/\/cuernavaca.gob.mx\/wp-content\/uploads\/2022\/08\/HEINEKEN-Green-Challenge-05-600x400.jpg 600w, https:\/\/cuernavaca.gob.mx\/wp-content\/uploads\/2022\/08\/HEINEKEN-Green-Challenge-05-560x373.jpg 560w, https:\/\/cuernavaca.gob.mx\/wp-content\/uploads\/2022\/08\/HEINEKEN-Green-Challenge-05.jpg 1280w\" sizes=\"(max-width: 1024px) 100vw, 1024px\" \/><\/figure>\n<\/figure>\n","protected":false},"excerpt":{"rendered":"<p>El presidente municipal de Cuernavaca, Jos\u00e9 Luis Uri\u00f3stegui Salgado acudi\u00f3 a la convocatoria para la presentaci\u00f3n de la 5ta edici\u00f3n del HEINEKEN Green Challenge 2022, iniciativa dirigida a emprendedoras y emprendedores del estado de Morelos, dispuestos a presentar proyectos que propongan soluciones vinculadas en el uso eficiente de la energ\u00eda, con el prop\u00f3sito de generar [&hellip;]<\/p>\n","protected":false},"author":1,"featured_media":17430,"comment_status":"closed","ping_status":"closed","sticky":false,"template":"","format":"standard","meta":[],"categories":[20],"tags":[121,460,2127,2128,2129,120,166],"aioseo_notices":[],"_links":{"self":[{"href":"https:\/\/cuernavaca.gob.mx\/index.php?rest_route=\/wp\/v2\/posts\/17428"}],"collection":[{"href":"https:\/\/cuernavaca.gob.mx\/index.php?rest_route=\/wp\/v2\/posts"}],"about":[{"href":"https:\/\/cuernavaca.gob.mx\/index.php?rest_route=\/wp\/v2\/types\/post"}],"author":[{"embeddable":true,"href":"https:\/\/cuernavaca.gob.mx\/index.php?rest_route=\/wp\/v2\/users\/1"}],"replies":[{"embeddable":true,"href":"https:\/\/cuernavaca.gob.mx\/index.php?rest_route=%2Fwp%2Fv2%2Fcomments&post=17428"}],"version-history":[{"count":1,"href":"https:\/\/cuernavaca.gob.mx\/index.php?rest_route=\/wp\/v2\/posts\/17428\/revisions"}],"predecessor-version":[{"id":17434,"href":"https:\/\/cuernavaca.gob.mx\/index.php?rest_route=\/wp\/v2\/posts\/17428\/revisions\/17434"}],"wp:featuredmedia":[{"embeddable":true,"href":"https:\/\/cuernavaca.gob.mx\/index.php?rest_route=\/wp\/v2\/media\/17430"}],"wp:attachment":[{"href":"https:\/\/cuernavaca.gob.mx\/index.php?rest_route=%2Fwp%2Fv2%2Fmedia&parent=17428"}],"wp:term":[{"taxonomy":"category","embeddable":true,"href":"https:\/\/cuernavaca.gob.mx\/index.php?rest_route=%2Fwp%2Fv2%2Fcategories&post=17428"},{"taxonomy":"post_tag","embeddable":true,"href":"https:\/\/cuernavaca.gob.mx\/index.php?rest_route=%2Fwp%2Fv2%2Ftags&post=17428"}],"curies":[{"name":"wp","href":"https:\/\/api.w.org\/{rel}","templated":true}]}}