{"id":17435,"date":"2022-08-18T17:00:00","date_gmt":"2022-08-18T22:00:00","guid":{"rendered":"https:\/\/cuernavaca.gob.mx\/?p=17435"},"modified":"2025-05-06T12:07:36","modified_gmt":"2025-05-06T18:07:36","slug":"b514-18-08-22-ayuntamiento-de-cuernavaca-inicio-proceso-de-socializacion-para-la-regulacion-de-colonias-de-la-zona-oriente","status":"publish","type":"post","link":"https:\/\/cuernavaca.gob.mx\/?p=17435","title":{"rendered":"B514 18\/08\/22 AYUNTAMIENTO DE CUERNAVACA INICI\u00d3 PROCESO DE SOCIALIZACI\u00d3N PARA LA REGULACI\u00d3N DE COLONIAS DE LA ZONA ORIENTE"},"content":{"rendered":"\n<p><strong>El presidente municipal, Jos\u00e9 Luis Uri\u00f3stegui Salgado encabez\u00f3 un encuentro con vecinos de Cerritos de Garc\u00eda, Rodolfo L\u00f3pez de Nava, El Universo, Milpillas, La Florida, Tierra Colorada, Copalito<\/strong><\/p>\n\n\n\n<p><strong>Junto con personal de las Direcciones de Catastro, Colonias y Poblados se dotar\u00e1 de informaci\u00f3n para la incorporaci\u00f3n al registro predial<\/strong><\/p>\n\n\n\n<p>Con el objetivo de fortalecer el proyecto integral de regularizaci\u00f3n y delimitaci\u00f3n de colonias en Cuernavaca, el presidente municipal, Jos\u00e9 Luis Uri\u00f3stegui Salgado, sostuvo una reuni\u00f3n con vecinos de la zona oriente de la ciudad, a fin de que conocieran el trabajo que se est\u00e1 realizando desde la Direcci\u00f3n General de Catastro y sumar sus opiniones respecto a la conformaci\u00f3n y reconocimiento de estos sitios urbanizados que dar\u00e1 orden al territorio, incluy\u00e9ndolos al Registro Predial.<\/p>\n\n\n\n<p>A convocatoria del Gobierno Municipal, habitantes de Cerritos de Garc\u00eda, Rodolfo L\u00f3pez de Nava, El Universo, Milpillas, La Florida, Tierra Colorada, Copalito, entre otras, escucharon de manera particular el prop\u00f3sito y los avances de este proyecto que pretende que todas las colonias en la capital del estado cuenten con una denominaci\u00f3n oficial otorgada por el Cabildo y una delimitaci\u00f3n geogr\u00e1fica.<\/p>\n\n\n\n<p>Acompa\u00f1ado del secretario del Ayuntamiento, Carlos de la Rosa Segura; el director general de Catastro, Fernando Streber Montagne; y el director de Atenci\u00f3n Comunitaria, Colonias, Poblados y Delegaciones del municipio, Luis Arturo Garc\u00eda Mondrag\u00f3n, el presidente municipal puntualiz\u00f3 que la falta del reconocimiento oficial a las comunidades incide en la aplicaci\u00f3n de recursos p\u00fablicos para servicios, como es el caso del Fondo de Aportaciones para la Infraestructura Social (FAIS), ya que al no estar reconocidos los pol\u00edgonos dif\u00edcilmente se aplican.<\/p>\n\n\n\n<p>Como antecedente, Jos\u00e9 Luis Uri\u00f3stegui explic\u00f3 que en primer lugar se llev\u00f3 a cabo una revisi\u00f3n de las regiones catastrales debido a que Cuernavaca durante m\u00e1s de 50 a\u00f1os contaba solo con 38 regiones catastrales, dejando fuera a muchas colonias por la falta de reconocimiento oficial, por lo cual una de las prioridades de la presente administraci\u00f3n fue actualizarlas, pasando a 47 regiones catastrales, en las que se incluye un n\u00famero determinado de terrenos y construcciones, lo que llevar\u00e1 a la entrega de un plano catastral a los posesionarios que, junto con su constancia de posesi\u00f3n, ayudar\u00e1 a fortalecer el derecho que tienen muchas personas a detentar leg\u00edtimamente la posesi\u00f3n de sus predios.<\/p>\n\n\n\n<p>\u201cTenemos la certeza de que los trabajos que hemos venido realizando, que no tienen nada m\u00e1s que ver con el nombre de la colonia, sino tambi\u00e9n con el reconocimiento geogr\u00e1fico de cada colonia, con el reconocimiento de la posesi\u00f3n de la tierra por quienes hoy est\u00e1n ah\u00ed, puede ayudar a que nuestra ciudad tenga un mejor desarrollo urbano y una aplicaci\u00f3n de recursos en obras y servicios p\u00fablicos\u201d, mencion\u00f3 el alcalde a los vecinos presentes.<\/p>\n\n\n\n<p>En este sentido, inform\u00f3 que, a partir del pr\u00f3ximo a\u00f1o, el 40 por ciento de lo recaudado del impuesto predial en cada una de las nuevas 47 regiones catastrales, ser\u00e1 destinado a las mismas, pero en obras o servicios que la mayor\u00eda de la poblaci\u00f3n de esos lugares determinen.<\/p>\n\n\n\n<p>Por su lado, el director general de Catastro, Fernando Streber Montagne, puntualiz\u00f3 que este trabajo se est\u00e1 llevando a cabo junto con el INEGI, INE y la Comisi\u00f3n Estatal de Reservas Territoriales para garantizar que la delimitaci\u00f3n de las colonias sea la correcta, evitando incluir colonias que forman parte de localidades colindantes.<\/p>\n\n\n\n<p>Explic\u00f3 que dentro de esta labor, se modificar\u00e1 tambi\u00e9n el Bando de Polic\u00eda y Buen Gobierno, el cual contar\u00e1 con un anexo donde se incluyan todos los l\u00edmites de las colonias con los datos t\u00e9cnicos de la colonia debidamente avalados por el INEGI, as\u00ed como la cartograf\u00eda de cada colonia, lo que dar\u00e1 certeza a toda la poblaci\u00f3n, a fin de que funcione para todos los organismos que emiten comprobantes de domicilio y al INE con quienes han estado trabajando en coordinaci\u00f3n para que las credenciales de elector salgan con el nombre de la colonia y c\u00f3digo postal correcta.<\/p>\n\n\n\n<figure class=\"wp-container-2 wp-block-gallery-1 wp-block-gallery has-nested-images columns-default is-cropped\">\n<figure class=\"wp-block-image size-large\"><img loading=\"lazy\" width=\"1024\" height=\"682\" data-id=\"17441\"  src=\"https:\/\/cuernavaca.gob.mx\/wp-content\/uploads\/2022\/08\/Regularizacio\u0301n-de-colonias-01-1024x682.jpg\" alt=\"\" class=\"wp-image-17441\" srcset=\"https:\/\/cuernavaca.gob.mx\/wp-content\/uploads\/2022\/08\/Regularizacio\u0301n-de-colonias-01-1024x682.jpg 1024w, https:\/\/cuernavaca.gob.mx\/wp-content\/uploads\/2022\/08\/Regularizacio\u0301n-de-colonias-01-300x200.jpg 300w, https:\/\/cuernavaca.gob.mx\/wp-content\/uploads\/2022\/08\/Regularizacio\u0301n-de-colonias-01-768x512.jpg 768w, https:\/\/cuernavaca.gob.mx\/wp-content\/uploads\/2022\/08\/Regularizacio\u0301n-de-colonias-01-600x400.jpg 600w, https:\/\/cuernavaca.gob.mx\/wp-content\/uploads\/2022\/08\/Regularizacio\u0301n-de-colonias-01-560x373.jpg 560w, https:\/\/cuernavaca.gob.mx\/wp-content\/uploads\/2022\/08\/Regularizacio\u0301n-de-colonias-01.jpg 1280w\" sizes=\"(max-width: 1024px) 100vw, 1024px\" \/><\/figure>\n\n\n\n<figure class=\"wp-block-image size-large\"><img loading=\"lazy\" width=\"1024\" height=\"682\" data-id=\"17438\"  src=\"https:\/\/cuernavaca.gob.mx\/wp-content\/uploads\/2022\/08\/Regularizacio\u0301n-de-colonias-02-1024x682.jpg\" alt=\"\" class=\"wp-image-17438\" srcset=\"https:\/\/cuernavaca.gob.mx\/wp-content\/uploads\/2022\/08\/Regularizacio\u0301n-de-colonias-02-1024x682.jpg 1024w, https:\/\/cuernavaca.gob.mx\/wp-content\/uploads\/2022\/08\/Regularizacio\u0301n-de-colonias-02-300x200.jpg 300w, https:\/\/cuernavaca.gob.mx\/wp-content\/uploads\/2022\/08\/Regularizacio\u0301n-de-colonias-02-768x512.jpg 768w, https:\/\/cuernavaca.gob.mx\/wp-content\/uploads\/2022\/08\/Regularizacio\u0301n-de-colonias-02-600x400.jpg 600w, https:\/\/cuernavaca.gob.mx\/wp-content\/uploads\/2022\/08\/Regularizacio\u0301n-de-colonias-02-560x373.jpg 560w, https:\/\/cuernavaca.gob.mx\/wp-content\/uploads\/2022\/08\/Regularizacio\u0301n-de-colonias-02.jpg 1280w\" sizes=\"(max-width: 1024px) 100vw, 1024px\" \/><\/figure>\n\n\n\n<figure class=\"wp-block-image size-large\"><img loading=\"lazy\" width=\"1024\" height=\"682\" data-id=\"17440\"  src=\"https:\/\/cuernavaca.gob.mx\/wp-content\/uploads\/2022\/08\/Regularizacio\u0301n-de-colonias-04-1024x682.jpg\" alt=\"\" class=\"wp-image-17440\" srcset=\"https:\/\/cuernavaca.gob.mx\/wp-content\/uploads\/2022\/08\/Regularizacio\u0301n-de-colonias-04-1024x682.jpg 1024w, https:\/\/cuernavaca.gob.mx\/wp-content\/uploads\/2022\/08\/Regularizacio\u0301n-de-colonias-04-300x200.jpg 300w, https:\/\/cuernavaca.gob.mx\/wp-content\/uploads\/2022\/08\/Regularizacio\u0301n-de-colonias-04-768x512.jpg 768w, https:\/\/cuernavaca.gob.mx\/wp-content\/uploads\/2022\/08\/Regularizacio\u0301n-de-colonias-04-600x400.jpg 600w, https:\/\/cuernavaca.gob.mx\/wp-content\/uploads\/2022\/08\/Regularizacio\u0301n-de-colonias-04-560x373.jpg 560w, https:\/\/cuernavaca.gob.mx\/wp-content\/uploads\/2022\/08\/Regularizacio\u0301n-de-colonias-04.jpg 1280w\" sizes=\"(max-width: 1024px) 100vw, 1024px\" \/><\/figure>\n\n\n\n<figure class=\"wp-block-image size-large\"><img loading=\"lazy\" width=\"1024\" height=\"682\" data-id=\"17436\"  src=\"https:\/\/cuernavaca.gob.mx\/wp-content\/uploads\/2022\/08\/Regularizacio\u0301n-de-colonias-05-1024x682.jpg\" alt=\"\" class=\"wp-image-17436\" srcset=\"https:\/\/cuernavaca.gob.mx\/wp-content\/uploads\/2022\/08\/Regularizacio\u0301n-de-colonias-05-1024x682.jpg 1024w, https:\/\/cuernavaca.gob.mx\/wp-content\/uploads\/2022\/08\/Regularizacio\u0301n-de-colonias-05-300x200.jpg 300w, https:\/\/cuernavaca.gob.mx\/wp-content\/uploads\/2022\/08\/Regularizacio\u0301n-de-colonias-05-768x512.jpg 768w, https:\/\/cuernavaca.gob.mx\/wp-content\/uploads\/2022\/08\/Regularizacio\u0301n-de-colonias-05-600x400.jpg 600w, https:\/\/cuernavaca.gob.mx\/wp-content\/uploads\/2022\/08\/Regularizacio\u0301n-de-colonias-05-560x373.jpg 560w, https:\/\/cuernavaca.gob.mx\/wp-content\/uploads\/2022\/08\/Regularizacio\u0301n-de-colonias-05.jpg 1280w\" sizes=\"(max-width: 1024px) 100vw, 1024px\" \/><\/figure>\n\n\n\n<figure class=\"wp-block-image size-large\"><img loading=\"lazy\" width=\"1024\" height=\"682\" data-id=\"17437\"  src=\"https:\/\/cuernavaca.gob.mx\/wp-content\/uploads\/2022\/08\/Regularizacio\u0301n-de-colonias-06-1024x682.jpg\" alt=\"\" class=\"wp-image-17437\" srcset=\"https:\/\/cuernavaca.gob.mx\/wp-content\/uploads\/2022\/08\/Regularizacio\u0301n-de-colonias-06-1024x682.jpg 1024w, https:\/\/cuernavaca.gob.mx\/wp-content\/uploads\/2022\/08\/Regularizacio\u0301n-de-colonias-06-300x200.jpg 300w, https:\/\/cuernavaca.gob.mx\/wp-content\/uploads\/2022\/08\/Regularizacio\u0301n-de-colonias-06-768x512.jpg 768w, https:\/\/cuernavaca.gob.mx\/wp-content\/uploads\/2022\/08\/Regularizacio\u0301n-de-colonias-06-600x400.jpg 600w, https:\/\/cuernavaca.gob.mx\/wp-content\/uploads\/2022\/08\/Regularizacio\u0301n-de-colonias-06-560x373.jpg 560w, https:\/\/cuernavaca.gob.mx\/wp-content\/uploads\/2022\/08\/Regularizacio\u0301n-de-colonias-06.jpg 1280w\" sizes=\"(max-width: 1024px) 100vw, 1024px\" \/><\/figure>\n\n\n\n<figure class=\"wp-block-image size-large\"><img loading=\"lazy\" width=\"1024\" height=\"682\" data-id=\"17442\"  src=\"https:\/\/cuernavaca.gob.mx\/wp-content\/uploads\/2022\/08\/Regularizacio\u0301n-de-colonias-07-1024x682.jpg\" alt=\"\" class=\"wp-image-17442\" srcset=\"https:\/\/cuernavaca.gob.mx\/wp-content\/uploads\/2022\/08\/Regularizacio\u0301n-de-colonias-07-1024x682.jpg 1024w, https:\/\/cuernavaca.gob.mx\/wp-content\/uploads\/2022\/08\/Regularizacio\u0301n-de-colonias-07-300x200.jpg 300w, https:\/\/cuernavaca.gob.mx\/wp-content\/uploads\/2022\/08\/Regularizacio\u0301n-de-colonias-07-768x512.jpg 768w, https:\/\/cuernavaca.gob.mx\/wp-content\/uploads\/2022\/08\/Regularizacio\u0301n-de-colonias-07-600x400.jpg 600w, https:\/\/cuernavaca.gob.mx\/wp-content\/uploads\/2022\/08\/Regularizacio\u0301n-de-colonias-07-560x373.jpg 560w, https:\/\/cuernavaca.gob.mx\/wp-content\/uploads\/2022\/08\/Regularizacio\u0301n-de-colonias-07.jpg 1280w\" sizes=\"(max-width: 1024px) 100vw, 1024px\" \/><\/figure>\n\n\n\n<figure class=\"wp-block-image size-large\"><img loading=\"lazy\" width=\"1024\" height=\"682\" data-id=\"17439\"  src=\"https:\/\/cuernavaca.gob.mx\/wp-content\/uploads\/2022\/08\/Regularizacio\u0301n-de-colonias-03-1024x682.jpg\" alt=\"\" class=\"wp-image-17439\" srcset=\"https:\/\/cuernavaca.gob.mx\/wp-content\/uploads\/2022\/08\/Regularizacio\u0301n-de-colonias-03-1024x682.jpg 1024w, https:\/\/cuernavaca.gob.mx\/wp-content\/uploads\/2022\/08\/Regularizacio\u0301n-de-colonias-03-300x200.jpg 300w, https:\/\/cuernavaca.gob.mx\/wp-content\/uploads\/2022\/08\/Regularizacio\u0301n-de-colonias-03-768x512.jpg 768w, https:\/\/cuernavaca.gob.mx\/wp-content\/uploads\/2022\/08\/Regularizacio\u0301n-de-colonias-03-600x400.jpg 600w, https:\/\/cuernavaca.gob.mx\/wp-content\/uploads\/2022\/08\/Regularizacio\u0301n-de-colonias-03-560x373.jpg 560w, https:\/\/cuernavaca.gob.mx\/wp-content\/uploads\/2022\/08\/Regularizacio\u0301n-de-colonias-03.jpg 1280w\" sizes=\"(max-width: 1024px) 100vw, 1024px\" \/><\/figure>\n<\/figure>\n","protected":false},"excerpt":{"rendered":"<p>El presidente municipal, Jos\u00e9 Luis Uri\u00f3stegui Salgado encabez\u00f3 un encuentro con vecinos de Cerritos de Garc\u00eda, Rodolfo L\u00f3pez de Nava, El Universo, Milpillas, La Florida, Tierra Colorada, Copalito Junto con personal de las Direcciones de Catastro, Colonias y Poblados se dotar\u00e1 de informaci\u00f3n para la incorporaci\u00f3n al registro predial Con el objetivo de fortalecer el [&hellip;]<\/p>\n","protected":false},"author":1,"featured_media":17442,"comment_status":"closed","ping_status":"closed","sticky":false,"template":"","format":"standard","meta":[],"categories":[20],"tags":[622,121,120,2130,1688,137],"aioseo_notices":[],"_links":{"self":[{"href":"https:\/\/cuernavaca.gob.mx\/index.php?rest_route=\/wp\/v2\/posts\/17435"}],"collection":[{"href":"https:\/\/cuernavaca.gob.mx\/index.php?rest_route=\/wp\/v2\/posts"}],"about":[{"href":"https:\/\/cuernavaca.gob.mx\/index.php?rest_route=\/wp\/v2\/types\/post"}],"author":[{"embeddable":true,"href":"https:\/\/cuernavaca.gob.mx\/index.php?rest_route=\/wp\/v2\/users\/1"}],"replies":[{"embeddable":true,"href":"https:\/\/cuernavaca.gob.mx\/index.php?rest_route=%2Fwp%2Fv2%2Fcomments&post=17435"}],"version-history":[{"count":1,"href":"https:\/\/cuernavaca.gob.mx\/index.php?rest_route=\/wp\/v2\/posts\/17435\/revisions"}],"predecessor-version":[{"id":17443,"href":"https:\/\/cuernavaca.gob.mx\/index.php?rest_route=\/wp\/v2\/posts\/17435\/revisions\/17443"}],"wp:featuredmedia":[{"embeddable":true,"href":"https:\/\/cuernavaca.gob.mx\/index.php?rest_route=\/wp\/v2\/media\/17442"}],"wp:attachment":[{"href":"https:\/\/cuernavaca.gob.mx\/index.php?rest_route=%2Fwp%2Fv2%2Fmedia&parent=17435"}],"wp:term":[{"taxonomy":"category","embeddable":true,"href":"https:\/\/cuernavaca.gob.mx\/index.php?rest_route=%2Fwp%2Fv2%2Fcategories&post=17435"},{"taxonomy":"post_tag","embeddable":true,"href":"https:\/\/cuernavaca.gob.mx\/index.php?rest_route=%2Fwp%2Fv2%2Ftags&post=17435"}],"curies":[{"name":"wp","href":"https:\/\/api.w.org\/{rel}","templated":true}]}}