{"id":17452,"date":"2022-08-19T09:00:00","date_gmt":"2022-08-19T14:00:00","guid":{"rendered":"https:\/\/cuernavaca.gob.mx\/?p=17452"},"modified":"2025-05-06T12:07:35","modified_gmt":"2025-05-06T18:07:35","slug":"f146-19-08-22-exponen-obras-creada-por-artistas-en-tratamiento-por-salud-mental-en-la-biblioteca-del-parque-melchor-ocampo","status":"publish","type":"post","link":"https:\/\/cuernavaca.gob.mx\/?p=17452","title":{"rendered":"F146 19\/08\/22 EXPONEN OBRAS CREADA POR ARTISTAS EN TRATAMIENTO POR SALUD MENTAL EN LA BIBLIOTECA DEL PARQUE MELCHOR OCAMPO"},"content":{"rendered":"\n<p>Para recuperar los espacios p\u00fablicos y visibilizar el arte inclusivo, autoridades de la Secretar\u00eda de Desarrollo Humano y Participaci\u00f3n Social del Ayuntamiento de Cuernavaca, inauguraron de la exposici\u00f3n \u201cLa Ventana de los Otros\u201d de Casa Tlatoani en la biblioteca del parque Melchor Ocampo de Cuernavaca.<\/p>\n\n\n\n<p>La actividad organizada por la Direcci\u00f3n de Infraestructura y Casas de la Cultura del Instituto de Cultura del municipio, en coordinaci\u00f3n con la Direcci\u00f3n de Centros de Desarrollo Comunitario, Bibliotecas y Espacios P\u00fablicos, muestra obras realizadas por 30 personas que se encuentran en tratamiento para la salud mental, donde a trav\u00e9s del arte plasman sus emociones y forma de ver la vida.<\/p>\n\n\n\n<p>En el acto inaugural, la secretaria de Desarrollo Humano y Participaci\u00f3n Social, Laura Hern\u00e1ndez Cruz, destac\u00f3 la importancia de recuperar los espacios p\u00fablicos para todas y todos, para que en Cuernavaca nadie se quede atr\u00e1s, visibilizando a todos los sectores sociales.<\/p>\n\n\n\n<p>Flavio Mart\u00ednez Castro, representante de &#8220;Casa Tlatoani&#8221; se\u00f1al\u00f3 que el objetivo de esta exposici\u00f3n presentada a la poblaci\u00f3n abierta, tiene como finalidad que las personas que se encuentran en tratamiento para la salud mental, puedan expresarse a trav\u00e9s del arte.<\/p>\n\n\n\n<p>La exposici\u00f3n estar\u00e1 vigente a partir de este viernes y hasta el 22 de agosto de 09:00 a 15:00 horas.<\/p>\n\n\n\n<figure class=\"wp-container-2 wp-block-gallery-1 wp-block-gallery has-nested-images columns-default is-cropped\">\n<figure class=\"wp-block-image size-large\"><img loading=\"lazy\" width=\"1024\" height=\"768\" data-id=\"17456\"  src=\"https:\/\/cuernavaca.gob.mx\/wp-content\/uploads\/2022\/08\/Exposicio\u0301n-Parque-Melchor-Ocampo-01-1024x768.jpg\" alt=\"\" class=\"wp-image-17456\" srcset=\"https:\/\/cuernavaca.gob.mx\/wp-content\/uploads\/2022\/08\/Exposicio\u0301n-Parque-Melchor-Ocampo-01-1024x768.jpg 1024w, https:\/\/cuernavaca.gob.mx\/wp-content\/uploads\/2022\/08\/Exposicio\u0301n-Parque-Melchor-Ocampo-01-300x225.jpg 300w, https:\/\/cuernavaca.gob.mx\/wp-content\/uploads\/2022\/08\/Exposicio\u0301n-Parque-Melchor-Ocampo-01-768x576.jpg 768w, https:\/\/cuernavaca.gob.mx\/wp-content\/uploads\/2022\/08\/Exposicio\u0301n-Parque-Melchor-Ocampo-01-1536x1152.jpg 1536w, https:\/\/cuernavaca.gob.mx\/wp-content\/uploads\/2022\/08\/Exposicio\u0301n-Parque-Melchor-Ocampo-01-600x450.jpg 600w, https:\/\/cuernavaca.gob.mx\/wp-content\/uploads\/2022\/08\/Exposicio\u0301n-Parque-Melchor-Ocampo-01-560x420.jpg 560w, https:\/\/cuernavaca.gob.mx\/wp-content\/uploads\/2022\/08\/Exposicio\u0301n-Parque-Melchor-Ocampo-01.jpg 1600w\" sizes=\"(max-width: 1024px) 100vw, 1024px\" \/><\/figure>\n\n\n\n<figure class=\"wp-block-image size-large\"><img loading=\"lazy\" width=\"1024\" height=\"768\" data-id=\"17454\"  src=\"https:\/\/cuernavaca.gob.mx\/wp-content\/uploads\/2022\/08\/Exposicio\u0301n-Parque-Melchor-Ocampo-02-1024x768.jpg\" alt=\"\" class=\"wp-image-17454\" srcset=\"https:\/\/cuernavaca.gob.mx\/wp-content\/uploads\/2022\/08\/Exposicio\u0301n-Parque-Melchor-Ocampo-02-1024x768.jpg 1024w, https:\/\/cuernavaca.gob.mx\/wp-content\/uploads\/2022\/08\/Exposicio\u0301n-Parque-Melchor-Ocampo-02-300x225.jpg 300w, https:\/\/cuernavaca.gob.mx\/wp-content\/uploads\/2022\/08\/Exposicio\u0301n-Parque-Melchor-Ocampo-02-768x576.jpg 768w, https:\/\/cuernavaca.gob.mx\/wp-content\/uploads\/2022\/08\/Exposicio\u0301n-Parque-Melchor-Ocampo-02-1536x1152.jpg 1536w, https:\/\/cuernavaca.gob.mx\/wp-content\/uploads\/2022\/08\/Exposicio\u0301n-Parque-Melchor-Ocampo-02-600x450.jpg 600w, https:\/\/cuernavaca.gob.mx\/wp-content\/uploads\/2022\/08\/Exposicio\u0301n-Parque-Melchor-Ocampo-02-560x420.jpg 560w, https:\/\/cuernavaca.gob.mx\/wp-content\/uploads\/2022\/08\/Exposicio\u0301n-Parque-Melchor-Ocampo-02.jpg 1600w\" sizes=\"(max-width: 1024px) 100vw, 1024px\" \/><\/figure>\n\n\n\n<figure class=\"wp-block-image size-large\"><img loading=\"lazy\" width=\"1024\" height=\"768\" data-id=\"17453\"  src=\"https:\/\/cuernavaca.gob.mx\/wp-content\/uploads\/2022\/08\/Exposicio\u0301n-Parque-Melchor-Ocampo-03-1024x768.jpg\" alt=\"\" class=\"wp-image-17453\" srcset=\"https:\/\/cuernavaca.gob.mx\/wp-content\/uploads\/2022\/08\/Exposicio\u0301n-Parque-Melchor-Ocampo-03-1024x768.jpg 1024w, https:\/\/cuernavaca.gob.mx\/wp-content\/uploads\/2022\/08\/Exposicio\u0301n-Parque-Melchor-Ocampo-03-300x225.jpg 300w, https:\/\/cuernavaca.gob.mx\/wp-content\/uploads\/2022\/08\/Exposicio\u0301n-Parque-Melchor-Ocampo-03-768x576.jpg 768w, https:\/\/cuernavaca.gob.mx\/wp-content\/uploads\/2022\/08\/Exposicio\u0301n-Parque-Melchor-Ocampo-03-1536x1152.jpg 1536w, https:\/\/cuernavaca.gob.mx\/wp-content\/uploads\/2022\/08\/Exposicio\u0301n-Parque-Melchor-Ocampo-03-600x450.jpg 600w, https:\/\/cuernavaca.gob.mx\/wp-content\/uploads\/2022\/08\/Exposicio\u0301n-Parque-Melchor-Ocampo-03-560x420.jpg 560w, https:\/\/cuernavaca.gob.mx\/wp-content\/uploads\/2022\/08\/Exposicio\u0301n-Parque-Melchor-Ocampo-03.jpg 1600w\" sizes=\"(max-width: 1024px) 100vw, 1024px\" \/><\/figure>\n\n\n\n<figure class=\"wp-block-image size-large\"><img loading=\"lazy\" width=\"943\" height=\"1024\" data-id=\"17457\"  src=\"https:\/\/cuernavaca.gob.mx\/wp-content\/uploads\/2022\/08\/Exposicio\u0301n-Parque-Melchor-Ocampo-04-943x1024.jpg\" alt=\"\" class=\"wp-image-17457\" srcset=\"https:\/\/cuernavaca.gob.mx\/wp-content\/uploads\/2022\/08\/Exposicio\u0301n-Parque-Melchor-Ocampo-04-943x1024.jpg 943w, https:\/\/cuernavaca.gob.mx\/wp-content\/uploads\/2022\/08\/Exposicio\u0301n-Parque-Melchor-Ocampo-04-276x300.jpg 276w, https:\/\/cuernavaca.gob.mx\/wp-content\/uploads\/2022\/08\/Exposicio\u0301n-Parque-Melchor-Ocampo-04-768x834.jpg 768w, https:\/\/cuernavaca.gob.mx\/wp-content\/uploads\/2022\/08\/Exposicio\u0301n-Parque-Melchor-Ocampo-04-1415x1536.jpg 1415w, https:\/\/cuernavaca.gob.mx\/wp-content\/uploads\/2022\/08\/Exposicio\u0301n-Parque-Melchor-Ocampo-04-553x600.jpg 553w, https:\/\/cuernavaca.gob.mx\/wp-content\/uploads\/2022\/08\/Exposicio\u0301n-Parque-Melchor-Ocampo-04-516x560.jpg 516w, https:\/\/cuernavaca.gob.mx\/wp-content\/uploads\/2022\/08\/Exposicio\u0301n-Parque-Melchor-Ocampo-04.jpg 1474w\" sizes=\"(max-width: 943px) 100vw, 943px\" \/><\/figure>\n\n\n\n<figure class=\"wp-block-image size-large\"><img loading=\"lazy\" width=\"1024\" height=\"768\" data-id=\"17455\"  src=\"https:\/\/cuernavaca.gob.mx\/wp-content\/uploads\/2022\/08\/Exposicio\u0301n-Parque-Melchor-Ocampo-05-1024x768.jpg\" alt=\"\" class=\"wp-image-17455\" srcset=\"https:\/\/cuernavaca.gob.mx\/wp-content\/uploads\/2022\/08\/Exposicio\u0301n-Parque-Melchor-Ocampo-05-1024x768.jpg 1024w, https:\/\/cuernavaca.gob.mx\/wp-content\/uploads\/2022\/08\/Exposicio\u0301n-Parque-Melchor-Ocampo-05-300x225.jpg 300w, https:\/\/cuernavaca.gob.mx\/wp-content\/uploads\/2022\/08\/Exposicio\u0301n-Parque-Melchor-Ocampo-05-768x576.jpg 768w, https:\/\/cuernavaca.gob.mx\/wp-content\/uploads\/2022\/08\/Exposicio\u0301n-Parque-Melchor-Ocampo-05-1536x1152.jpg 1536w, https:\/\/cuernavaca.gob.mx\/wp-content\/uploads\/2022\/08\/Exposicio\u0301n-Parque-Melchor-Ocampo-05-600x450.jpg 600w, https:\/\/cuernavaca.gob.mx\/wp-content\/uploads\/2022\/08\/Exposicio\u0301n-Parque-Melchor-Ocampo-05-560x420.jpg 560w, https:\/\/cuernavaca.gob.mx\/wp-content\/uploads\/2022\/08\/Exposicio\u0301n-Parque-Melchor-Ocampo-05.jpg 1600w\" sizes=\"(max-width: 1024px) 100vw, 1024px\" \/><\/figure>\n<\/figure>\n","protected":false},"excerpt":{"rendered":"<p>Para recuperar los espacios p\u00fablicos y visibilizar el arte inclusivo, autoridades de la Secretar\u00eda de Desarrollo Humano y Participaci\u00f3n Social del Ayuntamiento de Cuernavaca, inauguraron de la exposici\u00f3n \u201cLa Ventana de los Otros\u201d de Casa Tlatoani en la biblioteca del parque Melchor Ocampo de Cuernavaca. La actividad organizada por la Direcci\u00f3n de Infraestructura y Casas [&hellip;]<\/p>\n","protected":false},"author":1,"featured_media":17456,"comment_status":"closed","ping_status":"closed","sticky":false,"template":"","format":"standard","meta":[],"categories":[862,20],"tags":[2133,121,382,1426,120,658,1635],"aioseo_notices":[],"_links":{"self":[{"href":"https:\/\/cuernavaca.gob.mx\/index.php?rest_route=\/wp\/v2\/posts\/17452"}],"collection":[{"href":"https:\/\/cuernavaca.gob.mx\/index.php?rest_route=\/wp\/v2\/posts"}],"about":[{"href":"https:\/\/cuernavaca.gob.mx\/index.php?rest_route=\/wp\/v2\/types\/post"}],"author":[{"embeddable":true,"href":"https:\/\/cuernavaca.gob.mx\/index.php?rest_route=\/wp\/v2\/users\/1"}],"replies":[{"embeddable":true,"href":"https:\/\/cuernavaca.gob.mx\/index.php?rest_route=%2Fwp%2Fv2%2Fcomments&post=17452"}],"version-history":[{"count":1,"href":"https:\/\/cuernavaca.gob.mx\/index.php?rest_route=\/wp\/v2\/posts\/17452\/revisions"}],"predecessor-version":[{"id":17458,"href":"https:\/\/cuernavaca.gob.mx\/index.php?rest_route=\/wp\/v2\/posts\/17452\/revisions\/17458"}],"wp:featuredmedia":[{"embeddable":true,"href":"https:\/\/cuernavaca.gob.mx\/index.php?rest_route=\/wp\/v2\/media\/17456"}],"wp:attachment":[{"href":"https:\/\/cuernavaca.gob.mx\/index.php?rest_route=%2Fwp%2Fv2%2Fmedia&parent=17452"}],"wp:term":[{"taxonomy":"category","embeddable":true,"href":"https:\/\/cuernavaca.gob.mx\/index.php?rest_route=%2Fwp%2Fv2%2Fcategories&post=17452"},{"taxonomy":"post_tag","embeddable":true,"href":"https:\/\/cuernavaca.gob.mx\/index.php?rest_route=%2Fwp%2Fv2%2Ftags&post=17452"}],"curies":[{"name":"wp","href":"https:\/\/api.w.org\/{rel}","templated":true}]}}