{"id":17703,"date":"2022-08-23T15:00:00","date_gmt":"2022-08-23T20:00:00","guid":{"rendered":"https:\/\/cuernavaca.gob.mx\/?p=17703"},"modified":"2025-05-06T12:07:31","modified_gmt":"2025-05-06T18:07:31","slug":"b527-23-08-22-aprueba-junta-de-gobierno-del-sapac-nuevo-reglamento-y-estructura-organica-para-mejorar-eficacia-y-eficiencia-en-servicios","status":"publish","type":"post","link":"https:\/\/cuernavaca.gob.mx\/?p=17703","title":{"rendered":"B527 23\/08\/22 APRUEBA JUNTA DE GOBIERNO DEL SAPAC NUEVO REGLAMENTO Y ESTRUCTURA ORG\u00c1NICA PARA MEJORAR EFICACIA Y EFICIENCIA EN SERVICIOS"},"content":{"rendered":"\n<p><strong>El presidente municipal Jos\u00e9 Luis Uri\u00f3stegui encabez\u00f3 la sesi\u00f3n extraordinaria en la que se pronunci\u00f3 por ir de lleno a la reingenier\u00eda administrativa y operativa del organismo<\/strong><\/p>\n\n\n\n<p>En el seguimiento de las adecuaciones que permitan que el Sistema de Agua y Alcantarillado de Cuernavaca (SAPAC) logre transformarse en un organismo funcional, este martes los integrantes de la Junta de Gobierno aprobaron modificaciones al reglamento interior del Sistema, para darle una operaci\u00f3n m\u00e1s eficiente y que sus resultados sean efectivos ante la gran demanda de servicios que de manera cotidiana exige la ciudadan\u00eda.<\/p>\n\n\n\n<p>En sesi\u00f3n extraordinaria encabezada por el presidente municipal Jos\u00e9 Luis Uri\u00f3stegui Salgado, con la participaci\u00f3n de la Sindica Municipal, Ver\u00f3nica Atenco P\u00e9rez, los regidores Wendi Salinas Ruiz, Adri\u00e1n Mart\u00ednez Terrazas, V\u00edctor Hugo Manzo God\u00ednez, Fernando Carrillo Alvarado, de la directora general de SAPAC, Evelia Flores Hern\u00e1ndez, as\u00ed como los integrantes del Consejo Consultivo, se estableci\u00f3 que con estas modificaciones al Reglamento Interno tambi\u00e9n es la oportunidad del organismo descentralizado para hacer frente a la problem\u00e1tica heredada por anteriores administraciones.<\/p>\n\n\n\n<p>Y es que adem\u00e1s de las adecuaciones al reglamento interior, se someti\u00f3 a una puntual revisi\u00f3n, deliberaci\u00f3n y aprobaci\u00f3n la nueva estructura org\u00e1nica del SAPAC, en la que se contempla la desaparici\u00f3n, creaci\u00f3n y fusi\u00f3n de \u00e1reas a fin de que se logre dar atenci\u00f3n a rubros relevantes para el Sistema como son la atenci\u00f3n ciudadana, laboratorios de calidad del agua, saneamiento, cloraci\u00f3n, alcantarillado y bacheo, que se requiere para despu\u00e9s de obras de reparaci\u00f3n de la red de drenaje o de la red de agua potable.<\/p>\n\n\n\n<p>En la revisi\u00f3n de la propuesta para las modificaciones de la nueva estructura org\u00e1nica del SAPAC, se aclar\u00f3 por parte de la directora de Administraci\u00f3n y Finanzas, Patricia Alegr\u00eda Loyola, que no representa la creaci\u00f3n de nuevas plazas, ni tampoco ejercer m\u00e1s presupuesto del que ya fue aprobado para el presente ejercicio fiscal 2022, sino es parte de la reingenier\u00eda administrativa y operativa que solicit\u00f3 el alcalde Jos\u00e9 Luis Uri\u00f3stegui y que estar\u00e1 supervisada por la Comisar\u00eda del SAPAC, a cargo de Eleael Acevedo Vel\u00e1zquez y la misma Junta de Gobierno en la que tambi\u00e9n hay representaciones de la Entidad Superior de Auditor\u00eda y Fiscalizaci\u00f3n (ESAF) y de la Comisi\u00f3n Nacional del Agua (CONAGUA).<\/p>\n\n\n\n<figure class=\"wp-container-2 wp-block-gallery-1 wp-block-gallery has-nested-images columns-default is-cropped\">\n<figure class=\"wp-block-image size-large\"><img loading=\"lazy\" width=\"1024\" height=\"653\" data-id=\"17704\"  src=\"https:\/\/cuernavaca.gob.mx\/wp-content\/uploads\/2022\/08\/Junta-Gobierno-SAPAC-01-1024x653.jpg\" alt=\"\" class=\"wp-image-17704\" srcset=\"https:\/\/cuernavaca.gob.mx\/wp-content\/uploads\/2022\/08\/Junta-Gobierno-SAPAC-01-1024x653.jpg 1024w, https:\/\/cuernavaca.gob.mx\/wp-content\/uploads\/2022\/08\/Junta-Gobierno-SAPAC-01-300x191.jpg 300w, https:\/\/cuernavaca.gob.mx\/wp-content\/uploads\/2022\/08\/Junta-Gobierno-SAPAC-01-768x490.jpg 768w, https:\/\/cuernavaca.gob.mx\/wp-content\/uploads\/2022\/08\/Junta-Gobierno-SAPAC-01-600x383.jpg 600w, https:\/\/cuernavaca.gob.mx\/wp-content\/uploads\/2022\/08\/Junta-Gobierno-SAPAC-01-560x357.jpg 560w, https:\/\/cuernavaca.gob.mx\/wp-content\/uploads\/2022\/08\/Junta-Gobierno-SAPAC-01.jpg 1280w\" sizes=\"(max-width: 1024px) 100vw, 1024px\" \/><\/figure>\n\n\n\n<figure class=\"wp-block-image size-large\"><img loading=\"lazy\" width=\"1024\" height=\"683\" data-id=\"17707\"  src=\"https:\/\/cuernavaca.gob.mx\/wp-content\/uploads\/2022\/08\/Junta-Gobierno-SAPAC-02-1024x683.jpg\" alt=\"\" class=\"wp-image-17707\" srcset=\"https:\/\/cuernavaca.gob.mx\/wp-content\/uploads\/2022\/08\/Junta-Gobierno-SAPAC-02-1024x683.jpg 1024w, https:\/\/cuernavaca.gob.mx\/wp-content\/uploads\/2022\/08\/Junta-Gobierno-SAPAC-02-300x200.jpg 300w, https:\/\/cuernavaca.gob.mx\/wp-content\/uploads\/2022\/08\/Junta-Gobierno-SAPAC-02-768x512.jpg 768w, https:\/\/cuernavaca.gob.mx\/wp-content\/uploads\/2022\/08\/Junta-Gobierno-SAPAC-02-1536x1024.jpg 1536w, https:\/\/cuernavaca.gob.mx\/wp-content\/uploads\/2022\/08\/Junta-Gobierno-SAPAC-02-600x400.jpg 600w, https:\/\/cuernavaca.gob.mx\/wp-content\/uploads\/2022\/08\/Junta-Gobierno-SAPAC-02-560x373.jpg 560w, https:\/\/cuernavaca.gob.mx\/wp-content\/uploads\/2022\/08\/Junta-Gobierno-SAPAC-02.jpg 1599w\" sizes=\"(max-width: 1024px) 100vw, 1024px\" \/><\/figure>\n\n\n\n<figure class=\"wp-block-image size-large\"><img loading=\"lazy\" width=\"1024\" height=\"687\" data-id=\"17706\"  src=\"https:\/\/cuernavaca.gob.mx\/wp-content\/uploads\/2022\/08\/Junta-Gobierno-SAPAC-03-1024x687.jpg\" alt=\"\" class=\"wp-image-17706\" srcset=\"https:\/\/cuernavaca.gob.mx\/wp-content\/uploads\/2022\/08\/Junta-Gobierno-SAPAC-03-1024x687.jpg 1024w, https:\/\/cuernavaca.gob.mx\/wp-content\/uploads\/2022\/08\/Junta-Gobierno-SAPAC-03-300x201.jpg 300w, https:\/\/cuernavaca.gob.mx\/wp-content\/uploads\/2022\/08\/Junta-Gobierno-SAPAC-03-768x515.jpg 768w, https:\/\/cuernavaca.gob.mx\/wp-content\/uploads\/2022\/08\/Junta-Gobierno-SAPAC-03-600x403.jpg 600w, https:\/\/cuernavaca.gob.mx\/wp-content\/uploads\/2022\/08\/Junta-Gobierno-SAPAC-03-560x376.jpg 560w, https:\/\/cuernavaca.gob.mx\/wp-content\/uploads\/2022\/08\/Junta-Gobierno-SAPAC-03.jpg 1280w\" sizes=\"(max-width: 1024px) 100vw, 1024px\" \/><\/figure>\n\n\n\n<figure class=\"wp-block-image size-large\"><img loading=\"lazy\" width=\"1024\" height=\"615\" data-id=\"17708\"  src=\"https:\/\/cuernavaca.gob.mx\/wp-content\/uploads\/2022\/08\/Junta-Gobierno-SAPAC-04-1024x615.jpg\" alt=\"\" class=\"wp-image-17708\" srcset=\"https:\/\/cuernavaca.gob.mx\/wp-content\/uploads\/2022\/08\/Junta-Gobierno-SAPAC-04-1024x615.jpg 1024w, https:\/\/cuernavaca.gob.mx\/wp-content\/uploads\/2022\/08\/Junta-Gobierno-SAPAC-04-300x180.jpg 300w, https:\/\/cuernavaca.gob.mx\/wp-content\/uploads\/2022\/08\/Junta-Gobierno-SAPAC-04-768x461.jpg 768w, https:\/\/cuernavaca.gob.mx\/wp-content\/uploads\/2022\/08\/Junta-Gobierno-SAPAC-04-600x360.jpg 600w, https:\/\/cuernavaca.gob.mx\/wp-content\/uploads\/2022\/08\/Junta-Gobierno-SAPAC-04-560x336.jpg 560w, https:\/\/cuernavaca.gob.mx\/wp-content\/uploads\/2022\/08\/Junta-Gobierno-SAPAC-04.jpg 1280w\" sizes=\"(max-width: 1024px) 100vw, 1024px\" \/><\/figure>\n\n\n\n<figure class=\"wp-block-image size-large\"><img loading=\"lazy\" width=\"1024\" height=\"591\" data-id=\"17705\"  src=\"https:\/\/cuernavaca.gob.mx\/wp-content\/uploads\/2022\/08\/Junta-Gobierno-SAPAC-05-1024x591.jpg\" alt=\"\" class=\"wp-image-17705\" srcset=\"https:\/\/cuernavaca.gob.mx\/wp-content\/uploads\/2022\/08\/Junta-Gobierno-SAPAC-05-1024x591.jpg 1024w, https:\/\/cuernavaca.gob.mx\/wp-content\/uploads\/2022\/08\/Junta-Gobierno-SAPAC-05-300x173.jpg 300w, https:\/\/cuernavaca.gob.mx\/wp-content\/uploads\/2022\/08\/Junta-Gobierno-SAPAC-05-768x443.jpg 768w, https:\/\/cuernavaca.gob.mx\/wp-content\/uploads\/2022\/08\/Junta-Gobierno-SAPAC-05-600x346.jpg 600w, https:\/\/cuernavaca.gob.mx\/wp-content\/uploads\/2022\/08\/Junta-Gobierno-SAPAC-05-560x323.jpg 560w, https:\/\/cuernavaca.gob.mx\/wp-content\/uploads\/2022\/08\/Junta-Gobierno-SAPAC-05.jpg 1280w\" sizes=\"(max-width: 1024px) 100vw, 1024px\" \/><\/figure>\n<\/figure>\n","protected":false},"excerpt":{"rendered":"<p>El presidente municipal Jos\u00e9 Luis Uri\u00f3stegui encabez\u00f3 la sesi\u00f3n extraordinaria en la que se pronunci\u00f3 por ir de lleno a la reingenier\u00eda administrativa y operativa del organismo En el seguimiento de las adecuaciones que permitan que el Sistema de Agua y Alcantarillado de Cuernavaca (SAPAC) logre transformarse en un organismo funcional, este martes los integrantes [&hellip;]<\/p>\n","protected":false},"author":1,"featured_media":17704,"comment_status":"closed","ping_status":"closed","sticky":false,"template":"","format":"standard","meta":[],"categories":[20,145],"tags":[395,1672,158,121,2178,496,120,707,124],"aioseo_notices":[],"_links":{"self":[{"href":"https:\/\/cuernavaca.gob.mx\/index.php?rest_route=\/wp\/v2\/posts\/17703"}],"collection":[{"href":"https:\/\/cuernavaca.gob.mx\/index.php?rest_route=\/wp\/v2\/posts"}],"about":[{"href":"https:\/\/cuernavaca.gob.mx\/index.php?rest_route=\/wp\/v2\/types\/post"}],"author":[{"embeddable":true,"href":"https:\/\/cuernavaca.gob.mx\/index.php?rest_route=\/wp\/v2\/users\/1"}],"replies":[{"embeddable":true,"href":"https:\/\/cuernavaca.gob.mx\/index.php?rest_route=%2Fwp%2Fv2%2Fcomments&post=17703"}],"version-history":[{"count":1,"href":"https:\/\/cuernavaca.gob.mx\/index.php?rest_route=\/wp\/v2\/posts\/17703\/revisions"}],"predecessor-version":[{"id":17709,"href":"https:\/\/cuernavaca.gob.mx\/index.php?rest_route=\/wp\/v2\/posts\/17703\/revisions\/17709"}],"wp:featuredmedia":[{"embeddable":true,"href":"https:\/\/cuernavaca.gob.mx\/index.php?rest_route=\/wp\/v2\/media\/17704"}],"wp:attachment":[{"href":"https:\/\/cuernavaca.gob.mx\/index.php?rest_route=%2Fwp%2Fv2%2Fmedia&parent=17703"}],"wp:term":[{"taxonomy":"category","embeddable":true,"href":"https:\/\/cuernavaca.gob.mx\/index.php?rest_route=%2Fwp%2Fv2%2Fcategories&post=17703"},{"taxonomy":"post_tag","embeddable":true,"href":"https:\/\/cuernavaca.gob.mx\/index.php?rest_route=%2Fwp%2Fv2%2Ftags&post=17703"}],"curies":[{"name":"wp","href":"https:\/\/api.w.org\/{rel}","templated":true}]}}