{"id":17801,"date":"2022-08-26T09:00:00","date_gmt":"2022-08-26T14:00:00","guid":{"rendered":"https:\/\/cuernavaca.gob.mx\/?p=17801"},"modified":"2025-05-06T12:07:59","modified_gmt":"2025-05-06T18:07:59","slug":"b535-16-08-22-participa-comite-de-emergencias-de-cuernavaca-en-presentacion-de-recomendaciones-para-regreso-seguro-a-clases","status":"publish","type":"post","link":"https:\/\/cuernavaca.gob.mx\/?p=17801","title":{"rendered":"B535 16\/08\/22 PARTICIPA COMIT\u00c9 DE EMERGENCIAS DE CUERNAVACA EN PRESENTACI\u00d3N DE RECOMENDACIONES PARA REGRESO SEGURO A CLASES"},"content":{"rendered":"\n<p><strong>La Academia de Ciencias de Morelos y el Instituto Nacional de Salud P\u00fablica solicitan cuidados por los contagios latentes por COVID-19 y la viruela s\u00edmica<\/strong><\/p>\n\n\n\n<p><strong>Se exhorta a seguir utilizando cubrebocas en lugares cerrados concurridos, evitar compartir art\u00edculos de uso personal y aumentar la frecuencia del lavado de manos<\/strong><\/p>\n\n\n\n<p>En un encuentro virtual para informar con base a evidencia cient\u00edfica sobre la situaci\u00f3n actual por COVID-19 y viruela s\u00edmica con la intenci\u00f3n de preparar un regreso a clases m\u00e1s seguro, investigadores, cient\u00edficos, acad\u00e9micos y autoridades municipales de Cuernavaca, disertaron sobre las recomendaciones que se ponen a disposici\u00f3n de la poblaci\u00f3n en general para el pr\u00f3ximo regreso a clases.<\/p>\n\n\n\n<p>En el foro en el que participaron invitaci\u00f3n de directivos de la Academia de Ciencias de Morelos, la titular de la Secretar\u00eda de Desarrollo Humano y Participaci\u00f3n Social, Laura Hern\u00e1ndez Cruz, y el director de Salud y Educaci\u00f3n municipal, Josu\u00e9 Larios Morales, hicieron \u00e9nfasis en que se informe de lo que en materia de prevenci\u00f3n se debe tomar en cuenta, ahora que el regreso a clases es presencial y de manera masiva, frente a la pandemia de COVID-19 que con sus diversas variantes se mantiene y la suma de contagios por la viruela s\u00edmica.<\/p>\n\n\n\n<p>La Academia de Ciencias de Morelos determin\u00f3 elaborar un documento ejecutivo con datos duros y recomendaciones puntuales y sencillas de implementar que fueron entregadas de manera simb\u00f3lica al Comit\u00e9 Municipal de Emergencias Sanitarias de Cuernavaca, como resultado del convenio de colaboraci\u00f3n que se tiene con el Ayuntamiento, documento es de acceso p\u00fablico para todas las personas interesadas a trav\u00e9s de la p\u00e1gina https:\/\/acmor.org\/publicaciones\/recomendaciones-para-un-regreso-a-clases-seguro-en-morelos<\/p>\n\n\n\n<p>El documento denominado \u201cRecomendaciones para un regreso a clases seguro en Morelos\u201d, elaborado por la doctora Georgina Hern\u00e1ndez Montes, el doctor Andreu Comas y el doctor Alejandro S\u00e1nchez Flores, consta de 28 p\u00e1ginas que tiene como prop\u00f3sito \u201csacar el mayor provecho del conocimiento de los cient\u00edficos participantes para mejor toma de decisiones en pol\u00edtica p\u00fablica educativa y sanitaria, pues en dicho tema hay mucho margen de oportunidad para que el comit\u00e9 trabaje de la mano con el sector escolar de Cuernavaca\u201d, afirm\u00f3 Larios Morales.<\/p>\n\n\n\n<p>Durante su participaci\u00f3n, Laura Hern\u00e1ndez, secretaria de Desarrollo Humano y Participaci\u00f3n Social, destac\u00f3 que el Gobierno de Cuernavaca cree firmemente que la t\u00e9cnica debe de estar al servicio de las familias, por lo cual agradeci\u00f3 a nombre del alcalde Jos\u00e9 Luis Uri\u00f3stegui Salgado, la invitaci\u00f3n a dicho foro, ya que este tipo de din\u00e1micas permiten entender y comprender la visi\u00f3n cient\u00edfica en favor de la salud p\u00fablica.<\/p>\n\n\n\n<p>Por su parte, el presidente de la AcMor, Alejandro S\u00e1nchez Flores, recalc\u00f3 que la llegada a Morelos de la viruela s\u00edmica representa un nuevo reto ante el regreso a clases, por lo cual el esfuerzo entre directivos, docentes, padres de familia y autoridades ya no s\u00f3lo se centrar\u00e1 en evitar el contagio del virus SARS-CoV-2 (coronavirus), sino supondr\u00e1 el refuerzo de las medidas sanitarias.<\/p>\n\n\n\n<p>Para ello, en coincidencia con el doctor Eduardo Lazcano Ponce, director del Instituto Nacional de Salud P\u00fablica (INSP), Alejandro S\u00e1nchez destac\u00f3 que de las principales medidas a implementar en los planteles escolares para el ciclo 2022-2023, es que los ni\u00f1os con cualquier s\u00edntoma de alguna de estas enfermedades queden en resguardo domiciliario, as\u00ed como promover el esquema completo de vacunaci\u00f3n contra el CoVID-19 en las y los menores.<\/p>\n\n\n\n<p>En su oportunidad, la presidenta de la Asociaci\u00f3n de Instituciones de Educaci\u00f3n Superior Privada del Estado de Morelos, Itzel Carmona G\u00e1ndara, expres\u00f3 que el protocolo sanitario en las escuelas no ha cambiado, pero s\u00ed deber\u00e1 de ser reforzado debido a la viruela s\u00edmica, por lo cual adelant\u00f3 que el esfuerzo colectivo continuar\u00e1 apoy\u00e1ndose en la opini\u00f3n de los expertos en temas de emergencias sanitarias.<\/p>\n\n\n\n<p>Cabe mencionar que, en el foro virtual organizado en el marco del aniversario n\u00famero 29 de la AcMor, participaron tambi\u00e9n autoridades de la Secretar\u00eda de Salud, as\u00ed como directivos de la Asociaci\u00f3n Estatal de Padres de Familia, de la Secci\u00f3n XIX del Sindicato Nacional de Trabajadores de la Educaci\u00f3n y de la Confederaci\u00f3n Patronal de la Rep\u00fablica Mexicana.<\/p>\n\n\n\n<figure class=\"wp-container-2 wp-block-gallery-1 wp-block-gallery has-nested-images columns-default is-cropped\">\n<figure class=\"wp-block-image size-large\"><img loading=\"lazy\" width=\"979\" height=\"565\" data-id=\"17802\"  src=\"https:\/\/cuernavaca.gob.mx\/wp-content\/uploads\/2022\/08\/Regreso-seguro-a-clases-01.jpg\" alt=\"\" class=\"wp-image-17802\" srcset=\"https:\/\/cuernavaca.gob.mx\/wp-content\/uploads\/2022\/08\/Regreso-seguro-a-clases-01.jpg 979w, https:\/\/cuernavaca.gob.mx\/wp-content\/uploads\/2022\/08\/Regreso-seguro-a-clases-01-300x173.jpg 300w, https:\/\/cuernavaca.gob.mx\/wp-content\/uploads\/2022\/08\/Regreso-seguro-a-clases-01-768x443.jpg 768w, https:\/\/cuernavaca.gob.mx\/wp-content\/uploads\/2022\/08\/Regreso-seguro-a-clases-01-600x346.jpg 600w, https:\/\/cuernavaca.gob.mx\/wp-content\/uploads\/2022\/08\/Regreso-seguro-a-clases-01-560x323.jpg 560w\" sizes=\"(max-width: 979px) 100vw, 979px\" \/><\/figure>\n\n\n\n<figure class=\"wp-block-image size-large\"><img loading=\"lazy\" width=\"973\" height=\"556\" data-id=\"17805\"  src=\"https:\/\/cuernavaca.gob.mx\/wp-content\/uploads\/2022\/08\/Regreso-seguro-a-clases-02.jpg\" alt=\"\" class=\"wp-image-17805\" srcset=\"https:\/\/cuernavaca.gob.mx\/wp-content\/uploads\/2022\/08\/Regreso-seguro-a-clases-02.jpg 973w, https:\/\/cuernavaca.gob.mx\/wp-content\/uploads\/2022\/08\/Regreso-seguro-a-clases-02-300x171.jpg 300w, https:\/\/cuernavaca.gob.mx\/wp-content\/uploads\/2022\/08\/Regreso-seguro-a-clases-02-768x439.jpg 768w, https:\/\/cuernavaca.gob.mx\/wp-content\/uploads\/2022\/08\/Regreso-seguro-a-clases-02-600x343.jpg 600w, https:\/\/cuernavaca.gob.mx\/wp-content\/uploads\/2022\/08\/Regreso-seguro-a-clases-02-560x320.jpg 560w\" sizes=\"(max-width: 973px) 100vw, 973px\" \/><\/figure>\n\n\n\n<figure class=\"wp-block-image size-large\"><img loading=\"lazy\" width=\"909\" height=\"588\" data-id=\"17803\"  src=\"https:\/\/cuernavaca.gob.mx\/wp-content\/uploads\/2022\/08\/Regreso-seguro-a-clases-03.jpg\" alt=\"\" class=\"wp-image-17803\" srcset=\"https:\/\/cuernavaca.gob.mx\/wp-content\/uploads\/2022\/08\/Regreso-seguro-a-clases-03.jpg 909w, https:\/\/cuernavaca.gob.mx\/wp-content\/uploads\/2022\/08\/Regreso-seguro-a-clases-03-300x194.jpg 300w, https:\/\/cuernavaca.gob.mx\/wp-content\/uploads\/2022\/08\/Regreso-seguro-a-clases-03-768x497.jpg 768w, https:\/\/cuernavaca.gob.mx\/wp-content\/uploads\/2022\/08\/Regreso-seguro-a-clases-03-600x388.jpg 600w, https:\/\/cuernavaca.gob.mx\/wp-content\/uploads\/2022\/08\/Regreso-seguro-a-clases-03-560x362.jpg 560w\" sizes=\"(max-width: 909px) 100vw, 909px\" \/><\/figure>\n\n\n\n<figure class=\"wp-block-image size-large\"><img loading=\"lazy\" width=\"1004\" height=\"578\" data-id=\"17804\"  src=\"https:\/\/cuernavaca.gob.mx\/wp-content\/uploads\/2022\/08\/Regreso-seguro-a-clases-04.jpg\" alt=\"\" class=\"wp-image-17804\" srcset=\"https:\/\/cuernavaca.gob.mx\/wp-content\/uploads\/2022\/08\/Regreso-seguro-a-clases-04.jpg 1004w, https:\/\/cuernavaca.gob.mx\/wp-content\/uploads\/2022\/08\/Regreso-seguro-a-clases-04-300x173.jpg 300w, https:\/\/cuernavaca.gob.mx\/wp-content\/uploads\/2022\/08\/Regreso-seguro-a-clases-04-768x442.jpg 768w, https:\/\/cuernavaca.gob.mx\/wp-content\/uploads\/2022\/08\/Regreso-seguro-a-clases-04-600x345.jpg 600w, https:\/\/cuernavaca.gob.mx\/wp-content\/uploads\/2022\/08\/Regreso-seguro-a-clases-04-560x322.jpg 560w\" sizes=\"(max-width: 1004px) 100vw, 1004px\" \/><\/figure>\n\n\n\n<figure class=\"wp-block-image size-large\"><img loading=\"lazy\" width=\"1007\" height=\"558\" data-id=\"17806\"  src=\"https:\/\/cuernavaca.gob.mx\/wp-content\/uploads\/2022\/08\/Regreso-seguro-a-clases-05.jpg\" alt=\"\" class=\"wp-image-17806\" srcset=\"https:\/\/cuernavaca.gob.mx\/wp-content\/uploads\/2022\/08\/Regreso-seguro-a-clases-05.jpg 1007w, https:\/\/cuernavaca.gob.mx\/wp-content\/uploads\/2022\/08\/Regreso-seguro-a-clases-05-300x166.jpg 300w, https:\/\/cuernavaca.gob.mx\/wp-content\/uploads\/2022\/08\/Regreso-seguro-a-clases-05-768x426.jpg 768w, https:\/\/cuernavaca.gob.mx\/wp-content\/uploads\/2022\/08\/Regreso-seguro-a-clases-05-600x332.jpg 600w, https:\/\/cuernavaca.gob.mx\/wp-content\/uploads\/2022\/08\/Regreso-seguro-a-clases-05-560x310.jpg 560w\" sizes=\"(max-width: 1007px) 100vw, 1007px\" \/><\/figure>\n\n\n\n<figure class=\"wp-block-image size-large\"><img loading=\"lazy\" width=\"943\" height=\"581\" data-id=\"17809\"  src=\"https:\/\/cuernavaca.gob.mx\/wp-content\/uploads\/2022\/08\/Regreso-seguro-a-clases-06.jpg\" alt=\"\" class=\"wp-image-17809\" srcset=\"https:\/\/cuernavaca.gob.mx\/wp-content\/uploads\/2022\/08\/Regreso-seguro-a-clases-06.jpg 943w, https:\/\/cuernavaca.gob.mx\/wp-content\/uploads\/2022\/08\/Regreso-seguro-a-clases-06-300x185.jpg 300w, https:\/\/cuernavaca.gob.mx\/wp-content\/uploads\/2022\/08\/Regreso-seguro-a-clases-06-768x473.jpg 768w, https:\/\/cuernavaca.gob.mx\/wp-content\/uploads\/2022\/08\/Regreso-seguro-a-clases-06-600x370.jpg 600w, https:\/\/cuernavaca.gob.mx\/wp-content\/uploads\/2022\/08\/Regreso-seguro-a-clases-06-560x345.jpg 560w\" sizes=\"(max-width: 943px) 100vw, 943px\" \/><\/figure>\n\n\n\n<figure class=\"wp-block-image size-large\"><img loading=\"lazy\" width=\"892\" height=\"600\" data-id=\"17810\"  src=\"https:\/\/cuernavaca.gob.mx\/wp-content\/uploads\/2022\/08\/Regreso-seguro-a-clases-07.jpg\" alt=\"\" class=\"wp-image-17810\" srcset=\"https:\/\/cuernavaca.gob.mx\/wp-content\/uploads\/2022\/08\/Regreso-seguro-a-clases-07.jpg 892w, https:\/\/cuernavaca.gob.mx\/wp-content\/uploads\/2022\/08\/Regreso-seguro-a-clases-07-300x202.jpg 300w, https:\/\/cuernavaca.gob.mx\/wp-content\/uploads\/2022\/08\/Regreso-seguro-a-clases-07-768x517.jpg 768w, https:\/\/cuernavaca.gob.mx\/wp-content\/uploads\/2022\/08\/Regreso-seguro-a-clases-07-600x404.jpg 600w, https:\/\/cuernavaca.gob.mx\/wp-content\/uploads\/2022\/08\/Regreso-seguro-a-clases-07-560x377.jpg 560w\" sizes=\"(max-width: 892px) 100vw, 892px\" \/><\/figure>\n\n\n\n<figure class=\"wp-block-image size-large\"><img loading=\"lazy\" width=\"1006\" height=\"597\" data-id=\"17808\"  src=\"https:\/\/cuernavaca.gob.mx\/wp-content\/uploads\/2022\/08\/Regreso-seguro-a-clases-08.jpg\" alt=\"\" class=\"wp-image-17808\" srcset=\"https:\/\/cuernavaca.gob.mx\/wp-content\/uploads\/2022\/08\/Regreso-seguro-a-clases-08.jpg 1006w, https:\/\/cuernavaca.gob.mx\/wp-content\/uploads\/2022\/08\/Regreso-seguro-a-clases-08-300x178.jpg 300w, https:\/\/cuernavaca.gob.mx\/wp-content\/uploads\/2022\/08\/Regreso-seguro-a-clases-08-768x456.jpg 768w, https:\/\/cuernavaca.gob.mx\/wp-content\/uploads\/2022\/08\/Regreso-seguro-a-clases-08-600x356.jpg 600w, https:\/\/cuernavaca.gob.mx\/wp-content\/uploads\/2022\/08\/Regreso-seguro-a-clases-08-560x332.jpg 560w\" sizes=\"(max-width: 1006px) 100vw, 1006px\" \/><\/figure>\n\n\n\n<figure class=\"wp-block-image size-large\"><img loading=\"lazy\" width=\"988\" height=\"563\" data-id=\"17807\"  src=\"https:\/\/cuernavaca.gob.mx\/wp-content\/uploads\/2022\/08\/Regreso-seguro-a-clases-09.jpg\" alt=\"\" class=\"wp-image-17807\" srcset=\"https:\/\/cuernavaca.gob.mx\/wp-content\/uploads\/2022\/08\/Regreso-seguro-a-clases-09.jpg 988w, https:\/\/cuernavaca.gob.mx\/wp-content\/uploads\/2022\/08\/Regreso-seguro-a-clases-09-300x171.jpg 300w, https:\/\/cuernavaca.gob.mx\/wp-content\/uploads\/2022\/08\/Regreso-seguro-a-clases-09-768x438.jpg 768w, https:\/\/cuernavaca.gob.mx\/wp-content\/uploads\/2022\/08\/Regreso-seguro-a-clases-09-600x342.jpg 600w, https:\/\/cuernavaca.gob.mx\/wp-content\/uploads\/2022\/08\/Regreso-seguro-a-clases-09-560x319.jpg 560w\" sizes=\"(max-width: 988px) 100vw, 988px\" \/><\/figure>\n<\/figure>\n","protected":false},"excerpt":{"rendered":"<p>La Academia de Ciencias de Morelos y el Instituto Nacional de Salud P\u00fablica solicitan cuidados por los contagios latentes por COVID-19 y la viruela s\u00edmica Se exhorta a seguir utilizando cubrebocas en lugares cerrados concurridos, evitar compartir art\u00edculos de uso personal y aumentar la frecuencia del lavado de manos En un encuentro virtual para informar [&hellip;]<\/p>\n","protected":false},"author":1,"featured_media":17808,"comment_status":"closed","ping_status":"closed","sticky":false,"template":"","format":"standard","meta":[],"categories":[118,862,20,899],"tags":[1120,121,382,120,472,239],"aioseo_notices":[],"_links":{"self":[{"href":"https:\/\/cuernavaca.gob.mx\/index.php?rest_route=\/wp\/v2\/posts\/17801"}],"collection":[{"href":"https:\/\/cuernavaca.gob.mx\/index.php?rest_route=\/wp\/v2\/posts"}],"about":[{"href":"https:\/\/cuernavaca.gob.mx\/index.php?rest_route=\/wp\/v2\/types\/post"}],"author":[{"embeddable":true,"href":"https:\/\/cuernavaca.gob.mx\/index.php?rest_route=\/wp\/v2\/users\/1"}],"replies":[{"embeddable":true,"href":"https:\/\/cuernavaca.gob.mx\/index.php?rest_route=%2Fwp%2Fv2%2Fcomments&post=17801"}],"version-history":[{"count":1,"href":"https:\/\/cuernavaca.gob.mx\/index.php?rest_route=\/wp\/v2\/posts\/17801\/revisions"}],"predecessor-version":[{"id":17811,"href":"https:\/\/cuernavaca.gob.mx\/index.php?rest_route=\/wp\/v2\/posts\/17801\/revisions\/17811"}],"wp:featuredmedia":[{"embeddable":true,"href":"https:\/\/cuernavaca.gob.mx\/index.php?rest_route=\/wp\/v2\/media\/17808"}],"wp:attachment":[{"href":"https:\/\/cuernavaca.gob.mx\/index.php?rest_route=%2Fwp%2Fv2%2Fmedia&parent=17801"}],"wp:term":[{"taxonomy":"category","embeddable":true,"href":"https:\/\/cuernavaca.gob.mx\/index.php?rest_route=%2Fwp%2Fv2%2Fcategories&post=17801"},{"taxonomy":"post_tag","embeddable":true,"href":"https:\/\/cuernavaca.gob.mx\/index.php?rest_route=%2Fwp%2Fv2%2Ftags&post=17801"}],"curies":[{"name":"wp","href":"https:\/\/api.w.org\/{rel}","templated":true}]}}