{"id":17812,"date":"2022-08-26T11:00:00","date_gmt":"2022-08-26T16:00:00","guid":{"rendered":"https:\/\/cuernavaca.gob.mx\/?p=17812"},"modified":"2025-05-06T12:07:59","modified_gmt":"2025-05-06T18:07:59","slug":"b536-26-08-22-atiende-sapac-reparacion-de-fugas-de-agua-solicitadas-por-vecinos-de-chamilpa","status":"publish","type":"post","link":"https:\/\/cuernavaca.gob.mx\/?p=17812","title":{"rendered":"B536 26\/08\/22 ATIENDE SAPAC REPARACI\u00d3N DE FUGAS DE AGUA SOLICITADAS POR VECINOS DE CHAMILPA"},"content":{"rendered":"\n<p><strong>Personal de conservaci\u00f3n llev\u00f3 a cabo la reparaci\u00f3n de dos fugas de 10&#8243; generadas por el desarrollo del Centro Comercial<\/strong><\/p>\n\n\n\n<p><strong>Para los trabajos fue necesaria la interrupci\u00f3n del servicio en la zona norte de manera temporal.<\/strong><\/p>\n\n\n\n<p>El Sistema de Agua Potable y Alcantarillado de Cuernavaca (SAPAC) informa, que tal como se acord\u00f3 con vecinos de la zona norte de la ciudad, el mi\u00e9rcoles por la noche, se cumpli\u00f3 con el compromiso de instalar el equipo de bombeo de 250 HP del pozo Cuarteles, por lo que el servicio de abasto comenz\u00f3 a restablecerse, no obstante ha sido necesario volver a interrumpir el servicio para dar paso con la reparaci\u00f3n de 2 fugas de l\u00ednea de 10&#8243; generadas por el desarrollo de un Centro Comercial a la altura de la carretera federal a Tepoztl\u00e1n esquina con calle Arrastradero en la colonia Chamilpa.<\/p>\n\n\n\n<p>Al respecto, la directora general del SAPAC, Evelia Flores Hern\u00e1ndez, refiri\u00f3 que el jueves por la tarde, tuvo conocimiento de est\u00e1s afectaciones, por lo que instruy\u00f3 al \u00e1rea operativa a realizar la supervisi\u00f3n correspondiente, conocer el grado de afectaci\u00f3n y llegar a un acuerdo con la constructora, para que ellos absorbieran la adquisici\u00f3n del material, y dar paso con los trabajos correspondientes a cargo del personal del organismo.<\/p>\n\n\n\n<p>Ante el acuerdo con la constructora y buena disposici\u00f3n personal de conservaci\u00f3n llev\u00f3 a cabo el jueves por la tarde la reparaci\u00f3n de una primera fuga de 10&#8243;, mientras que desde las 08:00 de la ma\u00f1ana de este viernes, se realiz\u00f3 la reparaci\u00f3n de una segunda ruptura en la misma l\u00ednea de 10&#8243; que se gener\u00f3 metros adelante.<\/p>\n\n\n\n<p>Ante tal situaci\u00f3n, el SAPAC hizo un llamado de comprensi\u00f3n a la ciudadan\u00eda, toda vez que este tipo de afectaciones se deben a causas ajenas del organismo, no obstante nos mantenemos trabajando a m\u00e1xima capacidad para poder concretar con las acciones, este mismo d\u00eda, en el menor tiempo posible y dar paso con la reactivaci\u00f3n del suministro en las colonias Lomas de Cort\u00e9s,Tlaltepexco, Ocotepec, Chamilpa, Vicente Guerrero, Emiliano Zapata, Nogales, Tecomulco, Jiquilpan, San Jer\u00f3nimo, Ampliaci\u00f3n Maravillas, 24 va Zona Militar y Tlaltenango.<\/p>\n\n\n\n<figure class=\"wp-container-2 wp-block-gallery-1 wp-block-gallery has-nested-images columns-default is-cropped\">\n<figure class=\"wp-block-image size-large\"><img loading=\"lazy\" width=\"1024\" height=\"768\" data-id=\"17813\"  src=\"https:\/\/cuernavaca.gob.mx\/wp-content\/uploads\/2022\/08\/Reparacio\u0301n-Fugas-de-agua-Chamilpa-01-1024x768.jpg\" alt=\"\" class=\"wp-image-17813\" srcset=\"https:\/\/cuernavaca.gob.mx\/wp-content\/uploads\/2022\/08\/Reparacio\u0301n-Fugas-de-agua-Chamilpa-01-1024x768.jpg 1024w, https:\/\/cuernavaca.gob.mx\/wp-content\/uploads\/2022\/08\/Reparacio\u0301n-Fugas-de-agua-Chamilpa-01-300x225.jpg 300w, https:\/\/cuernavaca.gob.mx\/wp-content\/uploads\/2022\/08\/Reparacio\u0301n-Fugas-de-agua-Chamilpa-01-768x576.jpg 768w, https:\/\/cuernavaca.gob.mx\/wp-content\/uploads\/2022\/08\/Reparacio\u0301n-Fugas-de-agua-Chamilpa-01-1536x1152.jpg 1536w, https:\/\/cuernavaca.gob.mx\/wp-content\/uploads\/2022\/08\/Reparacio\u0301n-Fugas-de-agua-Chamilpa-01-600x450.jpg 600w, https:\/\/cuernavaca.gob.mx\/wp-content\/uploads\/2022\/08\/Reparacio\u0301n-Fugas-de-agua-Chamilpa-01-560x420.jpg 560w, https:\/\/cuernavaca.gob.mx\/wp-content\/uploads\/2022\/08\/Reparacio\u0301n-Fugas-de-agua-Chamilpa-01.jpg 1600w\" sizes=\"(max-width: 1024px) 100vw, 1024px\" \/><\/figure>\n\n\n\n<figure class=\"wp-block-image size-large\"><img loading=\"lazy\" width=\"768\" height=\"1024\" data-id=\"17814\"  src=\"https:\/\/cuernavaca.gob.mx\/wp-content\/uploads\/2022\/08\/Reparacio\u0301n-Fugas-de-agua-Chamilpa-02-768x1024.jpg\" alt=\"\" class=\"wp-image-17814\" srcset=\"https:\/\/cuernavaca.gob.mx\/wp-content\/uploads\/2022\/08\/Reparacio\u0301n-Fugas-de-agua-Chamilpa-02-768x1024.jpg 768w, https:\/\/cuernavaca.gob.mx\/wp-content\/uploads\/2022\/08\/Reparacio\u0301n-Fugas-de-agua-Chamilpa-02-225x300.jpg 225w, https:\/\/cuernavaca.gob.mx\/wp-content\/uploads\/2022\/08\/Reparacio\u0301n-Fugas-de-agua-Chamilpa-02-1152x1536.jpg 1152w, https:\/\/cuernavaca.gob.mx\/wp-content\/uploads\/2022\/08\/Reparacio\u0301n-Fugas-de-agua-Chamilpa-02-450x600.jpg 450w, https:\/\/cuernavaca.gob.mx\/wp-content\/uploads\/2022\/08\/Reparacio\u0301n-Fugas-de-agua-Chamilpa-02-420x560.jpg 420w, https:\/\/cuernavaca.gob.mx\/wp-content\/uploads\/2022\/08\/Reparacio\u0301n-Fugas-de-agua-Chamilpa-02.jpg 1200w\" sizes=\"(max-width: 768px) 100vw, 768px\" \/><\/figure>\n\n\n\n<figure class=\"wp-block-image size-large\"><img loading=\"lazy\" width=\"768\" height=\"1024\" data-id=\"17815\"  src=\"https:\/\/cuernavaca.gob.mx\/wp-content\/uploads\/2022\/08\/Reparacio\u0301n-Fugas-de-agua-Chamilpa-03-768x1024.jpg\" alt=\"\" class=\"wp-image-17815\" srcset=\"https:\/\/cuernavaca.gob.mx\/wp-content\/uploads\/2022\/08\/Reparacio\u0301n-Fugas-de-agua-Chamilpa-03-768x1024.jpg 768w, https:\/\/cuernavaca.gob.mx\/wp-content\/uploads\/2022\/08\/Reparacio\u0301n-Fugas-de-agua-Chamilpa-03-225x300.jpg 225w, https:\/\/cuernavaca.gob.mx\/wp-content\/uploads\/2022\/08\/Reparacio\u0301n-Fugas-de-agua-Chamilpa-03-1152x1536.jpg 1152w, https:\/\/cuernavaca.gob.mx\/wp-content\/uploads\/2022\/08\/Reparacio\u0301n-Fugas-de-agua-Chamilpa-03-450x600.jpg 450w, https:\/\/cuernavaca.gob.mx\/wp-content\/uploads\/2022\/08\/Reparacio\u0301n-Fugas-de-agua-Chamilpa-03-420x560.jpg 420w, https:\/\/cuernavaca.gob.mx\/wp-content\/uploads\/2022\/08\/Reparacio\u0301n-Fugas-de-agua-Chamilpa-03.jpg 1200w\" sizes=\"(max-width: 768px) 100vw, 768px\" \/><\/figure>\n\n\n\n<figure class=\"wp-block-image size-large\"><img loading=\"lazy\" width=\"768\" height=\"1024\" data-id=\"17816\"  src=\"https:\/\/cuernavaca.gob.mx\/wp-content\/uploads\/2022\/08\/Reparacio\u0301n-Fugas-de-agua-Chamilpa-04-768x1024.jpg\" alt=\"\" class=\"wp-image-17816\" srcset=\"https:\/\/cuernavaca.gob.mx\/wp-content\/uploads\/2022\/08\/Reparacio\u0301n-Fugas-de-agua-Chamilpa-04-768x1024.jpg 768w, https:\/\/cuernavaca.gob.mx\/wp-content\/uploads\/2022\/08\/Reparacio\u0301n-Fugas-de-agua-Chamilpa-04-225x300.jpg 225w, https:\/\/cuernavaca.gob.mx\/wp-content\/uploads\/2022\/08\/Reparacio\u0301n-Fugas-de-agua-Chamilpa-04-1152x1536.jpg 1152w, https:\/\/cuernavaca.gob.mx\/wp-content\/uploads\/2022\/08\/Reparacio\u0301n-Fugas-de-agua-Chamilpa-04-450x600.jpg 450w, https:\/\/cuernavaca.gob.mx\/wp-content\/uploads\/2022\/08\/Reparacio\u0301n-Fugas-de-agua-Chamilpa-04-420x560.jpg 420w, https:\/\/cuernavaca.gob.mx\/wp-content\/uploads\/2022\/08\/Reparacio\u0301n-Fugas-de-agua-Chamilpa-04.jpg 1200w\" sizes=\"(max-width: 768px) 100vw, 768px\" \/><\/figure>\n\n\n\n<figure class=\"wp-block-image size-large\"><img loading=\"lazy\" width=\"1024\" height=\"768\" data-id=\"17817\"  src=\"https:\/\/cuernavaca.gob.mx\/wp-content\/uploads\/2022\/08\/Reparacio\u0301n-Fugas-de-agua-Chamilpa-05-1024x768.jpg\" alt=\"\" class=\"wp-image-17817\" srcset=\"https:\/\/cuernavaca.gob.mx\/wp-content\/uploads\/2022\/08\/Reparacio\u0301n-Fugas-de-agua-Chamilpa-05-1024x768.jpg 1024w, https:\/\/cuernavaca.gob.mx\/wp-content\/uploads\/2022\/08\/Reparacio\u0301n-Fugas-de-agua-Chamilpa-05-300x225.jpg 300w, https:\/\/cuernavaca.gob.mx\/wp-content\/uploads\/2022\/08\/Reparacio\u0301n-Fugas-de-agua-Chamilpa-05-768x576.jpg 768w, https:\/\/cuernavaca.gob.mx\/wp-content\/uploads\/2022\/08\/Reparacio\u0301n-Fugas-de-agua-Chamilpa-05-1536x1152.jpg 1536w, https:\/\/cuernavaca.gob.mx\/wp-content\/uploads\/2022\/08\/Reparacio\u0301n-Fugas-de-agua-Chamilpa-05-600x450.jpg 600w, https:\/\/cuernavaca.gob.mx\/wp-content\/uploads\/2022\/08\/Reparacio\u0301n-Fugas-de-agua-Chamilpa-05-560x420.jpg 560w, https:\/\/cuernavaca.gob.mx\/wp-content\/uploads\/2022\/08\/Reparacio\u0301n-Fugas-de-agua-Chamilpa-05.jpg 1600w\" sizes=\"(max-width: 1024px) 100vw, 1024px\" \/><\/figure>\n<\/figure>\n","protected":false},"excerpt":{"rendered":"<p>Personal de conservaci\u00f3n llev\u00f3 a cabo la reparaci\u00f3n de dos fugas de 10&#8243; generadas por el desarrollo del Centro Comercial Para los trabajos fue necesaria la interrupci\u00f3n del servicio en la zona norte de manera temporal. El Sistema de Agua Potable y Alcantarillado de Cuernavaca (SAPAC) informa, que tal como se acord\u00f3 con vecinos de [&hellip;]<\/p>\n","protected":false},"author":1,"featured_media":17813,"comment_status":"closed","ping_status":"closed","sticky":false,"template":"","format":"standard","meta":[],"categories":[20,145],"tags":[395,439,121,146,978,120,124],"aioseo_notices":[],"_links":{"self":[{"href":"https:\/\/cuernavaca.gob.mx\/index.php?rest_route=\/wp\/v2\/posts\/17812"}],"collection":[{"href":"https:\/\/cuernavaca.gob.mx\/index.php?rest_route=\/wp\/v2\/posts"}],"about":[{"href":"https:\/\/cuernavaca.gob.mx\/index.php?rest_route=\/wp\/v2\/types\/post"}],"author":[{"embeddable":true,"href":"https:\/\/cuernavaca.gob.mx\/index.php?rest_route=\/wp\/v2\/users\/1"}],"replies":[{"embeddable":true,"href":"https:\/\/cuernavaca.gob.mx\/index.php?rest_route=%2Fwp%2Fv2%2Fcomments&post=17812"}],"version-history":[{"count":1,"href":"https:\/\/cuernavaca.gob.mx\/index.php?rest_route=\/wp\/v2\/posts\/17812\/revisions"}],"predecessor-version":[{"id":17818,"href":"https:\/\/cuernavaca.gob.mx\/index.php?rest_route=\/wp\/v2\/posts\/17812\/revisions\/17818"}],"wp:featuredmedia":[{"embeddable":true,"href":"https:\/\/cuernavaca.gob.mx\/index.php?rest_route=\/wp\/v2\/media\/17813"}],"wp:attachment":[{"href":"https:\/\/cuernavaca.gob.mx\/index.php?rest_route=%2Fwp%2Fv2%2Fmedia&parent=17812"}],"wp:term":[{"taxonomy":"category","embeddable":true,"href":"https:\/\/cuernavaca.gob.mx\/index.php?rest_route=%2Fwp%2Fv2%2Fcategories&post=17812"},{"taxonomy":"post_tag","embeddable":true,"href":"https:\/\/cuernavaca.gob.mx\/index.php?rest_route=%2Fwp%2Fv2%2Ftags&post=17812"}],"curies":[{"name":"wp","href":"https:\/\/api.w.org\/{rel}","templated":true}]}}