{"id":17819,"date":"2022-08-26T13:00:00","date_gmt":"2022-08-26T18:00:00","guid":{"rendered":"https:\/\/cuernavaca.gob.mx\/?p=17819"},"modified":"2025-05-06T12:07:58","modified_gmt":"2025-05-06T18:07:58","slug":"b537-26-08-22-la-feria-de-tlaltenango-en-el-2022-se-realizara-del-03-al-10-de-septiembre","status":"publish","type":"post","link":"https:\/\/cuernavaca.gob.mx\/?p=17819","title":{"rendered":"B537 26\/08\/22 LA FERIA DE TLALTENANGO EN EL 2022 SE REALIZAR\u00c1 DEL 03 AL 10 DE SEPTIEMBRE"},"content":{"rendered":"\n<p><strong>Al seguir en pandemia por COVID-19 el Ayuntamiento de Cuernavaca determin\u00f3 acortar el per\u00edodo de este tradicional festejo<\/strong><\/p>\n\n\n\n<p>A consecuencia de la pandemia de Covid-19 y priorizando la salud de la poblaci\u00f3n, el Gobierno Municipal a trav\u00e9s de la Secretar\u00eda del Ayuntamiento anunci\u00f3 que la Feria de Tlaltenango se llevar\u00e1 a cabo este a\u00f1o solo ocho d\u00edas, del 03 al 10 de septiembre, disminuyendo la cantidad de establecimientos que venden sus productos, pero ofreci\u00e9ndoles un descuento del 70 por ciento en el permiso que se requiere por la autoridad auxiliar para la celebraci\u00f3n de esta fiesta patronal.<\/p>\n\n\n\n<p>En conferencia de prensa, Carlos de la Rosa Segura, titular de la dependencia, mencion\u00f3 que al registrar esta feria una importante afluencia de personas, no solo de habitantes locales, sino de otras entidades federativas, reforzar\u00e1n las medidas sanitarias, por lo cual reducir\u00e1n los d\u00edas que se instala sobre avenida Tlaltenango, que por tradici\u00f3n y a petici\u00f3n de la Ayudant\u00eda Municipal se planeaban fueran 13 d\u00edas.<\/p>\n\n\n\n<p>&#8220;El Ayuntamiento de Cuernavaca y el presidente municipal, Jos\u00e9 Luis Uri\u00f3stegui Salgado tienen por norma respetar los usos y costumbres en la medida de lo posible en relaci\u00f3n a lo que en los poblados corresponde, pero seguimos todav\u00eda en contingencia sanitaria y habr\u00e1 que tomar medidas extraordinarias por la cantidad de personas que acuden&#8221;, destac\u00f3.<\/p>\n\n\n\n<p>Se\u00f1al\u00f3 que de acuerdo a datos de la Ayudant\u00eda Municipal se ten\u00eda contemplada la instalaci\u00f3n de m\u00e1s de mil 500 comercios, al abarcar esta feria casi tres kil\u00f3metros, desde la glorieta de Tlaltenango hasta La Pradera, esperando que con esta modificaci\u00f3n no rebasen los 800 establecimientos.<\/p>\n\n\n\n<p>Durante los ocho d\u00edas de celebraci\u00f3n en honor a la Virgen de la Natividad o Se\u00f1ora de los Milagros, la Secretar\u00eda de Protecci\u00f3n y Auxilio Ciudadano (SEPRAC) y la Coordinaci\u00f3n Municipal de Protecci\u00f3n Civil estar\u00e1n presentes y vigilantes, a efecto de tener debidamente controlado el festejo, como el expendio de alimentos, los tanques de gas en los comercios, as\u00ed como los accesos y salidas de seguridad para darle mayor flujo.<\/p>\n\n\n\n<p>Carlos de la Rosa precis\u00f3 que dentro de este trabajo buscar\u00e1n evitar que por la colonia Jiquilpan pasen veh\u00edculos pesados, transitando en su lugar por avenida Domingo Diez y por avenida Compositores los veh\u00edculos ligeros, haciendo un circuito m\u00e1s \u00e1gil y como ser\u00e1n ocho d\u00edas esperando que la afectaci\u00f3n a los vecinos sea la menos posible.<\/p>\n\n\n\n<p>Finalmente, refiri\u00f3 que la noche del viernes 02 de septiembre la vialidad se cerrar\u00e1 para tener todo listo el s\u00e1bado hasta el 10 de septiembre, preservando as\u00ed los usos y costumbres de la capital del estado.<\/p>\n\n\n\n<figure class=\"wp-container-2 wp-block-gallery-1 wp-block-gallery has-nested-images columns-default is-cropped\">\n<figure class=\"wp-block-image size-large\"><img loading=\"lazy\" width=\"1024\" height=\"682\" data-id=\"17822\"  src=\"https:\/\/cuernavaca.gob.mx\/wp-content\/uploads\/2022\/08\/Rueda-Prensa-Feria-Tlaltenango-01-1024x682.jpg\" alt=\"\" class=\"wp-image-17822\" srcset=\"https:\/\/cuernavaca.gob.mx\/wp-content\/uploads\/2022\/08\/Rueda-Prensa-Feria-Tlaltenango-01-1024x682.jpg 1024w, https:\/\/cuernavaca.gob.mx\/wp-content\/uploads\/2022\/08\/Rueda-Prensa-Feria-Tlaltenango-01-300x200.jpg 300w, https:\/\/cuernavaca.gob.mx\/wp-content\/uploads\/2022\/08\/Rueda-Prensa-Feria-Tlaltenango-01-768x512.jpg 768w, https:\/\/cuernavaca.gob.mx\/wp-content\/uploads\/2022\/08\/Rueda-Prensa-Feria-Tlaltenango-01-600x400.jpg 600w, https:\/\/cuernavaca.gob.mx\/wp-content\/uploads\/2022\/08\/Rueda-Prensa-Feria-Tlaltenango-01-560x373.jpg 560w, https:\/\/cuernavaca.gob.mx\/wp-content\/uploads\/2022\/08\/Rueda-Prensa-Feria-Tlaltenango-01.jpg 1280w\" sizes=\"(max-width: 1024px) 100vw, 1024px\" \/><\/figure>\n\n\n\n<figure class=\"wp-block-image size-large\"><img loading=\"lazy\" width=\"1024\" height=\"682\" data-id=\"17821\"  src=\"https:\/\/cuernavaca.gob.mx\/wp-content\/uploads\/2022\/08\/Rueda-Prensa-Feria-Tlaltenango-02-1024x682.jpg\" alt=\"\" class=\"wp-image-17821\" srcset=\"https:\/\/cuernavaca.gob.mx\/wp-content\/uploads\/2022\/08\/Rueda-Prensa-Feria-Tlaltenango-02-1024x682.jpg 1024w, https:\/\/cuernavaca.gob.mx\/wp-content\/uploads\/2022\/08\/Rueda-Prensa-Feria-Tlaltenango-02-300x200.jpg 300w, https:\/\/cuernavaca.gob.mx\/wp-content\/uploads\/2022\/08\/Rueda-Prensa-Feria-Tlaltenango-02-768x512.jpg 768w, https:\/\/cuernavaca.gob.mx\/wp-content\/uploads\/2022\/08\/Rueda-Prensa-Feria-Tlaltenango-02-600x400.jpg 600w, https:\/\/cuernavaca.gob.mx\/wp-content\/uploads\/2022\/08\/Rueda-Prensa-Feria-Tlaltenango-02-560x373.jpg 560w, https:\/\/cuernavaca.gob.mx\/wp-content\/uploads\/2022\/08\/Rueda-Prensa-Feria-Tlaltenango-02.jpg 1280w\" sizes=\"(max-width: 1024px) 100vw, 1024px\" \/><\/figure>\n\n\n\n<figure class=\"wp-block-image size-large\"><img loading=\"lazy\" width=\"1024\" height=\"682\" data-id=\"17820\"  src=\"https:\/\/cuernavaca.gob.mx\/wp-content\/uploads\/2022\/08\/Rueda-Prensa-Feria-Tlaltenango-03-1024x682.jpg\" alt=\"\" class=\"wp-image-17820\" srcset=\"https:\/\/cuernavaca.gob.mx\/wp-content\/uploads\/2022\/08\/Rueda-Prensa-Feria-Tlaltenango-03-1024x682.jpg 1024w, https:\/\/cuernavaca.gob.mx\/wp-content\/uploads\/2022\/08\/Rueda-Prensa-Feria-Tlaltenango-03-300x200.jpg 300w, https:\/\/cuernavaca.gob.mx\/wp-content\/uploads\/2022\/08\/Rueda-Prensa-Feria-Tlaltenango-03-768x512.jpg 768w, https:\/\/cuernavaca.gob.mx\/wp-content\/uploads\/2022\/08\/Rueda-Prensa-Feria-Tlaltenango-03-600x400.jpg 600w, https:\/\/cuernavaca.gob.mx\/wp-content\/uploads\/2022\/08\/Rueda-Prensa-Feria-Tlaltenango-03-560x373.jpg 560w, https:\/\/cuernavaca.gob.mx\/wp-content\/uploads\/2022\/08\/Rueda-Prensa-Feria-Tlaltenango-03.jpg 1280w\" sizes=\"(max-width: 1024px) 100vw, 1024px\" \/><\/figure>\n<\/figure>\n","protected":false},"excerpt":{"rendered":"<p>Al seguir en pandemia por COVID-19 el Ayuntamiento de Cuernavaca determin\u00f3 acortar el per\u00edodo de este tradicional festejo A consecuencia de la pandemia de Covid-19 y priorizando la salud de la poblaci\u00f3n, el Gobierno Municipal a trav\u00e9s de la Secretar\u00eda del Ayuntamiento anunci\u00f3 que la Feria de Tlaltenango se llevar\u00e1 a cabo este a\u00f1o solo [&hellip;]<\/p>\n","protected":false},"author":1,"featured_media":17822,"comment_status":"closed","ping_status":"closed","sticky":false,"template":"","format":"standard","meta":[],"categories":[20],"tags":[2199,405,121,2198,120,125,252,427,143],"aioseo_notices":[],"_links":{"self":[{"href":"https:\/\/cuernavaca.gob.mx\/index.php?rest_route=\/wp\/v2\/posts\/17819"}],"collection":[{"href":"https:\/\/cuernavaca.gob.mx\/index.php?rest_route=\/wp\/v2\/posts"}],"about":[{"href":"https:\/\/cuernavaca.gob.mx\/index.php?rest_route=\/wp\/v2\/types\/post"}],"author":[{"embeddable":true,"href":"https:\/\/cuernavaca.gob.mx\/index.php?rest_route=\/wp\/v2\/users\/1"}],"replies":[{"embeddable":true,"href":"https:\/\/cuernavaca.gob.mx\/index.php?rest_route=%2Fwp%2Fv2%2Fcomments&post=17819"}],"version-history":[{"count":1,"href":"https:\/\/cuernavaca.gob.mx\/index.php?rest_route=\/wp\/v2\/posts\/17819\/revisions"}],"predecessor-version":[{"id":17823,"href":"https:\/\/cuernavaca.gob.mx\/index.php?rest_route=\/wp\/v2\/posts\/17819\/revisions\/17823"}],"wp:featuredmedia":[{"embeddable":true,"href":"https:\/\/cuernavaca.gob.mx\/index.php?rest_route=\/wp\/v2\/media\/17822"}],"wp:attachment":[{"href":"https:\/\/cuernavaca.gob.mx\/index.php?rest_route=%2Fwp%2Fv2%2Fmedia&parent=17819"}],"wp:term":[{"taxonomy":"category","embeddable":true,"href":"https:\/\/cuernavaca.gob.mx\/index.php?rest_route=%2Fwp%2Fv2%2Fcategories&post=17819"},{"taxonomy":"post_tag","embeddable":true,"href":"https:\/\/cuernavaca.gob.mx\/index.php?rest_route=%2Fwp%2Fv2%2Ftags&post=17819"}],"curies":[{"name":"wp","href":"https:\/\/api.w.org\/{rel}","templated":true}]}}