{"id":17824,"date":"2022-08-26T15:00:00","date_gmt":"2022-08-26T20:00:00","guid":{"rendered":"https:\/\/cuernavaca.gob.mx\/?p=17824"},"modified":"2025-05-06T12:07:58","modified_gmt":"2025-05-06T18:07:58","slug":"b357-26-08-22-compromiso-del-ayuntamiento-de-cuernavaca-con-la-transparencia-y-acceso-a-la-informacion","status":"publish","type":"post","link":"https:\/\/cuernavaca.gob.mx\/?p=17824","title":{"rendered":"B357 26\/08\/22 COMPROMISO DEL AYUNTAMIENTO DE CUERNAVACA CON LA TRANSPARENCIA Y ACCESO A LA INFORMACI\u00d3N"},"content":{"rendered":"\n<p><strong>El presidente municipal Jos\u00e9 Luis Uri\u00f3stegui inaugur\u00f3 la Jornada \u201cComisionado en tu Plaza\u201d convocada por el IMIPE<\/strong><\/p>\n\n\n\n<p>La transparencia en el ejercicio p\u00fablico y el uso de los recursos, son la base del Ayuntamiento de Cuernavaca como un compromiso y convicci\u00f3n que sostendr\u00e1 la administraci\u00f3n municipal, asegur\u00f3 el alcalde Jos\u00e9 Luis Uri\u00f3stegui Salgado, al inaugurar la Jornada \u201cComisionado en tu Plaza\u201d convocada por el Instituto Morelense de Informaci\u00f3n P\u00fablica y Estad\u00edstica (IMIPE) en Plaza de Armas de la capilla del estado.<\/p>\n\n\n\n<p>En presencia de comisionadas y comisionados, titulares y representes del Instituto Nacional de Transparencia, Acceso a la Informaci\u00f3n y Protecci\u00f3n de Datos Personales (INAI), del Instituto de Transparencia, Acceso a la Informaci\u00f3n P\u00fablica y Protecci\u00f3n de Datos Personales del Estado de M\u00e9xico y Municipios (Infoem), del Instituto de Transparencia y Acceso a la Informaci\u00f3n P\u00fablica del Estado de Guerrero (ITAIGro), el presidente municipal de Cuernavaca resalt\u00f3 que el acceso a la informaci\u00f3n no tan solo es un deber de la autoridad, sino un derecho de la ciudadan\u00eda.<\/p>\n\n\n\n<p>\u201cA partir de esta administraci\u00f3n se dispuso que la Direcci\u00f3n de Transparencia dejara de depender de la Presidencia Municipal y se adscribiera a la Contralor\u00eda para darle rigor a sus actuaciones y la posibilidad de sancionar a quienes no cumplan con la transparencia; es derecho de la ciudadan\u00eda recibir toda la informaci\u00f3n y documentaci\u00f3n que emane de actos p\u00fablicos\u201d, se\u00f1al\u00f3 Uri\u00f3stegui Salgado.<\/p>\n\n\n\n<p>Celebr\u00f3 que en estas actividades se integre a la Comisi\u00f3n de Derechos Humanos del Estado de Morelos (CDHEM), para ser garante del cumplimiento de uno de los derechos fundamentales de la gente, porque lo que corresponde a Cuernavaca, lo que se busca es dar toda claridad en el ejercicio del presupuesto y se aplique en lo que la gente necesita en sus colonias y comunidades<\/p>\n\n\n\n<p>En presencia del rector de la Universidad Aut\u00f3noma del Estado de Morelos (UAEM) Gustavo Urquiza Beltr\u00e1n, la rectora de la Universidad Tecnol\u00f3gica Emiliano Zapata (UTEZ) Sandra Robles Espinoza y del presidente magistrado del Tribunal de Justicia Administrativa, Joaqu\u00edn Roque Gonz\u00e1lez Cerezo, el presidente municipal de Cuernavaca se\u00f1al\u00f3 que ya no son tiempos de que las autoridades contin\u00faen con pr\u00e1cticas discrecionales en el ejercicio p\u00fablico, que pierdan su tiempo distray\u00e9ndose en cosas banales o superfluas que no ayudan al bienestar de la poblaci\u00f3n, destacando el compromiso de estas instituciones con la transparencia.<\/p>\n\n\n\n<p>Agradeci\u00f3 a Marco Antonio Alvear S\u00e1nchez, comisionado presidente del IMIPE, por la invitaci\u00f3n a esta jornada \u201cComisionado en tu Plaza\u201d, cuyo prop\u00f3sito fue acercar e informar a la sociedad la labor de los \u00f3rganos responsables de la transparencia, protecci\u00f3n de datos personales y manejo de archivos, y explicar de la funcionalidad de los portales de transparencia y quienes son los sujetos obligados.<\/p>\n\n\n\n<p>El Ayuntamiento de Cuernavaca particip\u00f3 en esta jornada \u201cComisionado en tu Plaza\u201d, con un stand de la Contralor\u00eda Municipal, la Direcci\u00f3n del Registro Civil, del Instituto de la Mujer y de la Secretar\u00eda de Desarrollo Humano y Participaci\u00f3n Social.<\/p>\n\n\n\n<figure class=\"wp-container-2 wp-block-gallery-1 wp-block-gallery has-nested-images columns-default is-cropped\">\n<figure class=\"wp-block-image size-large\"><img loading=\"lazy\" width=\"1024\" height=\"682\" data-id=\"17826\"  src=\"https:\/\/cuernavaca.gob.mx\/wp-content\/uploads\/2022\/08\/Comisionado-en-tu-Plaza-01-1024x682.jpg\" alt=\"\" class=\"wp-image-17826\" srcset=\"https:\/\/cuernavaca.gob.mx\/wp-content\/uploads\/2022\/08\/Comisionado-en-tu-Plaza-01-1024x682.jpg 1024w, https:\/\/cuernavaca.gob.mx\/wp-content\/uploads\/2022\/08\/Comisionado-en-tu-Plaza-01-300x200.jpg 300w, https:\/\/cuernavaca.gob.mx\/wp-content\/uploads\/2022\/08\/Comisionado-en-tu-Plaza-01-768x512.jpg 768w, https:\/\/cuernavaca.gob.mx\/wp-content\/uploads\/2022\/08\/Comisionado-en-tu-Plaza-01-600x400.jpg 600w, https:\/\/cuernavaca.gob.mx\/wp-content\/uploads\/2022\/08\/Comisionado-en-tu-Plaza-01-560x373.jpg 560w, https:\/\/cuernavaca.gob.mx\/wp-content\/uploads\/2022\/08\/Comisionado-en-tu-Plaza-01.jpg 1280w\" sizes=\"(max-width: 1024px) 100vw, 1024px\" \/><\/figure>\n\n\n\n<figure class=\"wp-block-image size-large\"><img loading=\"lazy\" width=\"1024\" height=\"682\" data-id=\"17830\"  src=\"https:\/\/cuernavaca.gob.mx\/wp-content\/uploads\/2022\/08\/Comisionado-en-tu-Plaza-02-1024x682.jpg\" alt=\"\" class=\"wp-image-17830\" srcset=\"https:\/\/cuernavaca.gob.mx\/wp-content\/uploads\/2022\/08\/Comisionado-en-tu-Plaza-02-1024x682.jpg 1024w, https:\/\/cuernavaca.gob.mx\/wp-content\/uploads\/2022\/08\/Comisionado-en-tu-Plaza-02-300x200.jpg 300w, https:\/\/cuernavaca.gob.mx\/wp-content\/uploads\/2022\/08\/Comisionado-en-tu-Plaza-02-768x512.jpg 768w, https:\/\/cuernavaca.gob.mx\/wp-content\/uploads\/2022\/08\/Comisionado-en-tu-Plaza-02-600x400.jpg 600w, https:\/\/cuernavaca.gob.mx\/wp-content\/uploads\/2022\/08\/Comisionado-en-tu-Plaza-02-560x373.jpg 560w, https:\/\/cuernavaca.gob.mx\/wp-content\/uploads\/2022\/08\/Comisionado-en-tu-Plaza-02.jpg 1280w\" sizes=\"(max-width: 1024px) 100vw, 1024px\" \/><\/figure>\n\n\n\n<figure class=\"wp-block-image size-large\"><img loading=\"lazy\" width=\"1024\" height=\"682\" data-id=\"17827\"  src=\"https:\/\/cuernavaca.gob.mx\/wp-content\/uploads\/2022\/08\/Comisionado-en-tu-Plaza-03-1024x682.jpg\" alt=\"\" class=\"wp-image-17827\" srcset=\"https:\/\/cuernavaca.gob.mx\/wp-content\/uploads\/2022\/08\/Comisionado-en-tu-Plaza-03-1024x682.jpg 1024w, https:\/\/cuernavaca.gob.mx\/wp-content\/uploads\/2022\/08\/Comisionado-en-tu-Plaza-03-300x200.jpg 300w, https:\/\/cuernavaca.gob.mx\/wp-content\/uploads\/2022\/08\/Comisionado-en-tu-Plaza-03-768x512.jpg 768w, https:\/\/cuernavaca.gob.mx\/wp-content\/uploads\/2022\/08\/Comisionado-en-tu-Plaza-03-600x400.jpg 600w, https:\/\/cuernavaca.gob.mx\/wp-content\/uploads\/2022\/08\/Comisionado-en-tu-Plaza-03-560x373.jpg 560w, https:\/\/cuernavaca.gob.mx\/wp-content\/uploads\/2022\/08\/Comisionado-en-tu-Plaza-03.jpg 1280w\" sizes=\"(max-width: 1024px) 100vw, 1024px\" \/><\/figure>\n\n\n\n<figure class=\"wp-block-image size-large\"><img loading=\"lazy\" width=\"1024\" height=\"576\" data-id=\"17825\"  src=\"https:\/\/cuernavaca.gob.mx\/wp-content\/uploads\/2022\/08\/Comisionado-en-tu-Plaza-04-1024x576.jpg\" alt=\"\" class=\"wp-image-17825\" srcset=\"https:\/\/cuernavaca.gob.mx\/wp-content\/uploads\/2022\/08\/Comisionado-en-tu-Plaza-04-1024x576.jpg 1024w, https:\/\/cuernavaca.gob.mx\/wp-content\/uploads\/2022\/08\/Comisionado-en-tu-Plaza-04-300x169.jpg 300w, https:\/\/cuernavaca.gob.mx\/wp-content\/uploads\/2022\/08\/Comisionado-en-tu-Plaza-04-768x432.jpg 768w, https:\/\/cuernavaca.gob.mx\/wp-content\/uploads\/2022\/08\/Comisionado-en-tu-Plaza-04-600x338.jpg 600w, https:\/\/cuernavaca.gob.mx\/wp-content\/uploads\/2022\/08\/Comisionado-en-tu-Plaza-04-560x315.jpg 560w, https:\/\/cuernavaca.gob.mx\/wp-content\/uploads\/2022\/08\/Comisionado-en-tu-Plaza-04.jpg 1280w\" sizes=\"(max-width: 1024px) 100vw, 1024px\" \/><\/figure>\n\n\n\n<figure class=\"wp-block-image size-large\"><img loading=\"lazy\" width=\"1024\" height=\"682\" data-id=\"17828\"  src=\"https:\/\/cuernavaca.gob.mx\/wp-content\/uploads\/2022\/08\/Comisionado-en-tu-Plaza-05-1024x682.jpg\" alt=\"\" class=\"wp-image-17828\" srcset=\"https:\/\/cuernavaca.gob.mx\/wp-content\/uploads\/2022\/08\/Comisionado-en-tu-Plaza-05-1024x682.jpg 1024w, https:\/\/cuernavaca.gob.mx\/wp-content\/uploads\/2022\/08\/Comisionado-en-tu-Plaza-05-300x200.jpg 300w, https:\/\/cuernavaca.gob.mx\/wp-content\/uploads\/2022\/08\/Comisionado-en-tu-Plaza-05-768x512.jpg 768w, https:\/\/cuernavaca.gob.mx\/wp-content\/uploads\/2022\/08\/Comisionado-en-tu-Plaza-05-600x400.jpg 600w, https:\/\/cuernavaca.gob.mx\/wp-content\/uploads\/2022\/08\/Comisionado-en-tu-Plaza-05-560x373.jpg 560w, https:\/\/cuernavaca.gob.mx\/wp-content\/uploads\/2022\/08\/Comisionado-en-tu-Plaza-05.jpg 1280w\" sizes=\"(max-width: 1024px) 100vw, 1024px\" \/><\/figure>\n\n\n\n<figure class=\"wp-block-image size-large\"><img loading=\"lazy\" width=\"1024\" height=\"682\" data-id=\"17829\"  src=\"https:\/\/cuernavaca.gob.mx\/wp-content\/uploads\/2022\/08\/Comisionado-en-tu-Plaza-06-1024x682.jpg\" alt=\"\" class=\"wp-image-17829\" srcset=\"https:\/\/cuernavaca.gob.mx\/wp-content\/uploads\/2022\/08\/Comisionado-en-tu-Plaza-06-1024x682.jpg 1024w, https:\/\/cuernavaca.gob.mx\/wp-content\/uploads\/2022\/08\/Comisionado-en-tu-Plaza-06-300x200.jpg 300w, https:\/\/cuernavaca.gob.mx\/wp-content\/uploads\/2022\/08\/Comisionado-en-tu-Plaza-06-768x512.jpg 768w, https:\/\/cuernavaca.gob.mx\/wp-content\/uploads\/2022\/08\/Comisionado-en-tu-Plaza-06-600x400.jpg 600w, https:\/\/cuernavaca.gob.mx\/wp-content\/uploads\/2022\/08\/Comisionado-en-tu-Plaza-06-560x373.jpg 560w, https:\/\/cuernavaca.gob.mx\/wp-content\/uploads\/2022\/08\/Comisionado-en-tu-Plaza-06.jpg 1280w\" sizes=\"(max-width: 1024px) 100vw, 1024px\" \/><\/figure>\n\n\n\n<figure class=\"wp-block-image size-large\"><img loading=\"lazy\" width=\"1024\" height=\"682\" data-id=\"17831\"  src=\"https:\/\/cuernavaca.gob.mx\/wp-content\/uploads\/2022\/08\/Comisionado-en-tu-Plaza-07-1024x682.jpg\" alt=\"\" class=\"wp-image-17831\" srcset=\"https:\/\/cuernavaca.gob.mx\/wp-content\/uploads\/2022\/08\/Comisionado-en-tu-Plaza-07-1024x682.jpg 1024w, https:\/\/cuernavaca.gob.mx\/wp-content\/uploads\/2022\/08\/Comisionado-en-tu-Plaza-07-300x200.jpg 300w, https:\/\/cuernavaca.gob.mx\/wp-content\/uploads\/2022\/08\/Comisionado-en-tu-Plaza-07-768x512.jpg 768w, https:\/\/cuernavaca.gob.mx\/wp-content\/uploads\/2022\/08\/Comisionado-en-tu-Plaza-07-600x400.jpg 600w, https:\/\/cuernavaca.gob.mx\/wp-content\/uploads\/2022\/08\/Comisionado-en-tu-Plaza-07-560x373.jpg 560w, https:\/\/cuernavaca.gob.mx\/wp-content\/uploads\/2022\/08\/Comisionado-en-tu-Plaza-07.jpg 1280w\" sizes=\"(max-width: 1024px) 100vw, 1024px\" \/><\/figure>\n\n\n\n<figure class=\"wp-block-image size-large\"><img loading=\"lazy\" width=\"1024\" height=\"682\" data-id=\"17832\"  src=\"https:\/\/cuernavaca.gob.mx\/wp-content\/uploads\/2022\/08\/Comisionado-en-tu-Plaza-08-1024x682.jpg\" alt=\"\" class=\"wp-image-17832\" srcset=\"https:\/\/cuernavaca.gob.mx\/wp-content\/uploads\/2022\/08\/Comisionado-en-tu-Plaza-08-1024x682.jpg 1024w, https:\/\/cuernavaca.gob.mx\/wp-content\/uploads\/2022\/08\/Comisionado-en-tu-Plaza-08-300x200.jpg 300w, https:\/\/cuernavaca.gob.mx\/wp-content\/uploads\/2022\/08\/Comisionado-en-tu-Plaza-08-768x512.jpg 768w, https:\/\/cuernavaca.gob.mx\/wp-content\/uploads\/2022\/08\/Comisionado-en-tu-Plaza-08-600x400.jpg 600w, https:\/\/cuernavaca.gob.mx\/wp-content\/uploads\/2022\/08\/Comisionado-en-tu-Plaza-08-560x373.jpg 560w, https:\/\/cuernavaca.gob.mx\/wp-content\/uploads\/2022\/08\/Comisionado-en-tu-Plaza-08.jpg 1280w\" sizes=\"(max-width: 1024px) 100vw, 1024px\" \/><\/figure>\n\n\n\n<figure class=\"wp-block-image size-large\"><img loading=\"lazy\" width=\"1024\" height=\"682\" data-id=\"17833\"  src=\"https:\/\/cuernavaca.gob.mx\/wp-content\/uploads\/2022\/08\/Comisionado-en-tu-Plaza-09-1024x682.jpg\" alt=\"\" class=\"wp-image-17833\" srcset=\"https:\/\/cuernavaca.gob.mx\/wp-content\/uploads\/2022\/08\/Comisionado-en-tu-Plaza-09-1024x682.jpg 1024w, https:\/\/cuernavaca.gob.mx\/wp-content\/uploads\/2022\/08\/Comisionado-en-tu-Plaza-09-300x200.jpg 300w, https:\/\/cuernavaca.gob.mx\/wp-content\/uploads\/2022\/08\/Comisionado-en-tu-Plaza-09-768x512.jpg 768w, https:\/\/cuernavaca.gob.mx\/wp-content\/uploads\/2022\/08\/Comisionado-en-tu-Plaza-09-600x400.jpg 600w, https:\/\/cuernavaca.gob.mx\/wp-content\/uploads\/2022\/08\/Comisionado-en-tu-Plaza-09-560x373.jpg 560w, https:\/\/cuernavaca.gob.mx\/wp-content\/uploads\/2022\/08\/Comisionado-en-tu-Plaza-09.jpg 1280w\" sizes=\"(max-width: 1024px) 100vw, 1024px\" \/><\/figure>\n<\/figure>\n","protected":false},"excerpt":{"rendered":"<p>El presidente municipal Jos\u00e9 Luis Uri\u00f3stegui inaugur\u00f3 la Jornada \u201cComisionado en tu Plaza\u201d convocada por el IMIPE La transparencia en el ejercicio p\u00fablico y el uso de los recursos, son la base del Ayuntamiento de Cuernavaca como un compromiso y convicci\u00f3n que sostendr\u00e1 la administraci\u00f3n municipal, asegur\u00f3 el alcalde Jos\u00e9 Luis Uri\u00f3stegui Salgado, al inaugurar [&hellip;]<\/p>\n","protected":false},"author":1,"featured_media":17828,"comment_status":"closed","ping_status":"closed","sticky":false,"template":"","format":"standard","meta":[],"categories":[20],"tags":[158,1260,2200,121,585,2201,120,2118],"aioseo_notices":[],"_links":{"self":[{"href":"https:\/\/cuernavaca.gob.mx\/index.php?rest_route=\/wp\/v2\/posts\/17824"}],"collection":[{"href":"https:\/\/cuernavaca.gob.mx\/index.php?rest_route=\/wp\/v2\/posts"}],"about":[{"href":"https:\/\/cuernavaca.gob.mx\/index.php?rest_route=\/wp\/v2\/types\/post"}],"author":[{"embeddable":true,"href":"https:\/\/cuernavaca.gob.mx\/index.php?rest_route=\/wp\/v2\/users\/1"}],"replies":[{"embeddable":true,"href":"https:\/\/cuernavaca.gob.mx\/index.php?rest_route=%2Fwp%2Fv2%2Fcomments&post=17824"}],"version-history":[{"count":1,"href":"https:\/\/cuernavaca.gob.mx\/index.php?rest_route=\/wp\/v2\/posts\/17824\/revisions"}],"predecessor-version":[{"id":17834,"href":"https:\/\/cuernavaca.gob.mx\/index.php?rest_route=\/wp\/v2\/posts\/17824\/revisions\/17834"}],"wp:featuredmedia":[{"embeddable":true,"href":"https:\/\/cuernavaca.gob.mx\/index.php?rest_route=\/wp\/v2\/media\/17828"}],"wp:attachment":[{"href":"https:\/\/cuernavaca.gob.mx\/index.php?rest_route=%2Fwp%2Fv2%2Fmedia&parent=17824"}],"wp:term":[{"taxonomy":"category","embeddable":true,"href":"https:\/\/cuernavaca.gob.mx\/index.php?rest_route=%2Fwp%2Fv2%2Fcategories&post=17824"},{"taxonomy":"post_tag","embeddable":true,"href":"https:\/\/cuernavaca.gob.mx\/index.php?rest_route=%2Fwp%2Fv2%2Ftags&post=17824"}],"curies":[{"name":"wp","href":"https:\/\/api.w.org\/{rel}","templated":true}]}}