{"id":17835,"date":"2022-08-26T17:00:00","date_gmt":"2022-08-26T22:00:00","guid":{"rendered":"https:\/\/cuernavaca.gob.mx\/?p=17835"},"modified":"2025-05-06T12:07:58","modified_gmt":"2025-05-06T18:07:58","slug":"b359-26-08-22-cabildo-de-cuernavaca-consolida-una-vez-mas-cercania-con-la-poblacion","status":"publish","type":"post","link":"https:\/\/cuernavaca.gob.mx\/?p=17835","title":{"rendered":"B359 26\/08\/22 CABILDO DE CUERNAVACA CONSOLIDA UNA VEZ M\u00c1S CERCAN\u00cdA CON LA POBLACI\u00d3N"},"content":{"rendered":"\n<p><strong>Como ocurre cada mes desde el inicio de la presente administraci\u00f3n, integrantes del Cabildo y Gabinete atendieron peticiones ciudadanas de viva voz por vecinos de la delegaci\u00f3n L\u00e1zaro C\u00e1rdenas del R\u00edo<\/strong><\/p>\n\n\n\n<p><strong>El presidente municipal Jos\u00e9 Luis Uri\u00f3stegui dio a conocer el proyecto integral de regularizaci\u00f3n y delimitaci\u00f3n de colonias, mediante el cual podr\u00e1n destinar inversi\u00f3n p\u00fablica<\/strong><\/p>\n\n\n\n<p>Como ha ocurrido cada mes desde el inicio de la presente administraci\u00f3n, este \u00faltimo viernes de agosto el presidente municipal, Jos\u00e9 Luis Uri\u00f3stegui Salgado encabez\u00f3 la s\u00e9ptima sesi\u00f3n ordinaria de Cabildo Abierto convocada esta ocasi\u00f3n en la Casa Ejidal de la colonia L\u00e1zaro C\u00e1rdenas del R\u00edo, donde refrend\u00f3 la intenci\u00f3n del Ayuntamiento por transformar esta zona de la ciudad de manera gradual para mejorar la calidad de vida de sus habitantes.<\/p>\n\n\n\n<p>Acompa\u00f1ado de la s\u00edndica municipal, Ver\u00f3nica Atenco P\u00e9rez; el secretario del Ayuntamiento, Carlos de la Rosa Segura; y los regidores Wendi Salinas Ruiz, Lucero Cuenca Noria, Mireya Delgado Romero, Christian Mishell P\u00e9rez Jaimes, Jes\u00fas Rosales Puebla, Debendrenath Salazar Solorio, Adri\u00e1n Mart\u00ednez Terrazas y Fernando Carrillo Alvarado, escucharon y respondieron a las diversas peticiones de vecinos provenientes de colonias como Los Pilares, Iterero San Ant\u00f3n, Milpillas, 1ro. de mayo, Ampliaci\u00f3n L\u00e1zaro C\u00e1rdenas del R\u00edo, y Cerritos de Garc\u00eda, quienes compartieron solicitudes en materia de servicios p\u00fablicos como cambio y reparaci\u00f3n de luminarias, poda de \u00e1rboles, hasta pavimentaci\u00f3n, bacheo y drenaje; adem\u00e1s del apoyo en temas de prevenci\u00f3n del delito.<\/p>\n\n\n\n<p>Al uso de la palabra, el alcalde capitalino explic\u00f3 que como en esta zona de la ciudad donde cerca de 20 colonias no han sido reconocidas oficialmente por el cuerpo edilicio, existen otras colonias en una situaci\u00f3n similar, lo que ha afectado la llegada de inversi\u00f3n p\u00fablica, particularmente para obra, por lo cual, se\u00f1al\u00f3, que est\u00e1n trabajando en la implementaci\u00f3n del proyecto integral de regularizaci\u00f3n y delimitaci\u00f3n de colonias con m\u00e1s de 20 a\u00f1os de antig\u00fcedad o de reciente creaci\u00f3n, que dar\u00e1 pauta a ser localizadas geogr\u00e1ficamente, a fin de que el Cabildo emita un acuerdo para reconocerlas.<\/p>\n\n\n\n<p>Precis\u00f3 que justo como se han observado mejoras en los accesos al municipio, dignificando las vialidades que conectan a Cuernavaca con otros municipios y estados, pretenden replicar estas acciones a lo largo y ancho del territorio, haciendo su m\u00e1ximo esfuerzo para que los recursos que ingresen a las arcas municipales se apliquen de una forma eficiente y eficaz para toda la poblaci\u00f3n, acordando que para el pr\u00f3ximo a\u00f1o el 40 por ciento de lo recaudado del impuesto predial sea aplicado en las 47 regiones catastrales reci\u00e9n integradas.<\/p>\n\n\n\n<p>\u201cQueremos que esta zona de la delegaci\u00f3n L\u00e1zaro C\u00e1rdenas tambi\u00e9n haya una transformaci\u00f3n gradual para mejorar la calidad de vida de quienes residen en todas estas colonias\u201d, acot\u00f3.<\/p>\n\n\n\n<p>Por su parte, la regidora Wendi Salinas, expres\u00f3 que el Cabildo debe comenzar a semaforizar los temas con mayor necesidad entre la ciudadan\u00eda, espec\u00edficamente en servicios p\u00fablicos, con la finalidad de que el presupuesto 2023 los contemple y cada peso sea destinado a mejorar las circunstancias y condiciones de los cuernavacenses.<\/p>\n\n\n\n<p>La s\u00edndica municipal, Ver\u00f3nica Atenco puntualiz\u00f3 que, si bien la presente administraci\u00f3n enfrenta severos problemas financieros, su prioridad y compromiso es sacar adelante a Cuernavaca, d\u00e1ndole seguimiento a cada una de sus peticiones para que sean resueltas a la brevedad.<\/p>\n\n\n\n<p>El regidor, Fernando Carrillo, destac\u00f3 el desempe\u00f1o de la Secretar\u00eda de Desarrollo Sustentable y Servicios P\u00fablicos, que a pesar de la adversidad con la que heredaron la dependencia, no ha dejado de trabajar, muestra de ello que esta semana superaron la cifra de cinco mil baches atendidos en todo el municipio, lo que habla de la magnitud del da\u00f1o que se tiene, pero tambi\u00e9n del gran trabajo que han hecho.<\/p>\n\n\n\n<p>Con el arranque del ciclo escolar 2022-2023, el regidor Debendrenath Salazar, en su calidad de presidente de la Comisi\u00f3n de Educaci\u00f3n, Cultura y Recreaci\u00f3n, invit\u00f3 a los padres de familia y docentes a fortalecer las medidas sanitarias para evitar contagios de Covid-19, pero tambi\u00e9n de la viruela del mono, ya que de acuerdo a datos de la Secretar\u00eda de Salud estatal se han reportado tres casos en Morelos.<\/p>\n\n\n\n<p>Cabe mencionar que con el objetivo de que las peticiones ciudadanas sean vinculantes, se cont\u00f3 una vez m\u00e1s con la presencia de integrantes del Gabinete, como la secretaria de Protecci\u00f3n y Auxilio Ciudadano (SEPRAC), Alicia V\u00e1zquez Luna; el secretario de Desarrollo Urbano y Obras P\u00fablicas, Alejandro Rosas L\u00f3pez; la secretaria de Desarrollo Humano y Participaci\u00f3n Social, Laura Hern\u00e1ndez Cruz; el secretario de Desarrollo Econ\u00f3mico y Turismo, Humberto Paladino Valdovinos; el titular del Secretariado Ejecutivo de Seguridad P\u00fablica, Marco Antonio Olvera Benedicto.<\/p>\n\n\n\n<p>Asimismo, del secretario de Desarrollo Sustentable y Servicios P\u00fablicos, Omar Israel Albavera V\u00e1zquez; y los directivos de SAPAC, Evelia Flores Hern\u00e1ndez; del COMPLADEMUN, Luis Enrique Mart\u00ednez Catal\u00e1n; del Sistema Municipal DIF, Luis Flores Garc\u00eda; de Desarrollo Sustentable, Jos\u00e9 Alfredo Rodr\u00edguez San Ciprian; de Servicios P\u00fablicos, Gerardo Abarca Pe\u00f1a; y de Infraestructura, Guillermo L\u00f3pez; adem\u00e1s de autoridades auxiliares y el presidente del Consejo de Vigilancia del Comisariado de San Ant\u00f3n, \u00c1ngel L\u00f3pez V\u00e1zquez; el tesorero del Comisariado, Bardomiano Bravo Mart\u00ednez y el secretario del Comisariado, Jorge Miranda Solorio.<\/p>\n\n\n\n<figure class=\"wp-container-2 wp-block-gallery-1 wp-block-gallery has-nested-images columns-default is-cropped\">\n<figure class=\"wp-block-image size-large\"><img loading=\"lazy\" width=\"1024\" height=\"683\" data-id=\"17836\"  src=\"https:\/\/cuernavaca.gob.mx\/wp-content\/uploads\/2022\/08\/Cabildo-abierto-La\u0301zaro-Ca\u0301rdenas-del-Ri\u0301o-01-1024x683.jpg\" alt=\"\" class=\"wp-image-17836\" srcset=\"https:\/\/cuernavaca.gob.mx\/wp-content\/uploads\/2022\/08\/Cabildo-abierto-La\u0301zaro-Ca\u0301rdenas-del-Ri\u0301o-01-1024x683.jpg 1024w, https:\/\/cuernavaca.gob.mx\/wp-content\/uploads\/2022\/08\/Cabildo-abierto-La\u0301zaro-Ca\u0301rdenas-del-Ri\u0301o-01-300x200.jpg 300w, https:\/\/cuernavaca.gob.mx\/wp-content\/uploads\/2022\/08\/Cabildo-abierto-La\u0301zaro-Ca\u0301rdenas-del-Ri\u0301o-01-768x512.jpg 768w, https:\/\/cuernavaca.gob.mx\/wp-content\/uploads\/2022\/08\/Cabildo-abierto-La\u0301zaro-Ca\u0301rdenas-del-Ri\u0301o-01-1536x1024.jpg 1536w, https:\/\/cuernavaca.gob.mx\/wp-content\/uploads\/2022\/08\/Cabildo-abierto-La\u0301zaro-Ca\u0301rdenas-del-Ri\u0301o-01-600x400.jpg 600w, https:\/\/cuernavaca.gob.mx\/wp-content\/uploads\/2022\/08\/Cabildo-abierto-La\u0301zaro-Ca\u0301rdenas-del-Ri\u0301o-01-560x373.jpg 560w, https:\/\/cuernavaca.gob.mx\/wp-content\/uploads\/2022\/08\/Cabildo-abierto-La\u0301zaro-Ca\u0301rdenas-del-Ri\u0301o-01.jpg 1599w\" sizes=\"(max-width: 1024px) 100vw, 1024px\" \/><\/figure>\n\n\n\n<figure class=\"wp-block-image size-large\"><img loading=\"lazy\" width=\"1024\" height=\"683\" data-id=\"17841\"  src=\"https:\/\/cuernavaca.gob.mx\/wp-content\/uploads\/2022\/08\/Cabildo-abierto-La\u0301zaro-Ca\u0301rdenas-del-Ri\u0301o-02-1024x683.jpg\" alt=\"\" class=\"wp-image-17841\" srcset=\"https:\/\/cuernavaca.gob.mx\/wp-content\/uploads\/2022\/08\/Cabildo-abierto-La\u0301zaro-Ca\u0301rdenas-del-Ri\u0301o-02-1024x683.jpg 1024w, https:\/\/cuernavaca.gob.mx\/wp-content\/uploads\/2022\/08\/Cabildo-abierto-La\u0301zaro-Ca\u0301rdenas-del-Ri\u0301o-02-300x200.jpg 300w, https:\/\/cuernavaca.gob.mx\/wp-content\/uploads\/2022\/08\/Cabildo-abierto-La\u0301zaro-Ca\u0301rdenas-del-Ri\u0301o-02-768x512.jpg 768w, https:\/\/cuernavaca.gob.mx\/wp-content\/uploads\/2022\/08\/Cabildo-abierto-La\u0301zaro-Ca\u0301rdenas-del-Ri\u0301o-02-1536x1024.jpg 1536w, https:\/\/cuernavaca.gob.mx\/wp-content\/uploads\/2022\/08\/Cabildo-abierto-La\u0301zaro-Ca\u0301rdenas-del-Ri\u0301o-02-600x400.jpg 600w, https:\/\/cuernavaca.gob.mx\/wp-content\/uploads\/2022\/08\/Cabildo-abierto-La\u0301zaro-Ca\u0301rdenas-del-Ri\u0301o-02-560x373.jpg 560w, https:\/\/cuernavaca.gob.mx\/wp-content\/uploads\/2022\/08\/Cabildo-abierto-La\u0301zaro-Ca\u0301rdenas-del-Ri\u0301o-02.jpg 1599w\" sizes=\"(max-width: 1024px) 100vw, 1024px\" \/><\/figure>\n\n\n\n<figure class=\"wp-block-image size-large\"><img loading=\"lazy\" width=\"1024\" height=\"682\" data-id=\"17837\"  src=\"https:\/\/cuernavaca.gob.mx\/wp-content\/uploads\/2022\/08\/Cabildo-abierto-La\u0301zaro-Ca\u0301rdenas-del-Ri\u0301o-03-1024x682.jpg\" alt=\"\" class=\"wp-image-17837\" srcset=\"https:\/\/cuernavaca.gob.mx\/wp-content\/uploads\/2022\/08\/Cabildo-abierto-La\u0301zaro-Ca\u0301rdenas-del-Ri\u0301o-03-1024x682.jpg 1024w, https:\/\/cuernavaca.gob.mx\/wp-content\/uploads\/2022\/08\/Cabildo-abierto-La\u0301zaro-Ca\u0301rdenas-del-Ri\u0301o-03-300x200.jpg 300w, https:\/\/cuernavaca.gob.mx\/wp-content\/uploads\/2022\/08\/Cabildo-abierto-La\u0301zaro-Ca\u0301rdenas-del-Ri\u0301o-03-768x512.jpg 768w, https:\/\/cuernavaca.gob.mx\/wp-content\/uploads\/2022\/08\/Cabildo-abierto-La\u0301zaro-Ca\u0301rdenas-del-Ri\u0301o-03-600x400.jpg 600w, https:\/\/cuernavaca.gob.mx\/wp-content\/uploads\/2022\/08\/Cabildo-abierto-La\u0301zaro-Ca\u0301rdenas-del-Ri\u0301o-03-560x373.jpg 560w, https:\/\/cuernavaca.gob.mx\/wp-content\/uploads\/2022\/08\/Cabildo-abierto-La\u0301zaro-Ca\u0301rdenas-del-Ri\u0301o-03.jpg 1280w\" sizes=\"(max-width: 1024px) 100vw, 1024px\" \/><\/figure>\n\n\n\n<figure class=\"wp-block-image size-large\"><img loading=\"lazy\" width=\"1024\" height=\"682\" data-id=\"17838\"  src=\"https:\/\/cuernavaca.gob.mx\/wp-content\/uploads\/2022\/08\/Cabildo-abierto-La\u0301zaro-Ca\u0301rdenas-del-Ri\u0301o-04-1024x682.jpg\" alt=\"\" class=\"wp-image-17838\" srcset=\"https:\/\/cuernavaca.gob.mx\/wp-content\/uploads\/2022\/08\/Cabildo-abierto-La\u0301zaro-Ca\u0301rdenas-del-Ri\u0301o-04-1024x682.jpg 1024w, https:\/\/cuernavaca.gob.mx\/wp-content\/uploads\/2022\/08\/Cabildo-abierto-La\u0301zaro-Ca\u0301rdenas-del-Ri\u0301o-04-300x200.jpg 300w, https:\/\/cuernavaca.gob.mx\/wp-content\/uploads\/2022\/08\/Cabildo-abierto-La\u0301zaro-Ca\u0301rdenas-del-Ri\u0301o-04-768x512.jpg 768w, https:\/\/cuernavaca.gob.mx\/wp-content\/uploads\/2022\/08\/Cabildo-abierto-La\u0301zaro-Ca\u0301rdenas-del-Ri\u0301o-04-600x400.jpg 600w, https:\/\/cuernavaca.gob.mx\/wp-content\/uploads\/2022\/08\/Cabildo-abierto-La\u0301zaro-Ca\u0301rdenas-del-Ri\u0301o-04-560x373.jpg 560w, https:\/\/cuernavaca.gob.mx\/wp-content\/uploads\/2022\/08\/Cabildo-abierto-La\u0301zaro-Ca\u0301rdenas-del-Ri\u0301o-04.jpg 1280w\" sizes=\"(max-width: 1024px) 100vw, 1024px\" \/><\/figure>\n\n\n\n<figure class=\"wp-block-image size-large\"><img loading=\"lazy\" width=\"1024\" height=\"682\" data-id=\"17840\"  src=\"https:\/\/cuernavaca.gob.mx\/wp-content\/uploads\/2022\/08\/Cabildo-abierto-La\u0301zaro-Ca\u0301rdenas-del-Ri\u0301o-05-1024x682.jpg\" alt=\"\" class=\"wp-image-17840\" srcset=\"https:\/\/cuernavaca.gob.mx\/wp-content\/uploads\/2022\/08\/Cabildo-abierto-La\u0301zaro-Ca\u0301rdenas-del-Ri\u0301o-05-1024x682.jpg 1024w, https:\/\/cuernavaca.gob.mx\/wp-content\/uploads\/2022\/08\/Cabildo-abierto-La\u0301zaro-Ca\u0301rdenas-del-Ri\u0301o-05-300x200.jpg 300w, https:\/\/cuernavaca.gob.mx\/wp-content\/uploads\/2022\/08\/Cabildo-abierto-La\u0301zaro-Ca\u0301rdenas-del-Ri\u0301o-05-768x512.jpg 768w, https:\/\/cuernavaca.gob.mx\/wp-content\/uploads\/2022\/08\/Cabildo-abierto-La\u0301zaro-Ca\u0301rdenas-del-Ri\u0301o-05-600x400.jpg 600w, https:\/\/cuernavaca.gob.mx\/wp-content\/uploads\/2022\/08\/Cabildo-abierto-La\u0301zaro-Ca\u0301rdenas-del-Ri\u0301o-05-560x373.jpg 560w, https:\/\/cuernavaca.gob.mx\/wp-content\/uploads\/2022\/08\/Cabildo-abierto-La\u0301zaro-Ca\u0301rdenas-del-Ri\u0301o-05.jpg 1280w\" sizes=\"(max-width: 1024px) 100vw, 1024px\" \/><\/figure>\n\n\n\n<figure class=\"wp-block-image size-large\"><img loading=\"lazy\" width=\"1024\" height=\"682\" data-id=\"17839\"  src=\"https:\/\/cuernavaca.gob.mx\/wp-content\/uploads\/2022\/08\/Cabildo-abierto-La\u0301zaro-Ca\u0301rdenas-del-Ri\u0301o-06-1024x682.jpg\" alt=\"\" class=\"wp-image-17839\" srcset=\"https:\/\/cuernavaca.gob.mx\/wp-content\/uploads\/2022\/08\/Cabildo-abierto-La\u0301zaro-Ca\u0301rdenas-del-Ri\u0301o-06-1024x682.jpg 1024w, https:\/\/cuernavaca.gob.mx\/wp-content\/uploads\/2022\/08\/Cabildo-abierto-La\u0301zaro-Ca\u0301rdenas-del-Ri\u0301o-06-300x200.jpg 300w, https:\/\/cuernavaca.gob.mx\/wp-content\/uploads\/2022\/08\/Cabildo-abierto-La\u0301zaro-Ca\u0301rdenas-del-Ri\u0301o-06-768x512.jpg 768w, https:\/\/cuernavaca.gob.mx\/wp-content\/uploads\/2022\/08\/Cabildo-abierto-La\u0301zaro-Ca\u0301rdenas-del-Ri\u0301o-06-600x400.jpg 600w, https:\/\/cuernavaca.gob.mx\/wp-content\/uploads\/2022\/08\/Cabildo-abierto-La\u0301zaro-Ca\u0301rdenas-del-Ri\u0301o-06-560x373.jpg 560w, https:\/\/cuernavaca.gob.mx\/wp-content\/uploads\/2022\/08\/Cabildo-abierto-La\u0301zaro-Ca\u0301rdenas-del-Ri\u0301o-06.jpg 1280w\" sizes=\"(max-width: 1024px) 100vw, 1024px\" \/><\/figure>\n\n\n\n<figure class=\"wp-block-image size-large\"><img loading=\"lazy\" width=\"1024\" height=\"682\" data-id=\"17845\"  src=\"https:\/\/cuernavaca.gob.mx\/wp-content\/uploads\/2022\/08\/Cabildo-abierto-La\u0301zaro-Ca\u0301rdenas-del-Ri\u0301o-07-1024x682.jpg\" alt=\"\" class=\"wp-image-17845\" srcset=\"https:\/\/cuernavaca.gob.mx\/wp-content\/uploads\/2022\/08\/Cabildo-abierto-La\u0301zaro-Ca\u0301rdenas-del-Ri\u0301o-07-1024x682.jpg 1024w, https:\/\/cuernavaca.gob.mx\/wp-content\/uploads\/2022\/08\/Cabildo-abierto-La\u0301zaro-Ca\u0301rdenas-del-Ri\u0301o-07-300x200.jpg 300w, https:\/\/cuernavaca.gob.mx\/wp-content\/uploads\/2022\/08\/Cabildo-abierto-La\u0301zaro-Ca\u0301rdenas-del-Ri\u0301o-07-768x512.jpg 768w, https:\/\/cuernavaca.gob.mx\/wp-content\/uploads\/2022\/08\/Cabildo-abierto-La\u0301zaro-Ca\u0301rdenas-del-Ri\u0301o-07-600x400.jpg 600w, https:\/\/cuernavaca.gob.mx\/wp-content\/uploads\/2022\/08\/Cabildo-abierto-La\u0301zaro-Ca\u0301rdenas-del-Ri\u0301o-07-560x373.jpg 560w, https:\/\/cuernavaca.gob.mx\/wp-content\/uploads\/2022\/08\/Cabildo-abierto-La\u0301zaro-Ca\u0301rdenas-del-Ri\u0301o-07.jpg 1280w\" sizes=\"(max-width: 1024px) 100vw, 1024px\" \/><\/figure>\n\n\n\n<figure class=\"wp-block-image size-large\"><img loading=\"lazy\" width=\"1024\" height=\"682\" data-id=\"17842\"  src=\"https:\/\/cuernavaca.gob.mx\/wp-content\/uploads\/2022\/08\/Cabildo-abierto-La\u0301zaro-Ca\u0301rdenas-del-Ri\u0301o-08-1024x682.jpg\" alt=\"\" class=\"wp-image-17842\" srcset=\"https:\/\/cuernavaca.gob.mx\/wp-content\/uploads\/2022\/08\/Cabildo-abierto-La\u0301zaro-Ca\u0301rdenas-del-Ri\u0301o-08-1024x682.jpg 1024w, https:\/\/cuernavaca.gob.mx\/wp-content\/uploads\/2022\/08\/Cabildo-abierto-La\u0301zaro-Ca\u0301rdenas-del-Ri\u0301o-08-300x200.jpg 300w, https:\/\/cuernavaca.gob.mx\/wp-content\/uploads\/2022\/08\/Cabildo-abierto-La\u0301zaro-Ca\u0301rdenas-del-Ri\u0301o-08-768x512.jpg 768w, https:\/\/cuernavaca.gob.mx\/wp-content\/uploads\/2022\/08\/Cabildo-abierto-La\u0301zaro-Ca\u0301rdenas-del-Ri\u0301o-08-600x400.jpg 600w, https:\/\/cuernavaca.gob.mx\/wp-content\/uploads\/2022\/08\/Cabildo-abierto-La\u0301zaro-Ca\u0301rdenas-del-Ri\u0301o-08-560x373.jpg 560w, https:\/\/cuernavaca.gob.mx\/wp-content\/uploads\/2022\/08\/Cabildo-abierto-La\u0301zaro-Ca\u0301rdenas-del-Ri\u0301o-08.jpg 1280w\" sizes=\"(max-width: 1024px) 100vw, 1024px\" \/><\/figure>\n\n\n\n<figure class=\"wp-block-image size-large\"><img loading=\"lazy\" width=\"1024\" height=\"682\" data-id=\"17844\"  src=\"https:\/\/cuernavaca.gob.mx\/wp-content\/uploads\/2022\/08\/Cabildo-abierto-La\u0301zaro-Ca\u0301rdenas-del-Ri\u0301o-09-1024x682.jpg\" alt=\"\" class=\"wp-image-17844\" srcset=\"https:\/\/cuernavaca.gob.mx\/wp-content\/uploads\/2022\/08\/Cabildo-abierto-La\u0301zaro-Ca\u0301rdenas-del-Ri\u0301o-09-1024x682.jpg 1024w, https:\/\/cuernavaca.gob.mx\/wp-content\/uploads\/2022\/08\/Cabildo-abierto-La\u0301zaro-Ca\u0301rdenas-del-Ri\u0301o-09-300x200.jpg 300w, https:\/\/cuernavaca.gob.mx\/wp-content\/uploads\/2022\/08\/Cabildo-abierto-La\u0301zaro-Ca\u0301rdenas-del-Ri\u0301o-09-768x512.jpg 768w, https:\/\/cuernavaca.gob.mx\/wp-content\/uploads\/2022\/08\/Cabildo-abierto-La\u0301zaro-Ca\u0301rdenas-del-Ri\u0301o-09-600x400.jpg 600w, https:\/\/cuernavaca.gob.mx\/wp-content\/uploads\/2022\/08\/Cabildo-abierto-La\u0301zaro-Ca\u0301rdenas-del-Ri\u0301o-09-560x373.jpg 560w, https:\/\/cuernavaca.gob.mx\/wp-content\/uploads\/2022\/08\/Cabildo-abierto-La\u0301zaro-Ca\u0301rdenas-del-Ri\u0301o-09.jpg 1280w\" sizes=\"(max-width: 1024px) 100vw, 1024px\" \/><\/figure>\n\n\n\n<figure class=\"wp-block-image size-large\"><img loading=\"lazy\" width=\"1024\" height=\"682\" data-id=\"17843\"  src=\"https:\/\/cuernavaca.gob.mx\/wp-content\/uploads\/2022\/08\/Cabildo-abierto-La\u0301zaro-Ca\u0301rdenas-del-Ri\u0301o-10-1024x682.jpg\" alt=\"\" class=\"wp-image-17843\" srcset=\"https:\/\/cuernavaca.gob.mx\/wp-content\/uploads\/2022\/08\/Cabildo-abierto-La\u0301zaro-Ca\u0301rdenas-del-Ri\u0301o-10-1024x682.jpg 1024w, https:\/\/cuernavaca.gob.mx\/wp-content\/uploads\/2022\/08\/Cabildo-abierto-La\u0301zaro-Ca\u0301rdenas-del-Ri\u0301o-10-300x200.jpg 300w, https:\/\/cuernavaca.gob.mx\/wp-content\/uploads\/2022\/08\/Cabildo-abierto-La\u0301zaro-Ca\u0301rdenas-del-Ri\u0301o-10-768x512.jpg 768w, https:\/\/cuernavaca.gob.mx\/wp-content\/uploads\/2022\/08\/Cabildo-abierto-La\u0301zaro-Ca\u0301rdenas-del-Ri\u0301o-10-600x400.jpg 600w, https:\/\/cuernavaca.gob.mx\/wp-content\/uploads\/2022\/08\/Cabildo-abierto-La\u0301zaro-Ca\u0301rdenas-del-Ri\u0301o-10-560x373.jpg 560w, https:\/\/cuernavaca.gob.mx\/wp-content\/uploads\/2022\/08\/Cabildo-abierto-La\u0301zaro-Ca\u0301rdenas-del-Ri\u0301o-10.jpg 1280w\" sizes=\"(max-width: 1024px) 100vw, 1024px\" \/><\/figure>\n\n\n\n<figure class=\"wp-block-image size-large\"><img loading=\"lazy\" width=\"1024\" height=\"682\" data-id=\"17846\"  src=\"https:\/\/cuernavaca.gob.mx\/wp-content\/uploads\/2022\/08\/Cabildo-abierto-La\u0301zaro-Ca\u0301rdenas-del-Ri\u0301o-11-1024x682.jpg\" alt=\"\" class=\"wp-image-17846\" srcset=\"https:\/\/cuernavaca.gob.mx\/wp-content\/uploads\/2022\/08\/Cabildo-abierto-La\u0301zaro-Ca\u0301rdenas-del-Ri\u0301o-11-1024x682.jpg 1024w, https:\/\/cuernavaca.gob.mx\/wp-content\/uploads\/2022\/08\/Cabildo-abierto-La\u0301zaro-Ca\u0301rdenas-del-Ri\u0301o-11-300x200.jpg 300w, https:\/\/cuernavaca.gob.mx\/wp-content\/uploads\/2022\/08\/Cabildo-abierto-La\u0301zaro-Ca\u0301rdenas-del-Ri\u0301o-11-768x512.jpg 768w, https:\/\/cuernavaca.gob.mx\/wp-content\/uploads\/2022\/08\/Cabildo-abierto-La\u0301zaro-Ca\u0301rdenas-del-Ri\u0301o-11-600x400.jpg 600w, https:\/\/cuernavaca.gob.mx\/wp-content\/uploads\/2022\/08\/Cabildo-abierto-La\u0301zaro-Ca\u0301rdenas-del-Ri\u0301o-11-560x373.jpg 560w, https:\/\/cuernavaca.gob.mx\/wp-content\/uploads\/2022\/08\/Cabildo-abierto-La\u0301zaro-Ca\u0301rdenas-del-Ri\u0301o-11.jpg 1280w\" sizes=\"(max-width: 1024px) 100vw, 1024px\" \/><\/figure>\n<\/figure>\n","protected":false},"excerpt":{"rendered":"<p>Como ocurre cada mes desde el inicio de la presente administraci\u00f3n, integrantes del Cabildo y Gabinete atendieron peticiones ciudadanas de viva voz por vecinos de la delegaci\u00f3n L\u00e1zaro C\u00e1rdenas del R\u00edo El presidente municipal Jos\u00e9 Luis Uri\u00f3stegui dio a conocer el proyecto integral de regularizaci\u00f3n y delimitaci\u00f3n de colonias, mediante el cual podr\u00e1n destinar inversi\u00f3n [&hellip;]<\/p>\n","protected":false},"author":1,"featured_media":17838,"comment_status":"closed","ping_status":"closed","sticky":false,"template":"","format":"standard","meta":[],"categories":[20],"tags":[158,875,1007,121,2203,129,120,2202,567],"aioseo_notices":[],"_links":{"self":[{"href":"https:\/\/cuernavaca.gob.mx\/index.php?rest_route=\/wp\/v2\/posts\/17835"}],"collection":[{"href":"https:\/\/cuernavaca.gob.mx\/index.php?rest_route=\/wp\/v2\/posts"}],"about":[{"href":"https:\/\/cuernavaca.gob.mx\/index.php?rest_route=\/wp\/v2\/types\/post"}],"author":[{"embeddable":true,"href":"https:\/\/cuernavaca.gob.mx\/index.php?rest_route=\/wp\/v2\/users\/1"}],"replies":[{"embeddable":true,"href":"https:\/\/cuernavaca.gob.mx\/index.php?rest_route=%2Fwp%2Fv2%2Fcomments&post=17835"}],"version-history":[{"count":1,"href":"https:\/\/cuernavaca.gob.mx\/index.php?rest_route=\/wp\/v2\/posts\/17835\/revisions"}],"predecessor-version":[{"id":17847,"href":"https:\/\/cuernavaca.gob.mx\/index.php?rest_route=\/wp\/v2\/posts\/17835\/revisions\/17847"}],"wp:featuredmedia":[{"embeddable":true,"href":"https:\/\/cuernavaca.gob.mx\/index.php?rest_route=\/wp\/v2\/media\/17838"}],"wp:attachment":[{"href":"https:\/\/cuernavaca.gob.mx\/index.php?rest_route=%2Fwp%2Fv2%2Fmedia&parent=17835"}],"wp:term":[{"taxonomy":"category","embeddable":true,"href":"https:\/\/cuernavaca.gob.mx\/index.php?rest_route=%2Fwp%2Fv2%2Fcategories&post=17835"},{"taxonomy":"post_tag","embeddable":true,"href":"https:\/\/cuernavaca.gob.mx\/index.php?rest_route=%2Fwp%2Fv2%2Ftags&post=17835"}],"curies":[{"name":"wp","href":"https:\/\/api.w.org\/{rel}","templated":true}]}}